{"id":16885,"date":"2019-10-17T00:53:48","date_gmt":"2019-10-16T22:53:48","guid":{"rendered":"https:\/\/www.lintelligentdabidjan.info\/news\/?p=16885"},"modified":"2019-10-17T00:54:08","modified_gmt":"2019-10-16T22:54:08","slug":"le-maire-hamed-bakayoko-a-des-hommes-de-dieu-quand-on-vit-en-paix-tout-est-possible-je-suis-tres-sensible-a-vos-prieres-pour-la-paix","status":"publish","type":"post","link":"https:\/\/www.lintelligentdabidjan.info\/news\/le-maire-hamed-bakayoko-a-des-hommes-de-dieu-quand-on-vit-en-paix-tout-est-possible-je-suis-tres-sensible-a-vos-prieres-pour-la-paix\/","title":{"rendered":"Le maire Hamed Bakayoko \u00e0 des hommes de Dieu :\u201cQuand on vit en paix, tout est possible (\u2026) Je suis tr\u00e8s sensible \u00e0 vos pri\u00e8res pour la paix\u201d"},"content":{"rendered":"<p><em><strong>Le mercredi 16 octobre 2019, a eu lieu une rencontre entre le  maire d\u2019Abobo, le ministre d\u2019\u00c9tat Hamed Bakayoko et  l\u2019Union des pasteurs d\u2019Abobo \u00e0 la mairie  de cette commune.<\/strong><\/em><\/p>\n<p>Plusieurs hommes de Dieu et pr\u00e9sidents de f\u00e9d\u00e9rations et d\u2019\u00e9glises de C\u00f4te d\u2019Ivoire, de la commune d\u2019Abobo, dont le R\u00e9v\u00e9rend-pasteur Makosso Camille, ont pris part \u00e0 cette rencontre. Apr\u00e8s avoir remerci\u00e9 les pasteurs qui \u00e9taient plus de 120 pour \u2018\u2019l\u2019encadrement moral\u2019\u2019 des populations, Hamed Bakayoko a dit : \u00abJe sais votre place dans la commune et m\u00eame dans le pays. En tant que maire, je n\u2019ai pas besoin d\u2019avoir une opinion ou une adh\u00e9sion pour vous aider, et vous accompagner. Ce qui est important pour moi, c\u2019est que chacun de vous est le guide spirituel d\u2019un de mes administr\u00e9s \u00bb. Poursuivant, le ministre d\u2019\u00c9tat a ajout\u00e9 : \u00ab Je vous invite \u00e0 faire en sorte que votre r\u00f4le soit positif, qui aide nos compatriotes. Il ne faut pas qu\u2019un pasteur, au nom d\u2019une parole de laquelle il est investi, entra\u00eene  les gens dans des conflits. C\u2019est pourquoi je suis tr\u00e8s sensible \u00e0 vos pri\u00e8res pour la paix dans le pays. Quand on vit en paix, tout est possible. Nous ne sommes plus dans l\u2019autodestruction. On ne peut pas \u00eatre un homme de Dieu et pr\u00f4ner autre chose que l\u2019amour du prochain. Je vous invite \u00e0 encadrer vos fid\u00e8les dans le respect de vos convictions, mais en respectant aussi celle des autres. L\u2019exclusionnisme religieux n\u2019est pas bon\u00bb.<br \/>\nAuparavant le  porte-parole des pasteurs, le r\u00e9v\u00e9rend pasteur Makosso Camille  a  salu\u00e9 le travail abattu  par le  maire Hamed Bakayoko dans la commune depuis son \u00e9lection. Il a cit\u00e9 le ph\u00e9nom\u00e8ne des microbes qui a baiss\u00e9 en dehors des cas isol\u00e9s. Il a indiqu\u00e9 que les grands travaux sont visibles et que la r\u00e9novation de la mairie en est la preuve vivante. <\/p>\n<p>Le r\u00e9v\u00e9rend pasteur a dit voir un maire concentr\u00e9  pleinement sur le plan social pr\u00eat \u00e0 se sacrifier pour ses populations. Avant d\u2019ajouter que  le d\u00e9ferlement humain  devant la mairie \u00e0  chacune de  son   arriv\u00e9e  prouve que   les  gens se reconnaissent en lui.<br \/>\nLes hommes de Dieu ont remis la somme de 2 millions 500 mille au maire pour alimenter la caisse du service social afin de r\u00e9pondre aux besoins des populations. \u00ab Oui, nous obtenons des offrandes dans nos \u00e9glises. Oui, nous encaissons les d\u00eemes tous les dimanches. Mais si les pasteurs n\u2019ont pas la capacit\u00e9 d\u2019aider la population, c\u2019est que nous les pasteurs devenons les sorciers du pays \u00bb, a dit le R\u00e9v\u00e9rend-pasteur Makosso Camille  .  Ils  ont \u00e9galement sollicit\u00e9 le parrainage du Maire Hamed Bakayoko pour le 1er  Congr\u00e8s National des Pasteurs de C\u00f4te d&#8217;Ivoire qui se d\u00e9roulera fin novembre 2019.<\/p>\n<p><strong>TAB avec KN<\/strong><\/p>\n","protected":false},"excerpt":{"rendered":"<p>Le mercredi 16 octobre 2019, a eu lieu une rencontre entre le maire d\u2019Abobo, le ministre d\u2019\u00c9tat Hamed Bakayoko et l\u2019Union des pasteurs d\u2019Abobo \u00e0 la mairie de cette commune. Plusieurs hommes de Dieu et pr\u00e9sidents de f\u00e9d\u00e9rations et d\u2019\u00e9glises de C\u00f4te d\u2019Ivoire, de la commune d\u2019Abobo, dont le R\u00e9v\u00e9rend-pasteur Makosso Camille, ont pris part [&hellip;]<\/p>\n","protected":false},"author":3,"featured_media":16886,"comment_status":"closed","ping_status":"closed","sticky":false,"template":"","format":"standard","meta":{"_monsterinsights_skip_tracking":false,"_monsterinsights_sitenote_active":false,"_monsterinsights_sitenote_note":"","_monsterinsights_sitenote_category":0,"footnotes":""},"categories":[2,3],"tags":[],"class_list":["post-16885","post","type-post","status-publish","format-standard","has-post-thumbnail","hentry","category-featured","category-societe"],"_links":{"self":[{"href":"https:\/\/www.lintelligentdabidjan.info\/news\/wp-json\/wp\/v2\/posts\/16885","targetHints":{"allow":["GET"]}}],"collection":[{"href":"https:\/\/www.lintelligentdabidjan.info\/news\/wp-json\/wp\/v2\/posts"}],"about":[{"href":"https:\/\/www.lintelligentdabidjan.info\/news\/wp-json\/wp\/v2\/types\/post"}],"author":[{"embeddable":true,"href":"https:\/\/www.lintelligentdabidjan.info\/news\/wp-json\/wp\/v2\/users\/3"}],"replies":[{"embeddable":true,"href":"https:\/\/www.lintelligentdabidjan.info\/news\/wp-json\/wp\/v2\/comments?post=16885"}],"version-history":[{"count":1,"href":"https:\/\/www.lintelligentdabidjan.info\/news\/wp-json\/wp\/v2\/posts\/16885\/revisions"}],"predecessor-version":[{"id":16887,"href":"https:\/\/www.lintelligentdabidjan.info\/news\/wp-json\/wp\/v2\/posts\/16885\/revisions\/16887"}],"wp:featuredmedia":[{"embeddable":true,"href":"https:\/\/www.lintelligentdabidjan.info\/news\/wp-json\/wp\/v2\/media\/16886"}],"wp:attachment":[{"href":"https:\/\/www.lintelligentdabidjan.info\/news\/wp-json\/wp\/v2\/media?parent=16885"}],"wp:term":[{"taxonomy":"category","embeddable":true,"href":"https:\/\/www.lintelligentdabidjan.info\/news\/wp-json\/wp\/v2\/categories?post=16885"},{"taxonomy":"post_tag","embeddable":true,"href":"https:\/\/www.lintelligentdabidjan.info\/news\/wp-json\/wp\/v2\/tags?post=16885"}],"curies":[{"name":"wp","href":"https:\/\/api.w.org\/{rel}","templated":true}]}}