{"id":16901,"date":"2019-10-18T00:31:43","date_gmt":"2019-10-17T22:31:43","guid":{"rendered":"https:\/\/www.lintelligentdabidjan.info\/news\/?p=16901"},"modified":"2019-10-18T00:32:02","modified_gmt":"2019-10-17T22:32:02","slug":"conseil-executif-de-lunesco-a-pariskandia-camara-presente-le-bilan-du-mandat-ivoirien","status":"publish","type":"post","link":"https:\/\/www.lintelligentdabidjan.info\/news\/conseil-executif-de-lunesco-a-pariskandia-camara-presente-le-bilan-du-mandat-ivoirien\/","title":{"rendered":"Conseil ex\u00e9cutif de l\u2019Unesco \u00e0 Paris:Kandia Camara pr\u00e9sente le bilan du mandat ivoirien"},"content":{"rendered":"<p><em><strong>Kandia Camara, ministre de l\u2019\u00c9ducation nationale, de l\u2019Enseignement technique et de la Formation professionnelle a conduit une d\u00e9l\u00e9gation au nom de la C\u00f4te d\u2019Ivoire \u00e0 la 207e session du Conseil Ex\u00e9cutif de l&#8217;Unesco qui se tient \u00e0 Paris, du 09 au 23 Octobre 2019.<\/strong><\/em><\/p>\n<p>Au cours de cette session qui marque la fin du mandat de la C\u00f4te d\u2019Ivoire au sein de cette instance de l\u2019organisation, Kandia Camara, Pr\u00e9sidente de la Commission nationale ivoirienne pour l\u2019Unesco et d\u00e9l\u00e9gu\u00e9e de la C\u00f4te d\u2019Ivoire au Conseil Ex\u00e9cutif, a prononc\u00e9 une d\u00e9claration articul\u00e9e autour du bilan et des perspectives de la coop\u00e9ration avec l\u2019Unesco.<br \/>\nLes acquis sont entre autres, le programme post-conflit dont a b\u00e9n\u00e9fici\u00e9 la C\u00f4te d\u2019Ivoire, le soutien \u00e0 l\u2019alphab\u00e9tisation, l\u2019inscription de la danse Zaouli au patrimoine mondial, l\u2019organisation de la 6e \u00e9dition d\u2019AfriMAB \u00e0 Abidjan, l\u2019accord pour la cr\u00e9ation d\u2019une  l\u2019\u00e9cole de la PAIX \u00e0 la Fondation F\u00e9lix Houphou\u00ebt Boigny pour la recherche de la paix, etc.<\/p>\n<p>En termes de perspectives, elle a mis l\u2019accent sur deux projets soumis par la C\u00f4te d\u2019Ivoire et qu\u2019elle souhaiterait voir l\u2019UNESCO s\u2019approprier en les adoptant lors de ses prochaines sessions.<br \/>\nIl s\u2019agit d\u2019une part, des principes d\u2019Abidjan sur le droit \u00e0 l\u2019\u00e9ducation adopt\u00e9 par consensus par le Conseil des droits de l\u2019homme des Nations unis \u00e0 Gen\u00e8ve, en juin 2019. Et d\u2019autre part, d\u2019un projet de programme d\u2019urgence sp\u00e9cial pour la pr\u00e9servation des rivi\u00e8res, des fleuves, et des mers d\u2019Afrique.<br \/>\nLa ministre  n\u2019a pas omis, dans son intervention, de t\u00e9moigner de la gratitude du Gouvernement ivoirien \u00e0 l\u2019endroit du groupe Afrique, qui a soutenu et port\u00e9 sa candidature au Conseil Ex\u00e9cutif en 2015.<br \/>\nIl est important de noter que lors des s\u00e9ances pl\u00e9ni\u00e8res de cette 207e session du Conseil Ex\u00e9cutif, la C\u00f4te d\u2019Ivoire a fait l\u2019objet d\u2019une attention particuli\u00e8re de la part de la Directrice G\u00e9n\u00e9rale de l\u2019organisation ainsi que des autres membres du Conseil dont son pr\u00e9sident, Monsieur LEE Byong-yum. Ce dernier, tout en adressant ses f\u00e9licitations \u00e0 la C\u00f4te d\u2019Ivoire pour sa brillante participation aux travaux de cet organe, les 4 ann\u00e9es de son mandat, a souhait\u00e9 un prompt retour de la C\u00f4te d\u2019Ivoire au sein du Conseil Ex\u00e9cutif.<br \/>\nEn marge des travaux,  Kandia Camara  a eu des entretiens avec Edourd Firmin Makoto, Sous-Directeur G\u00e9n\u00e9ral de l\u2019Unesco pour le d\u00e9partement Afrique. Avec ce dernier, il \u00e9t\u00e9 question de l\u2019organisation de la remise prochaine du prochain Prix Felix Houphou\u00ebt Boigny pour la Recherche de la paix.<\/p>\n<p><strong>EF avec Sercom MENETFP<\/strong><\/p>\n","protected":false},"excerpt":{"rendered":"<p>Kandia Camara, ministre de l\u2019\u00c9ducation nationale, de l\u2019Enseignement technique et de la Formation professionnelle a conduit une d\u00e9l\u00e9gation au nom de la C\u00f4te d\u2019Ivoire \u00e0 la 207e session du Conseil Ex\u00e9cutif de l&#8217;Unesco qui se tient \u00e0 Paris, du 09 au 23 Octobre 2019. Au cours de cette session qui marque la fin du mandat [&hellip;]<\/p>\n","protected":false},"author":3,"featured_media":16902,"comment_status":"closed","ping_status":"closed","sticky":false,"template":"","format":"standard","meta":{"_monsterinsights_skip_tracking":false,"_monsterinsights_sitenote_active":false,"_monsterinsights_sitenote_note":"","_monsterinsights_sitenote_category":0,"footnotes":""},"categories":[2,21],"tags":[],"class_list":["post-16901","post","type-post","status-publish","format-standard","has-post-thumbnail","hentry","category-featured","category-international"],"_links":{"self":[{"href":"https:\/\/www.lintelligentdabidjan.info\/news\/wp-json\/wp\/v2\/posts\/16901","targetHints":{"allow":["GET"]}}],"collection":[{"href":"https:\/\/www.lintelligentdabidjan.info\/news\/wp-json\/wp\/v2\/posts"}],"about":[{"href":"https:\/\/www.lintelligentdabidjan.info\/news\/wp-json\/wp\/v2\/types\/post"}],"author":[{"embeddable":true,"href":"https:\/\/www.lintelligentdabidjan.info\/news\/wp-json\/wp\/v2\/users\/3"}],"replies":[{"embeddable":true,"href":"https:\/\/www.lintelligentdabidjan.info\/news\/wp-json\/wp\/v2\/comments?post=16901"}],"version-history":[{"count":1,"href":"https:\/\/www.lintelligentdabidjan.info\/news\/wp-json\/wp\/v2\/posts\/16901\/revisions"}],"predecessor-version":[{"id":16903,"href":"https:\/\/www.lintelligentdabidjan.info\/news\/wp-json\/wp\/v2\/posts\/16901\/revisions\/16903"}],"wp:featuredmedia":[{"embeddable":true,"href":"https:\/\/www.lintelligentdabidjan.info\/news\/wp-json\/wp\/v2\/media\/16902"}],"wp:attachment":[{"href":"https:\/\/www.lintelligentdabidjan.info\/news\/wp-json\/wp\/v2\/media?parent=16901"}],"wp:term":[{"taxonomy":"category","embeddable":true,"href":"https:\/\/www.lintelligentdabidjan.info\/news\/wp-json\/wp\/v2\/categories?post=16901"},{"taxonomy":"post_tag","embeddable":true,"href":"https:\/\/www.lintelligentdabidjan.info\/news\/wp-json\/wp\/v2\/tags?post=16901"}],"curies":[{"name":"wp","href":"https:\/\/api.w.org\/{rel}","templated":true}]}}