{"id":17071,"date":"2019-10-25T08:14:51","date_gmt":"2019-10-25T06:14:51","guid":{"rendered":"https:\/\/www.lintelligentdabidjan.info\/news\/?p=17071"},"modified":"2019-10-25T09:01:55","modified_gmt":"2019-10-25T07:01:55","slug":"soro-trahi-par-gbagbo-proces-de-ouattara-et-verites-a-jeune-afrique-diner-a-paris-avec-journalistes","status":"publish","type":"post","link":"https:\/\/www.lintelligentdabidjan.info\/news\/soro-trahi-par-gbagbo-proces-de-ouattara-et-verites-a-jeune-afrique-diner-a-paris-avec-journalistes\/","title":{"rendered":"Soro trahi par Gbagbo, proc\u00e8s de Ouattara et v\u00e9rit\u00e9s \u00e0  Jeune Afrique (d\u00eener \u00e0 Paris avec journalistes)"},"content":{"rendered":"<p><em><strong>Le mercredi 23 octobre 2019, dans un restaurant du 13 rue de la Paix dans le deuxi\u00e8me arrondissement \u00e0 Paris, Guillaume Soro a d\u00een\u00e9 avec une quinzaine de journalistes exer\u00e7ant dans des r\u00e9dactions dans la capitale fran\u00e7aise.. <\/strong><\/em><\/p>\n<p>Lors de son propos liminaire, Soro Kigbafori Guillaume, n\u00e9o candidat d\u00e9clar\u00e9 \u00e0 la pr\u00e9sidentielle ivoirienne, a indiqu\u00e9  que le pr\u00e9sident Alassane Ouattara \u00e9tait un homme du pass\u00e9 : \u00ab Ouattara, c\u2019est du pass\u00e9, il ne va plus se repr\u00e9senter \u00bb.  <\/p>\n<p><strong>Pourquoi d\u00e9clarer sa candidature \u00e0 Valence en Espagne et non en C\u00f4te d\u2019Ivoire ?<\/strong><\/p>\n<p>Le patron de G\u00e9n\u00e9rations et Peuples Solidaires (GPS) a rappel\u00e9 \u00e0 ses convives qu\u2019il n\u2019avait pas annonc\u00e9 sa candidature sur France 24 et RFI, mais plut\u00f4t \u00e0 Valence apr\u00e8s son \u2018\u2019souci\u2019\u2019 \u00e0 son h\u00f4tel de Barcelone. <\/p>\n<p>Selon lui, c\u2019est justement pour \u00e9voquer les circonstances de la situation v\u00e9cue dans la capitale catalane espagnole qu\u2019il avait accept\u00e9 l\u2019invitation de deux m\u00e9dias pr\u00e9cit\u00e9s, et non pour annoncer une candidature qui l\u2019avait \u00e9t\u00e9  quelques jours plus t\u00f4t. <\/p>\n<p>Il a laiss\u00e9 entendre qu\u2019il il est pr\u00e9vu une d\u00e9claration officielle et solennelle de candidature \u00e0 l\u2019\u00e9lection pr\u00e9sidentielle de 2020 d\u00e8s son retour en C\u00f4te d\u2019Ivoire d\u00e9but novembre 2019 ( 9 novembre 2019 ), m\u00eame si c\u2019est la date du dimanche 27 octobre 2019 au plus tard, qu\u2019il avait laiss\u00e9 entre lors de l\u2019interview sur France 24 et RFI.<\/p>\n<p>Revenant sur cet entretien conjoint accord\u00e9 \u00e0 France 24 et RFI, alors qu\u2019il lui a \u00e9t\u00e9 demand\u00e9 s\u2019il ne craignait pas d\u2019\u00eatre tax\u00e9 de l\u2019homme de la France-Afrique, avec l\u2019hommage rendu au d\u00e9funt pr\u00e9sident fran\u00e7ais Jacques Chirac, Guillaume Soro a r\u00e9pondu par la n\u00e9gative, et a retorqu\u00e9 qu\u2019on lui avait reproch\u00e9 de ne pas avoir rendu hommage \u00e0 Robert Mugab\u00e9 qu\u2019il ne connaissait pas. <\/p>\n<p>Il a ajout\u00e9 avoir bien connu Jacques Chirac qui a \u00e9t\u00e9 impliqu\u00e9 dans la gestion de la crise ivoirienne, et qu\u2019il a rencontr\u00e9 \u00e0 plusieurs reprises. Il a donc jug\u00e9 normal de lui rende hommage.  <\/p>\n<p><strong><br \/>\nAu sujet de ses relations avec ces \u00c9tats qui l\u2019ont soutenu \u00e0 un moment\u2026 <\/strong><\/p>\n<p>Guillaume Soro a indiqu\u00e9 qu\u2019il n\u2019a pas le droit de r\u00e9v\u00e9ler un certain nombre de choses au risque de mettre en difficult\u00e9 ses soutiens de l\u2019ext\u00e9rieur. \u00ab Cette r\u00e9ponse ne veut rien dire du tout \u00bb, a comment\u00e9 notre source pr\u00e9sente au d\u00eener. <\/p>\n<p><strong>Les oreilles de Jeune Afrique tir\u00e9es <\/strong><\/p>\n<p>Le pr\u00e9sident du GPS n\u2019aurait pas appr\u00e9ci\u00e9 deux passages d\u2019un article  de Jeune Afrique dans lesquels il est question d\u2019une \u2018\u2019myst\u00e9rieuse op\u00e9ration polici\u00e8re\u2019\u2019 au sujet de son arrestation manqu\u00e9e \u00e0 Barcelone. <\/p>\n<p>Une de nos sources a r\u00e9v\u00e9l\u00e9 que Guillaume Soro a estim\u00e9 que cette expression \u00e9tait de nature \u00e0 jeter un voile de doute sur le narratif du \u2018\u2019rescap\u00e9\u2019\u2019 qu\u2019il \u00e9tait. Un autre passage de l\u2019article lui pr\u00eatant une forte addiction \u00e0 l\u2019alcool, Guillaume Soro a r\u00e9gl\u00e9 ses comptes avec les journalistes de l\u2019hebdomadaire panafricain bas\u00e9 \u00e0 Paris.<\/p>\n<p><strong>La validation de la candidature de Ouattara\u2026et la sienne.<\/strong><\/p>\n<p>Pendant les \u00e9changes avec les journalistes, Guillaume Soro a insist\u00e9 pour dire qu\u2019il \u00e9tait celui qui avait particip\u00e9 le plus \u00e0 toutes les n\u00e9gociations et concertations concernant la crise ivoirienne. Cela faisait de lui l\u2019un des meilleurs sachants de la vie politique en C\u00f4te d\u2019Ivoire, m\u00eame s\u2019il lui est r\u00e9torqu\u00e9 souvent d\u2019\u00eatre le plus jeune, histoire de lui demander d\u2019attendre\u2026lui le \u2018\u2019doyen\u2019\u2019 des n\u00e9gociations, aurait-il dit. <\/p>\n<p>Il a rappel\u00e9 le contexte dans lequel la candidature du pr\u00e9sident Alassane Ouattara a \u00e9t\u00e9 valid\u00e9e ( ce qui \u00e9tait une exigence pour lui ) , les  \u00e9changes avec Thabo Mbeki, le fait que se soit lui qui ait exig\u00e9 que les Nations-Unis viennent\u2026.pour certifier les \u00e9lections de 2010. <\/p>\n<p><strong>En cas de rejet de sa candidature ?<\/strong><\/p>\n<p>Que ferait-il en cas de rejet de sa candidature ? Cette interrogation a pouss\u00e9 l\u2019ex ministre Affoussiata Bamba, une des plus proches conseill\u00e8res du Pr\u00e9sident du comit\u00e9 politique, a faire une mime qui est ainsi rapport\u00e9e et comment\u00e9e par une de nos sources  :  \u00ab Affoussiata Bamba a fait un geste que j\u2019ai trouv\u00e9 d\u00e9plac\u00e9. Elle tentait de montrer par ce geste que si jamais la candidature de Guillaume Soro \u00e9tait rejet\u00e9e, ils reprendraient les armes. Je n\u2019ai pas compris pourquoi elle le faisait, et cela semblait pourtant l\u2019amuser \u00bb.<\/p>\n<p><strong>L\u2019\u00e9pisode catalan<\/strong><\/p>\n<p>Aux dires d\u2019une autre source, Guillaume Soro, s\u2019est longuement expliqu\u00e9 sur la tentative d\u2019arrestation \u00e0 laquelle il a \u00e9chapp\u00e9. Il aurait m\u00eame montr\u00e9 sur son smartphone, les traces des \u00e9changes avec la secr\u00e9taire de l\u2019ambassadeur ivoirien en Espagne. Il a pr\u00e9cis\u00e9 que c\u2019est parce qu\u2019il  n\u2019arrivait pas \u00e0 avoir le patron de la mission diplomatique ivoirienne en Espagne qu\u2019il s\u2019est rabattu sur celui de l\u2019Espagne en C\u00f4te d\u2019Ivoire. <\/p>\n<p><strong>\u00ab C\u2019est Gbagbo qui m\u2019a trahi et d\u00e9\u00e7u\u2026 \u00bb<\/strong><\/p>\n<p>\u00c0 l\u2019\u00e9vocation d\u2019un sentiment de trahison \u00e0 l\u2019\u00e9gard de Laurent Gbagbo, Guillaume Soro a renvers\u00e9 les r\u00f4les : \u00ab C\u2019est Laurent Gbagbo qui m\u2019a trahi et d\u00e9\u00e7u \u00bb.<\/p>\n<p>\u00ab Je lui avait pr\u00e9sent\u00e9 Charles Bl\u00e9 Goud\u00e9 comme successeur, il m\u2019a donn\u00e9 sa parole et son accord de le soutenir. Mais apr\u00e8s, il a soutenu un autre candidat. Il m\u2019avait d\u00e9j\u00e0 d\u00e9\u00e7u l\u00e0. Ensuite en 2010, je lui avais demand\u00e9 de quitter le pouvoir, et qu\u2019il pourrait revenir en 2015, mais nous connaissons tous la suite. Je n\u2019ai donc pas trahi Laurent Gbagbo \u00bb, a d\u00e9clar\u00e9 celui qui \u00e9tait le premier ministre d\u2019Alassane Ouattara \u00e0 la chute de Laurent Gbagbo. <\/p>\n<p><strong>\u00ab Ouattara aussi m\u2019a trahi\u2026 \u00bb<\/strong><\/p>\n<p>Quand des journalistes \u00e9voquent qu\u2019il aurait trahi Alassane Ouattara, Guillaume Soro r\u00e9plique que non. Celui qui a pouss\u00e9 le fer pour que l\u2019actuel chef de l\u2019Ex\u00e9cutif ivoirien rentre dans l\u2019effectivit\u00e9 du pouvoir, a expliqu\u00e9 que Ouattara lui avait demand\u00e9 de dissoudre les Forces Nouvelles (FN). Et qu\u2019\u00e0 la suite de cela, il devait faire de lui le vice-pr\u00e9sident du RDR (rassemblement des r\u00e9publicains) au congr\u00e8s suivant. Mais contre toute attente, Ouattara lui avait demand\u00e9 de rendre la Primature qui revenait \u00e0 l\u2019\u00e9poque au PDCI, l\u2019alli\u00e9 politique d\u2019alors. <\/p>\n<p><strong>Des questions en suspens : quand parlera-t-il ses ivoiriens et aux ivoiriens <\/strong><\/p>\n<p>Le d\u00eener \u00e9tant destin\u00e9 \u00e0 des journalistes exer\u00e7ant sur la place parisienne, sp\u00e9cialis\u00e9s dans le traitement  des questions africaines, nous livrons ci-dessous nos pr\u00e9occupations et nos interrogations, en attendant une \u00e9ventuelle rencontre de Guillaume Soro avec des journalistes ivoiriens de France. <\/p>\n<p>\u00ab Depuis son d\u00e9part du perchoir de l\u2019h\u00e9micycle ivoirien, Guillaume Soro ne parle que de lui ! Ouattara n\u2019aurait pas \u00e9t\u00e9 reconnaissant \u00e0 son \u00e9gard, Ouattara serait m\u00e9chant avec lui, Ouattara s\u2019acharnerait  contre lui et ses proches. Tout le monde l\u2019aurait trahi ! Quand est-ce qu\u2019il sortira de ces r\u00e9criminations pour parler des Ivoiriens, de leurs quotidiens, de leur avenir ? Quelle est son offre politique en dehors de l\u2019ingratitude suppos\u00e9e de Ouattara \u00e0 son endroit ? Que propose-t-il \u00e0 ces Ivoiriens et \u00e0 ces Ivoiriennes qui r\u00e9clament Laurent Gbagbo qui l\u2019aurait \u00e9galement d\u00e9\u00e7u, selon lui ? En quoi est-il meilleur candidat que le candidat \u00e9ventuel du Pdci ? Pourquoi B\u00e9di\u00e9 qui est en rupture avec Ouattara, au nom de l\u2019alternance en faveur du Pdci, comprendrait qu\u2019il doit \u00eatre heureux que Guillaume Soro devienne pr\u00e9sident de la R\u00e9publique, apr\u00e8s une \u00e9ventuelle cuisante d\u00e9faite du Pdci Rda, et aussi du Rhdp, en 2020 ? \u00bb. <\/p>\n<p>En tout \u00e9tat de cause,  Guillaume Soro est attendu \u00e0 Abidjan et dans le pays profond, aussi bien par ses partisans , que par ses adversaires, pour lancer la grande bataille de la pr\u00e9sidentielle 2020, qui promet , malgr\u00e9 une CEI ( commission \u00e9lectorale ind\u00e9pendante ) qui va br\u00fbler le pays, selon ses propos sur France 24 et RFI. Il aura au moins pr\u00e9venu au sujet de la CEI\u2026<\/p>\n<p><strong>Jean-Paul Oro, \u00e0 Paris<\/strong><\/p>\n","protected":false},"excerpt":{"rendered":"<p>Le mercredi 23 octobre 2019, dans un restaurant du 13 rue de la Paix dans le deuxi\u00e8me arrondissement \u00e0 Paris, Guillaume Soro a d\u00een\u00e9 avec une quinzaine de journalistes exer\u00e7ant dans des r\u00e9dactions dans la capitale fran\u00e7aise.. Lors de son propos liminaire, Soro Kigbafori Guillaume, n\u00e9o candidat d\u00e9clar\u00e9 \u00e0 la pr\u00e9sidentielle ivoirienne, a indiqu\u00e9 que [&hellip;]<\/p>\n","protected":false},"author":3,"featured_media":17072,"comment_status":"closed","ping_status":"closed","sticky":false,"template":"","format":"standard","meta":{"_monsterinsights_skip_tracking":false,"_monsterinsights_sitenote_active":false,"_monsterinsights_sitenote_note":"","_monsterinsights_sitenote_category":0,"footnotes":""},"categories":[2,17],"tags":[],"class_list":["post-17071","post","type-post","status-publish","format-standard","has-post-thumbnail","hentry","category-featured","category-politique"],"_links":{"self":[{"href":"https:\/\/www.lintelligentdabidjan.info\/news\/wp-json\/wp\/v2\/posts\/17071","targetHints":{"allow":["GET"]}}],"collection":[{"href":"https:\/\/www.lintelligentdabidjan.info\/news\/wp-json\/wp\/v2\/posts"}],"about":[{"href":"https:\/\/www.lintelligentdabidjan.info\/news\/wp-json\/wp\/v2\/types\/post"}],"author":[{"embeddable":true,"href":"https:\/\/www.lintelligentdabidjan.info\/news\/wp-json\/wp\/v2\/users\/3"}],"replies":[{"embeddable":true,"href":"https:\/\/www.lintelligentdabidjan.info\/news\/wp-json\/wp\/v2\/comments?post=17071"}],"version-history":[{"count":3,"href":"https:\/\/www.lintelligentdabidjan.info\/news\/wp-json\/wp\/v2\/posts\/17071\/revisions"}],"predecessor-version":[{"id":17077,"href":"https:\/\/www.lintelligentdabidjan.info\/news\/wp-json\/wp\/v2\/posts\/17071\/revisions\/17077"}],"wp:featuredmedia":[{"embeddable":true,"href":"https:\/\/www.lintelligentdabidjan.info\/news\/wp-json\/wp\/v2\/media\/17072"}],"wp:attachment":[{"href":"https:\/\/www.lintelligentdabidjan.info\/news\/wp-json\/wp\/v2\/media?parent=17071"}],"wp:term":[{"taxonomy":"category","embeddable":true,"href":"https:\/\/www.lintelligentdabidjan.info\/news\/wp-json\/wp\/v2\/categories?post=17071"},{"taxonomy":"post_tag","embeddable":true,"href":"https:\/\/www.lintelligentdabidjan.info\/news\/wp-json\/wp\/v2\/tags?post=17071"}],"curies":[{"name":"wp","href":"https:\/\/api.w.org\/{rel}","templated":true}]}}