{"id":1713,"date":"2016-12-01T10:36:51","date_gmt":"2016-12-01T09:36:51","guid":{"rendered":"http:\/\/www.lintelligentdabidjan.info\/news\/?p=1713"},"modified":"2016-12-01T10:36:51","modified_gmt":"2016-12-01T09:36:51","slug":"violences-basees-sur-le-genre-vbg-les-acteurs-judiciaires-sensibilisent-pour-une-meilleure-prise-en-charge-des-concernees","status":"publish","type":"post","link":"https:\/\/www.lintelligentdabidjan.info\/news\/violences-basees-sur-le-genre-vbg-les-acteurs-judiciaires-sensibilisent-pour-une-meilleure-prise-en-charge-des-concernees\/","title":{"rendered":"Violences  bas\u00e9es sur le genre (VBG) : Les acteurs judiciaires sensibilisent pour une meilleure prise en charge des concern\u00e9es"},"content":{"rendered":"<p>Les violences bas\u00e9es sur le genre (VBG), qu\u2019elles soient commises en situation de guerre, de paix, de catastrophe naturelle ou post-conflit, interpellent de par leur gravit\u00e9, l\u2019ensemble des Etats.<!--more--><\/p>\n<p> En r\u00e9ponse \u00e0 ces formes de violences, la communaut\u00e9 internationale, pour laquelle leur \u00e9radication ou la r\u00e9duction de leur ampleur constitue une pr\u00e9occupation majeure, organise chaque ann\u00e9e du 25 novembre au 10 d\u00e9cembre, une campagne mondiale d\u00e9nomm\u00e9e \u2018\u2019 16 jours d\u2019activisme contre les VBG\u2019\u2019. La C\u00f4te d\u2019Ivoire n\u2019a pas d\u00e9rog\u00e9 \u00e0 cette r\u00e8gle mondiale. Ainsi, \u00e0 travers son minist\u00e8re de la Promotion de la femme, de la Famille et de l\u2019Enfant organise un atelier de sensibilisation d\u2019acteurs judiciaires pour une meilleure prise en charge des survivants de la violence bas\u00e9e sur le genre (VBG). Cette activit\u00e9 qui se tient du mercredi 30 novembre 2016 au  jeudi 1er d\u00e9cembre 2010,  \u00e0 la Maison de l\u2019entreprise \u00e0 Abidjan-Plateau, a la participation de plusieurs minist\u00e8res dont celui de l\u2019Int\u00e9rieur et de la s\u00e9curit\u00e9. L\u2019objectif de cet atelier est de contribuer au renforcement de la prise en charge judiciaire des survivants de VBG. C\u00e9cile Douk\u00e9hi K\u00e9hi, repr\u00e9sentant le ministre d\u2019Etat ministre de l\u2019Int\u00e9rieur et de la S\u00e9curit\u00e9, a soutenu que son d\u00e9partement est r\u00e9solument engag\u00e9 dans la lutte contre ces violences. Des  unit\u00e9s sp\u00e9ciales, \u00e0 l\u2019en croire, sont dans certains commissariats pour traquer les personnes qui sont responsables des VBG et progressivement d\u2019autres commissariats recevront ces unit\u00e9s sp\u00e9ciales. Le directeur de cabinet adjoint du minist\u00e8re de la Promotion de la Femme, de la Famille et de l\u2019Enfant, Kouakou N\u2019Guessan, a  quant \u00e0 lui, indiqu\u00e9 que les VBG constituent une violation du droit fondamental \u00e0 la vie, \u00e0 la libert\u00e9, la s\u00e9curit\u00e9 et \u00e0 la dignit\u00e9. Les victimes proviennent de toutes les couches professionnelles, mais, a-t-il pr\u00e9cis\u00e9, les femmes constituent une cible privil\u00e9gi\u00e9e. Ainsi pour ajouter solution \u00e0 cette probl\u00e9matique, le gouvernement a pris une s\u00e9rie de mesures avec pour objectifs de renforcer le cadre institutionnel et juridique, notamment : la cr\u00e9ation du comit\u00e9 national de lutte contre les violences faites aux femmes et aux enfants ainsi que la cellule op\u00e9rationnelle (\u2026) l\u2019adoption, le 5 septembre 2014, de la strat\u00e9gie nationale de lutte contre les VBG. \u00ab  Ce pr\u00e9sent atelier qui vient contribuer \u00e0 l\u2019approfondissement de la prise en charge judiciaire des survivantes des VBG, je reste convaincu qu\u2019il permettra d\u2019\u00e9largir les sillons d\u2019une soci\u00e9t\u00e9 plus juste et plus \u00e9quitable \u00bb, s\u2019est-il convaincu. Daniel Dobrovolej de Pro justice n\u2019a pas manqu\u00e9 de signifier que le difficile acc\u00e8s \u00e0 la justice des victimes de ces violences, constituent une r\u00e9alit\u00e9 importante contre laquelle tous doivent s\u2019\u00e9lever.  \u00ab  En C\u00f4te d\u2019Ivoire, la l\u00e9gislation r\u00e9pressive  des actes de violences sexuelles sont consid\u00e9r\u00e9s comme des crimes \u00bb, a dit Daniel Dobrovolej  qui a estim\u00e9 que cette l\u00e9gislation est parfois insuffisamment mise en \u0153uvre.<\/p>\n<p>HG<\/p>\n","protected":false},"excerpt":{"rendered":"<p>Les violences bas\u00e9es sur le genre (VBG), qu\u2019elles soient commises en situation de guerre, de paix, de catastrophe naturelle ou post-conflit, interpellent de par leur gravit\u00e9, l\u2019ensemble des Etats.<\/p>\n","protected":false},"author":2,"featured_media":0,"comment_status":"closed","ping_status":"closed","sticky":false,"template":"","format":"standard","meta":{"_monsterinsights_skip_tracking":false,"_monsterinsights_sitenote_active":false,"_monsterinsights_sitenote_note":"","_monsterinsights_sitenote_category":0,"footnotes":""},"categories":[3],"tags":[],"class_list":["post-1713","post","type-post","status-publish","format-standard","hentry","category-societe"],"_links":{"self":[{"href":"https:\/\/www.lintelligentdabidjan.info\/news\/wp-json\/wp\/v2\/posts\/1713","targetHints":{"allow":["GET"]}}],"collection":[{"href":"https:\/\/www.lintelligentdabidjan.info\/news\/wp-json\/wp\/v2\/posts"}],"about":[{"href":"https:\/\/www.lintelligentdabidjan.info\/news\/wp-json\/wp\/v2\/types\/post"}],"author":[{"embeddable":true,"href":"https:\/\/www.lintelligentdabidjan.info\/news\/wp-json\/wp\/v2\/users\/2"}],"replies":[{"embeddable":true,"href":"https:\/\/www.lintelligentdabidjan.info\/news\/wp-json\/wp\/v2\/comments?post=1713"}],"version-history":[{"count":1,"href":"https:\/\/www.lintelligentdabidjan.info\/news\/wp-json\/wp\/v2\/posts\/1713\/revisions"}],"predecessor-version":[{"id":1714,"href":"https:\/\/www.lintelligentdabidjan.info\/news\/wp-json\/wp\/v2\/posts\/1713\/revisions\/1714"}],"wp:attachment":[{"href":"https:\/\/www.lintelligentdabidjan.info\/news\/wp-json\/wp\/v2\/media?parent=1713"}],"wp:term":[{"taxonomy":"category","embeddable":true,"href":"https:\/\/www.lintelligentdabidjan.info\/news\/wp-json\/wp\/v2\/categories?post=1713"},{"taxonomy":"post_tag","embeddable":true,"href":"https:\/\/www.lintelligentdabidjan.info\/news\/wp-json\/wp\/v2\/tags?post=1713"}],"curies":[{"name":"wp","href":"https:\/\/api.w.org\/{rel}","templated":true}]}}