{"id":17149,"date":"2019-10-29T00:14:54","date_gmt":"2019-10-28T23:14:54","guid":{"rendered":"https:\/\/www.lintelligentdabidjan.info\/news\/?p=17149"},"modified":"2019-10-29T00:17:00","modified_gmt":"2019-10-28T23:17:00","slug":"kouame-loukou-leon-coordonnateur-associe-du-rhdp-pour-yamoussoukro-on-est-nombreux-mais-si-on-na-pas-de-papier-cest-zero","status":"publish","type":"post","link":"https:\/\/www.lintelligentdabidjan.info\/news\/kouame-loukou-leon-coordonnateur-associe-du-rhdp-pour-yamoussoukro-on-est-nombreux-mais-si-on-na-pas-de-papier-cest-zero\/","title":{"rendered":"Kouam\u00e9 Loukou L\u00e9on, coordonnateur-associ\u00e9 du RHDP pour Yamoussoukro :\u201cOn est nombreux,  mais si on n\u2019a pas  de papier, c\u2019est  z\u00e9ro\u201d"},"content":{"rendered":"<p><em><strong>La c\u00e9r\u00e9monie d\u2019investiture du Coordonnateur r\u00e9gional  du CP-RHDP (Coordination pour la Promotion du RHDP) a eu lieu  le samedi 26 octobre 2019 au si\u00e8ge  du  parti \u00e0 Yamoussoukro.<\/strong><\/em><\/p>\n<p>Le s\u00e9nateur, Kouam\u00e9 Loukou L\u00e9on, coordonnateur-associ\u00e9 du RHDP pour le District Autonome de Yamoussoukro a saisi  l\u2019occasion    , pour inviter une fois de plus les houphouetistes de la capitale politique \u00e0 s\u2019approprier l\u2019\u00e9lection pr\u00e9sidentielle 2020, en s\u2019inscrivant sur la liste \u00e9lectorale.<\/p>\n<p>Selon le parlementaire, la victoire du candidat du RHDP passe n\u00e9cessairement par l\u2019inscription massive des militants sur la liste \u00e9lectorale. Il a demand\u00e9 \u00e0 l\u2019assistance, surtout aux nouveaux majeurs \u00e0 se faire \u00e9tablir les pi\u00e8ces d\u2019identit\u00e9. \u00ab Parce qu\u2019on a beau faire, on est nombreux, mais si aux \u00e9lections, on  n\u2019a pas  de papier, on ne peut rien faire, c\u2019est z\u00e9ro \u00bb a-t-il  dit. Loukou L\u00e9on a expliqu\u00e9  que tous  les organes  d\u00e9centralis\u00e9s du RHDP ont \u00e9t\u00e9 mis en place. \u00ab Et  tr\u00e8s bient\u00f4t, dans le cadre du projet e-militant initi\u00e9 par le directoire du RHDP, des \u00e9quipes sillonneront les  quartiers, en vue de recenser les militants du parti unifi\u00e9. Vous devez leur r\u00e9server un accueil chaleureux. Ceux  qui n\u2019ont pas de papier, de carte nationale d\u2019identit\u00e9, n\u2019ayez pas peur de dire aux agents recenseurs  que  vous n\u2019avez pas de papier. On va vous recenser. Vos coordonnateurs r\u00e9gionaux et associ\u00e9s seront \u00e0 vos c\u00f4tes pour l\u2019obtention de ces papiers \u00bb, a-t-il rassur\u00e9. En outre, il a invit\u00e9 les militants \u00e0 sortir massivement les 6 et 7 d\u00e9cembre prochain pour c\u00e9l\u00e9brer, \u00e0 la place Jean-Paul II en pr\u00e9sence du pr\u00e9sident de la R\u00e9publique, Alassane Ouattara, la date-anniversaire du d\u00e9c\u00e8s du pr\u00e9sident F\u00e9lix Houphou\u00ebt-Boigny. Kamagat\u00e9 Lacin\u00e9, nouvellement investi coordonnateur r\u00e9gional de la Coordination pour la Promotion du RHDP (CP-RHDP) a promis de ratisser large dans le district pour une large victoire du RHDP au premier tour de la pr\u00e9sidentielle de 2020 .<\/p>\n<p><strong>Harry Diallo \u00e0 Yamoussoukro<\/strong><\/p>\n","protected":false},"excerpt":{"rendered":"<p>La c\u00e9r\u00e9monie d\u2019investiture du Coordonnateur r\u00e9gional du CP-RHDP (Coordination pour la Promotion du RHDP) a eu lieu le samedi 26 octobre 2019 au si\u00e8ge du parti \u00e0 Yamoussoukro. Le s\u00e9nateur, Kouam\u00e9 Loukou L\u00e9on, coordonnateur-associ\u00e9 du RHDP pour le District Autonome de Yamoussoukro a saisi l\u2019occasion , pour inviter une fois de plus les houphouetistes de [&hellip;]<\/p>\n","protected":false},"author":3,"featured_media":0,"comment_status":"closed","ping_status":"closed","sticky":false,"template":"","format":"standard","meta":{"_monsterinsights_skip_tracking":false,"_monsterinsights_sitenote_active":false,"_monsterinsights_sitenote_note":"","_monsterinsights_sitenote_category":0,"footnotes":""},"categories":[2,17],"tags":[],"class_list":["post-17149","post","type-post","status-publish","format-standard","hentry","category-featured","category-politique"],"_links":{"self":[{"href":"https:\/\/www.lintelligentdabidjan.info\/news\/wp-json\/wp\/v2\/posts\/17149","targetHints":{"allow":["GET"]}}],"collection":[{"href":"https:\/\/www.lintelligentdabidjan.info\/news\/wp-json\/wp\/v2\/posts"}],"about":[{"href":"https:\/\/www.lintelligentdabidjan.info\/news\/wp-json\/wp\/v2\/types\/post"}],"author":[{"embeddable":true,"href":"https:\/\/www.lintelligentdabidjan.info\/news\/wp-json\/wp\/v2\/users\/3"}],"replies":[{"embeddable":true,"href":"https:\/\/www.lintelligentdabidjan.info\/news\/wp-json\/wp\/v2\/comments?post=17149"}],"version-history":[{"count":1,"href":"https:\/\/www.lintelligentdabidjan.info\/news\/wp-json\/wp\/v2\/posts\/17149\/revisions"}],"predecessor-version":[{"id":17150,"href":"https:\/\/www.lintelligentdabidjan.info\/news\/wp-json\/wp\/v2\/posts\/17149\/revisions\/17150"}],"wp:attachment":[{"href":"https:\/\/www.lintelligentdabidjan.info\/news\/wp-json\/wp\/v2\/media?parent=17149"}],"wp:term":[{"taxonomy":"category","embeddable":true,"href":"https:\/\/www.lintelligentdabidjan.info\/news\/wp-json\/wp\/v2\/categories?post=17149"},{"taxonomy":"post_tag","embeddable":true,"href":"https:\/\/www.lintelligentdabidjan.info\/news\/wp-json\/wp\/v2\/tags?post=17149"}],"curies":[{"name":"wp","href":"https:\/\/api.w.org\/{rel}","templated":true}]}}