{"id":17170,"date":"2019-10-30T17:28:44","date_gmt":"2019-10-30T16:28:44","guid":{"rendered":"https:\/\/www.lintelligentdabidjan.info\/news\/?p=17170"},"modified":"2019-10-30T17:34:21","modified_gmt":"2019-10-30T16:34:21","slug":"17170-2","status":"publish","type":"post","link":"https:\/\/www.lintelligentdabidjan.info\/news\/17170-2\/","title":{"rendered":"Journ\u00e9e mondiale de la culture africaine : tout  savoir sur le prix K\u00e9k\u00e9li"},"content":{"rendered":"<p>PRIX K\u00c9K\u00c9LI &#8211; JMCA<\/p>\n<p>PR\u00c9SENTATION<\/p>\n<p>L\u2019Initiateur de la JMCA \u2013Journ\u00e9e Mondiale de la Culture Africaine et Afro descendante et fondateur du RAPEC- R\u00e9seau Africain des Promoteurs et Entrepreneurs Culturels a toujours r\u00eav\u00e9 d\u2019une humanit\u00e9 r\u00e9concili\u00e9e. Cette vision d\u2019humanisme s\u2019est impos\u00e9e \u00e0 lui, il cr\u00e9e en septembre 2018, le PRIX K\u00c9K\u00c9LI &#8211; JMCA.<br \/>\nUne distinction honorifique, r\u00e9compensant, des personnalit\u00e9s venants de tous horizons qui luttent contre l\u2019injustice, dont l\u2019altruisme et la solidarit\u00e9 sont au c\u0153ur de leurs pr\u00e9occupations. Ou encore celles et ceux qui militent pour le vivre ensemble et la paix entre nos peuples. Un prix d\u00e9voil\u00e9 chaque c\u00e9l\u00e9bration de la JMCA-Journ\u00e9e Mondiale de la Culture Africaine et Afro descendant. <\/p>\n<p>Afrique, Berceau de l\u2019Humanit\u00e9<\/p>\n<p>\u00ab Nous faisons la promotion de la JMCA, afin que l\u2019humanit\u00e9 enti\u00e8re c\u00e9l\u00e8bre ensemble son origine commune le 24 janvier de chaque ann\u00e9e \u00bb. <\/p>\n<p>La JMCA- Journ\u00e9e Mondiale de la Culture Africaine et Afro descendante dont le compte \u00e0 rebours a \u00e9t\u00e9 lanc\u00e9e par l\u2019ONG RAPEC le 24 janvier 2014 en Belgique (Namur) et au Liban (Beyrouth) dont la c\u00e9r\u00e9monie officielle s\u2019est tenue le 24 janvier 2016 \u00e0 Lom\u00e9 (Togo). La JMCA d\u00e8s son lancement \u00e0 re\u00e7ue le soutien de plusieurs institutions internationales tels que : l\u2019Unesco, le groupe des Etats d\u2019Afrique, des Cara\u00efbes et du Pacifique (ACP), Cit\u00e9s et Gouvernements locaux Unis d\u2019Afrique (CGLUA), Collectif des Chefs traditionnels d\u2019Afrique\u2026<br \/>\nLa JMCA est une recommandation forte issue du 1er Congr\u00e8s panafricain sur la Culture organis\u00e9 par le l\u2019ONG RAPEC en collaboration avec l\u2019UNESCO en 2011 au Togo. Cette recommandation a \u00e9t\u00e9 consolid\u00e9e le 6 d\u00e9cembre 2012, dans le cadre de la 6e \u00c9dition du Sommet africain des collectivit\u00e9s locales, AFRICIT\u00c9S, \u00e0 Dakar au S\u00e9n\u00e9gal.<br \/>\nPar le courrier r\u00e9f\u00e9rence : ADG\/AFR\/14\/L.66, l\u2019UNESCO a accord\u00e9 son soutien \u00e0 la JMCA. Ce sou-tien a \u00e9t\u00e9 renouvel\u00e9 par la lettre r\u00e9f\u00e9rence : ADG\/AFR\/CEP\/17\/L52. Par courrier r\u00e9f\u00e9rence : 8\/8\/35 (Vol 2)17\/ LEO, le Secr\u00e9tariat G\u00e9n\u00e9ral des Pays des ACP, a \u00e9galement renouvel\u00e9 son appui \u00e0 la c\u00e9l\u00e9bration de la JMCA.<br \/>\nLe 25 septembre 2019, la r\u00e9union pr\u00e9paratoire du Conseil Ex\u00e9cutif de l\u2019UNESCO a retenu le Projet de R\u00e9solution pr\u00e9sent\u00e9 par le Togo, portant sur la JMCA &#8211; Journ\u00e9e Mondiale de la Culture Africaine et Afro-descendante. Le Conseil Ex\u00e9cutif a vot\u00e9 le 17 octobre 2019, sans d\u00e9bat ce projet de r\u00e9solution reconnaissant le 24 janvier comme date officielle de la c\u00e9l\u00e9bration de la JMCA.<br \/>\nPour les africains, les Afro-descendants, les passionn\u00e9s de l\u2019Afrique berceau de l\u2019Humanit\u00e9, c\u2019est une grande fiert\u00e9 pour eux de voir la JMCA devenir la date officielle de la c\u00e9l\u00e9bration et d\u2019hommage \u00e0 l\u2019Afrique berceau de l\u2019humanit\u00e9. Le 24 janvier est devenu une date d\u2019universalit\u00e9, inscrite \u00e0 l\u2019agenda officiel de l\u2019UNESCO.<\/p>\n<p>PRIX D\u2019HONNEUR ET DE M\u00c9RITE DU K\u00c9K\u00c9LI &#8211; JMCA<\/p>\n<p>POURQUOI DISTINGUER K\u00c9K\u00c9LI ?<br \/>\n\u00ab Ne dit-on pas que : Quiconque sauve une vie sauve l&#8217;Univers tout entier \u00bb<br \/>\nForce est de constater que, nous vivons une p\u00e9riode tumultueuse pour les droits humains. Nous sommes dans un monde ou l\u2019in\u00e9galit\u00e9, l\u2019exclusion, l\u2019injustice sociale, l\u2019intol\u00e9rance se multiplient. Humblement la soci\u00e9t\u00e9 civile africaine \u00e0 travers l\u2019ONG RAPEC d\u00e9cide de rendre hommage \u00e0 ses Justes des temps modernes, les nouveaux les rep\u00e8res de notre si\u00e8cle, qui tant bien que mal cherchent par tous le moyens \u00e0 cr\u00e9er des passerelles entre nos peuples pour que la justice, le respect de l\u2019environnement deviennent une r\u00e9alit\u00e9.<br \/>\nAfin de mettre le projecteur sur ses personnalit\u00e9s hors pairs, venants de tous horizons, nous proposons le Grand Prix d\u2019Honneur et du M\u00e9rite, baptis\u00e9 : Prix K\u00e9k\u00e9li &#8211; JMCA, pour les r\u00e9compenser et les encourager. Plusieurs institutions et des m\u00e9dias, consid\u00e8rent le Prix K\u00e9k\u00e9li &#8211; JMCA, \u00e9tant le premier prix du genre initi\u00e9 par la soci\u00e9t\u00e9 civile africaine.<br \/>\nD\u2019o\u00f9 vient nom K\u00e9k\u00e9li ?<br \/>\nK\u00e9k\u00e9li veut dire \u00ablumi\u00e8re\u00bb en langue \u00ab\u00e9w\u00e9\u00bb, une des langues parl\u00e9es au Togo, B\u00e9nin ou encore au Ghana.<br \/>\nMISSION &#038; P\u00c9RIODICIT\u00c9<br \/>\nMission des Laur\u00e9ats du Prix K\u00e9k\u00e9li  &#8211; JMCA: <\/p>\n<p>\u27a2Soutenir ou parrainer, ceux qui se battent comme les K\u00e9k\u00e9lis pour relever les principaux d\u00e9fis auxquels l&#8217;humanit\u00e9 est aujourd&#8217;hui confront\u00e9e. <\/p>\n<p>\u27a2Encourager les dirigeants des Cent quatre-vingt-treize (193) \u00c9tats membres de l\u2019UNESCO \u00e0 \u0153uvrer dans la voie de la justice et de la paix pour favoriser ou renforcer le vivre ensemble et la coh\u00e9sion sociale.<\/p>\n<p>\u27a2Pour un monde plus juste et solidaire les K\u00e9k\u00e9lis doivent aider ou accompagner notre jeunesse \u00e0 prendre conscience, pour la pr\u00e9servation de notre environnement. <\/p>\n<p>\u27a2Militer en faveur des valeurs humaines qui sont \u00e0 la base du prix K\u00e9k\u00e9li &#8211; JMCA, pour entretenir et enseigner par tous la culture de la paix. <\/p>\n<p>\u27a2Les K\u00e9k\u00e9lis deviennent des Ambassadeurs itin\u00e9rants, du Comit\u00e9 du Prix K\u00e9k\u00e9li &#8211; JMCA \u00e0 travers le monde. Ils ne sont soumis \u00e0 aucune r\u00e8gle.<\/p>\n<p>\u27a2Il perdra uniquement son K\u00e9k\u00e9li, s\u2019il est d\u00e9finitivement condamn\u00e9 par des tribunaux (Nationaux ou par la Cour P\u00e9nale Internationale).<\/p>\n<p>P\u00e9riodicit\u00e9 &#038; la remise du Prix K\u00e9k\u00e9li &#8211; JMCA: <\/p>\n<p>-Cinq prix K\u00e9k\u00e9li-JMCA sont d\u00e9cern\u00e9s chaque ann\u00e9e: (3 d\u2019Honneur et 2 de M\u00e9rite)<\/p>\n<p>-Le r\u00e9cipiendaire re\u00e7oit au plus tard le 31 d\u00e9cembre de l\u2019ann\u00e9e en cours la lettre officielle de l\u2019ONG RAPEC qu\u2019il ou elle est retenu pour le prix K\u00e9k\u00e9li &#8211; JMCA.<\/p>\n<p>-La liste des laur\u00e9ats sont d\u00e9voil\u00e9s officiellement par le Pr\u00e9sident(e) du Prix la veille de chaque 24 janvier, date de la c\u00e9l\u00e9bration de la JMCA. <\/p>\n<p>-Leurs noms et parcours sont publi\u00e9s sur le site officiel de la JMCA, celui de l\u2019ONG RAPEC et sur les sites partenaires de RAPEC.<\/p>\n<p>-Une vid\u00e9o et audio sont r\u00e9alis\u00e9es pour pr\u00e9senter les laur\u00e9ats. Elles sont diffus\u00e9es sur toutes les plates formes et sur des m\u00e9dias partenaires du RAPEC.<\/p>\n<p>-Le prix K\u00e9k\u00e9li est remis par le Parrain(e) dans une c\u00e9r\u00e9monie d\u00e9di\u00e9e \u00e0 cette occasion, ou encore dans une manifestation sp\u00e9cifique, apr\u00e8s le 24 janvier.<\/p>\n<p>Qui peut devenir r\u00e9cipiendaire du prix K\u00e9k\u00e9li &#8211; JMCA ? :<\/p>\n<p>Les trois Prix d\u2019Honneur sont d\u00e9cern\u00e9s : aux personnalit\u00e9s venants de tous horizons qui militent en faveur de la mise en \u0153uvre de la coh\u00e9sion sociale, du vivre ensemble ou qui contribuent \u00e0 la recherche de la paix entre les peuples.<br \/>\nDeux Prix du M\u00e9rite sont d\u00e9cern\u00e9s \u00e0 un ou une venants de tous horizons qui de par ses actes ou ses \u0152uvres sont reconnus et respect\u00e9s par tous et qui honorent notre g\u00e9n\u00e9ration: Chef Traditionnels, Artistes de tous genres, Journalistes de tous genres, entrepreneurs culturels, sportifs, artisans, M\u00e9c\u00e9nats culturels, Fondations culturelles ou encore Meilleures Agences de Communications Culturelles.<\/p>\n<p>Nos Engagements :<\/p>\n<p>\u2756 Nous primons des personnalit\u00e9s qui d\u00e9finissent et fondent les meilleures voies du vivre ensemble. Les porte-\u00e9tendards d\u2019une prise de conscience, de v\u00e9ritable K\u00e9k\u00e9lis pour notre monde en qu\u00eate d\u2019une paix p\u00e9renne et l\u2019instauration de relations diplomatiques harmonis\u00e9es.<\/p>\n<p>\u2756 Plusieurs \u00e9tudes sur la recherche de la paix, par la r\u00e9solution de conflits, de la violence et des in\u00e9galit\u00e9s dans le monde, nous montrent que rien ne peut s\u2019obtenir, ou du moins qu\u2019il n\u2019y a rien qui ne serait facile si nous vivions dans un monde uniquement rempli d\u2019in\u00e9galit\u00e9s et d\u2019instabilit\u00e9. Il faut alors construire un \u00e9difice qui nous rapproche, car c\u2019est ensemble que nous serons forts. L\u2019union fait la force \u00ab dit-on  \u00bb<br \/>\nNous sommes convaincus qu\u2019il n&#8217;existe pas de solution magique pour cr\u00e9er de la stabilit\u00e9 dans notre monde, mais, par contre, il est av\u00e9r\u00e9 que le respect et la prise en compte de la diversit\u00e9 des exp\u00e9riences humaines, en mati\u00e8re de paix et de r\u00e9solution des conflits, ainsi que celle de la complexit\u00e9 des interactions entre le local et le global, peuvent nous amener \u00e0 une stabilit\u00e9 durable.<br \/>\nLes conditions de participation et d\u2019in\u00e9ligibilit\u00e9 <\/p>\n<p>\u25cf Chaque demande doit \u00eatre accompagn\u00e9e d\u2019un CV et d\u2019une lettre de motivation envoy\u00e9e \u00e0 l\u2019ONG RAPEC qui les centralise. La date limite de la r\u00e9ception des demandes est fix\u00e9e au 31 octobre chaque ann\u00e9e.<br \/>\n\u25cf Tous dossier de participation pr\u00e9sent\u00e9 entra\u00eene l\u2019acceptation pleine et enti\u00e8re du r\u00e8glement.<br \/>\n\u25cf Toute demande de participation arriv\u00e9e hors-d\u00e9lai est rejet\u00e9e. (Cachet de poste ou date d\u2019envoi de demande par mail font foi)<\/p>\n<p>S\u00e9lection des laur\u00e9ats du Prix K\u00e9k\u00e9li &#8211; JMCA<\/p>\n<p>Le Prix d\u2019Honneur: <\/p>\n<p>Une campagne de s\u00e9lection est lanc\u00e9e en interne aupr\u00e8s de nos membres, sympathisants et partenaires du RAPEC et du Comit\u00e9 du Prix K\u00e9k\u00e9li &#8211; JMCA. Ils proposent les noms des futurs laur\u00e9ats accompagn\u00e9s d\u2019une note explicative de leurs choix.<br \/>\nLe Comit\u00e9 du Prix est compos\u00e9 de sept (7) membres. Ils votent en leur \u00e2me et conscience pour les trois (3) Laur\u00e9ats. Leurs noms sont valid\u00e9s par le Pr\u00e9sident du prix et du RAPEC.<br \/>\nLe prix de m\u00e9rite:<br \/>\nUne campagne est lanc\u00e9e en interne et en externe et sur le site du RAPEC et de JMCA. Tous ceux qui participent \u00e0 la s\u00e9lection peuvent \u00eatre candidats.<br \/>\nLa demande de candidature peut se faire en son nom propre, au nom d\u2019un groupe ou encore au nom d\u2019une institution publique, ou priv\u00e9e. Les Associations, les ONG, les M\u00e9c\u00e9nats peuvent aussi pr\u00e9senter leurs candidatures.<br \/>\nApr\u00e8s le d\u00e9pouillement par les membres du Comit\u00e9 du Prix, ils votent \u00e0 la majorit\u00e9 absolue pour d\u00e9signer les deux (2) laur\u00e9ats du K\u00e9k\u00e9li de M\u00e9rite. Leurs noms sont valid\u00e9s par le Pr\u00e9sident du prix et du RAPEC.<br \/>\nLe jury \u2013 Parrainages <\/p>\n<p>\u25cf Le jury est compos\u00e9 de sept (7) membres, appel\u00e9 Comit\u00e9 du Prix. Ils ou elles sont d\u00e9sign\u00e9s par le pr\u00e9sident du RAPEC et du CM &#8211; JMCA &#8211; Comit\u00e9 de Mobilisation de la JMCA sur la Proposition des membres du Bureau Ex\u00e9cutif du RAPEC, les membres des Comit\u00e9s et les partenaires du RAPEC.<\/p>\n<p>\u25cf Ils si\u00e8gent sous la direction du Pr\u00e9sident du RAPEC et du Comit\u00e9 du Prix K\u00e9k\u00e9li-JMCA. <\/p>\n<p>\u25cf Aucun Membre ne doit \u00eatre candidat du Prix K\u00e9k\u00e9li &#8211; JMCA pour la saison ou il ou elle si\u00e8ge.<\/p>\n<p>\u25cf Les d\u00e9lib\u00e9rations se d\u00e9roulent \u00e0 huis-clos. Si n\u00e9cessaire, un vote \u00e0 bulletin secret a lieu. La d\u00e9cision est prise \u00e0 la majorit\u00e9 absolue des membres du jury aux trois premiers tours, et \u00e0 la majorit\u00e9 relative au tour suivant. En cas d\u2019\u00e9galit\u00e9 des suffrages, la voix du Pr\u00e9sident est pr\u00e9pond\u00e9rante. <\/p>\n<p>\u25cf Chaque ann\u00e9e le Comit\u00e9 du Prix K\u00e9k\u00e9li &#8211; JMCA en accord avec le Pr\u00e9sident du RAPEC d\u00e9signent Un (e) Pr\u00e9sident (e) du Prix et un Parrain, ou une Marraine. Ils ou elles sont d\u00e9sign\u00e9s pour deux ans. Ils ou elles auront comme r\u00f4le de soutenir et d\u2019accompagner dans ses efforts de mobilisations mat\u00e9rielles et humaines le Comit\u00e9 du Prix. <\/p>\n<p>ContactsONG RAPEC \u2013 R\u00e9seau Africain des Promoteurs et Entrepreneurs Culturels. www.jmca.in   www.rapec.org  jmca@rapec.org  7, rue Beaurepaire 75010 Paris \u2013 France  Tel: +33 754 401 201<\/p>\n<p>GRAND KEKELI PRIZE 2019<\/p>\n<p>PR\u00c9SENTATION<\/p>\n<p>The creator of the JMCA \u2013 WORLD DAY FOR AFRICAN AND AFRODESCENDANT CULTURE and founder of the RAPEC &#8211; the African Network of Cultural Promoters and Entrepreneurs has alway dreamt of a reconciled humanity. This humanist vision strongly inspired him, when he created in september, 2018, le GRAND KEKELI PRIZE.<br \/>\nThis distinction created by the RAPEC NGO aims to reward, those, both women and men, who fight injustice, those whose altruism and solidarity are at the heart of their preoccupations. And especially those who defend the living together and the peace between our nations. An Award that is unveiled for each JMCA &#8211; WORLD DAY FOR AFRICAN AND AFRODESCENDANT CULTURE celebration.<\/p>\n<p>Africa Cradle of Mankind<\/p>\n<p>\u00ab We promote JMCA, so that the whole of mankind celebrates its common origins each 24th of  Ja-nuary \u00bb. <\/p>\n<p>This project has been acknowledged by the onusian organisations (UNESCO), The United African Local Cities and Governments (CGLUA), the African, Caribbean &#038; Pacific States Group (ACP), the togolese government, United Cities and Local Administrations from Africa (CGLUA), International Francophonie Organisation (OIF), the Arab Organisation for Education &#038; Culture and Sciences (ALECSO) and many other international organisation. On the 24th of January 2014 in Namur Belgium\u2026.<br \/>\nThe JMCA is a strong recommandation of the first panafricain Congress that was held on the 17th and on the 18th of november, 2011 at the \u00ab Banque d&#8217;investissement de la CEDAO (BIDC) \u00bb headquarters in Lome (Togo) along with the UNESCO. The General Summary was presented at the ACP headquarters in Bruxelles with the general sub-secretary of the ACP for political and human &#038; cultural development questions.<br \/>\nThus, by a reference letter (ref. ADG\/AFR\/14\/L.66), the UNESCO brought its support to the JMCA &#8211; WORLD DAY FOR AFRICAN AND AFRODESCENDANT CULTURE, by a reference letter (ref : ADG\/AFR\/14\/L.64), the information was brought to the knowledge of the Ambassadors of the african group. This support from the UNESCO was re-appointed on the 1st of June, 2017 (Ref. ADG\/AFR\/CEP\/17\/L52).<br \/>\nOn the 25th of september, 2019, the preparatory reunion of the executive board of the UNESCO acknowledged the project of resolution introduced by the Togo, about the JMCA &#8211; WORLD DAY FOR AFRICAN AND AFRODESCENDANT CULTURE. The exclusive board voted on the 17th of october, 2019, without a debate this project of resolution recognizing the 24th of January as official celebration day of the JMCA.<br \/>\nTo all africans, Afro-descendants, lovers of Africa, cradle of mankind, it is a great pride to see the JMCA become official celebration day of Africa, cradle of mankind. The 24th of january became a universal rendez-vous, inscribed in the official agenda of the UNESCO.<\/p>\n<p>Honor and Merit Kekeli Awards<\/p>\n<p>Why Distinguish Kekeli ?<\/p>\n<p>\u00ab There\u2019s a saying : anyone who saves a life saves the whole of the universe \u00bb<br \/>\nWe are compelled to admit we are living today difficult times for human rights. We are in a world of inequality, exclusion, social injustice ; intolerance is important. We humbly decided that the african civil society through the RAPEC NGO should pay a tribute to these modern time \u00ab justes \u00bb, the new examples of our century, that come rain come shine are seeking ways to create bridges between nations so that justice, respect of the environnement becomes a reality. <\/p>\n<p>In order to shed light upon those extraordinary individuals, coming from everywhere, we  are proposing the Grand Prize of Honor and of Merit, named : Grand Kekeli Prize, to award them and to encourage them. Many institutions and medias, see the Kekeli prize as the first award initiated by the african civil society.<br \/>\nWhat does Kekeli means ?<br \/>\nKekeli means \u00ablight\u00bb in \u00ab\u00e9w\u00e9\u00bb langage, one of the langages spoken in Togo, B\u00e9nin or in Ghana.<br \/>\nMISSION &#038; PERIODICITY<\/p>\n<p>Mission of the Laureates of the Kekeli Prize: <\/p>\n<p>\u27a2Support or partner with those who (like the Kekelis) fight in order to address the main problems mankind is facing today. <\/p>\n<p>\u27a2Support the leaders of the 193 membre states at the UNESCO in order to build up peace and favor living together and social coherence.<\/p>\n<p>\u27a2For a fairer and more just world, the Kekelis must help and lead our youth awareness around the common notion of environmental preservation. <\/p>\n<p>\u27a2Commit for human values and rights that are at the core of the Kekeli, to maintain and teach the culture of peace for all. <\/p>\n<p>\u27a2Kekelis graduates become goodwill ambassadors, attached to the Kekeli Prize committee throughout the world. They are submitted to no particular rules.<\/p>\n<p>\u27a2Should a Kekeli lose his prize only whether is definitely condamned by a court (National criminal court or by the International Criminal Court).<\/p>\n<p>Periodicity &#038; granting of the Kekeli Prize :<\/p>\n<p>-Five Kekelis are granted each year : (3 Honors et 2 Merit Prizes)<\/p>\n<p>-The recipients receives an official letter from the Rapec NGO at the latest on the 31st of december of the current year that informs him that he is the winner of the Kekeli Prize.<\/p>\n<p>-The winners lists are officially unveiled by the president of the Kekeli Prize on the day before each 24th of january, celebration day of the JMCA.<\/p>\n<p>-Their names and biographies are published on the official JMCA website, the one of the RAPEC NGO and on the partners\u2019 Websites of the RAPEC.<\/p>\n<p>-A video and an audio are made to introduce the recipients. They are released on the platforms and partners medias of the RAPEC.<\/p>\n<p>-The Kekeli prizes are officially delivered by the mentor in a dedicated ceremony or in a specific event after the 24th of january.<\/p>\n<p>Which recipients can be granted the Kekeli Prize ? :<\/p>\n<p>The three Honor Kekeli Prizes are awarded : to persons coming from all around the world  who commit themselves for social coherence, to the living together or contribute for the peace between nations.<br \/>\nTwo Kekelis Prizes of Merit are awarded to a person coming from all horizons who with his or her actions and creations are well known and respected by all and that honors our generation: Traditionnal Chiefs, Artists of all kinds, Journalists of all countries, cultural entrepreneurs, sportsmen, crafters, cultural philantropists, cultural foundations and best cultural communication agencies.<\/p>\n<p>OOur Commitments :<\/p>\n<p>\u2756 We distinguish personalities tant defines and lay the best foundations for the living together. The bearers of an awareness movement, real Kekeli for our world searching for the peace and the instauration of harmonious diplomatic relationships.<\/p>\n<p>\u2756 Many studies for peace, and conflicts resolution, violence and inequalities in the world, demonstrate that nothing can be achieved or that nothing would be simple if we\u2019d live in a world only made of instability and inequalities. We must build up a structure that bring us closer to each others, because together and united we will be stronger. The Union is a strength, they say\u2026<br \/>\nWe are convinced that there\u2019s no magical solution to build up stability in our world, but on the opposite, it is generally acknowledged tant respect and taking the diversity of human experiences into account, when it comes to peace and conflict resolution, based on the complexity of both local and global interactions, can create a lasting stability. <\/p>\n<p>Conditions of participation et of ineligibility <\/p>\n<p>\u25cf Each application must be issued with a Curriculum and a motivation letter sent to the RAPEC NGO which gathers them all. The deadline of the receipt of all applications is on the 31st of October each year.<\/p>\n<p>\u25cf All application folders mean full acceptances of the term conditions. <\/p>\n<p>\u25cf All application that is received after these dates is not valide. (Postal stamp or mail informations shall apply if valid)<\/p>\n<p>Designation of the Kekeli Prizes<\/p>\n<p>The Honor Prize :<br \/>\nA designation campaign is launched internally with members, affiliates and partners of the RAPEC and of the Kekeli Prize committee. They propose the names of the future recipients along with an explanation note that they choose.<br \/>\nThe Prize Committee is composed of seven members. They vote in full awareness to designate three winners. Their names are validated by the President of the prize and of the RAPEC.<\/p>\n<p>The Merit Prize :<\/p>\n<p>A campaign is launched externally and on the JMCA and on the RAPEC. Everyone who participates can be a valid candidate.<br \/>\nThe candidature can be made in his own name, in the name of a group or for a public or private institution. Associations, NGOs, Mecenes can also participate.<br \/>\nAfter all demands have been scrutinized, they vote accordingly to the absolute majority to designate the two recipients of the Merit Prize. Their names are validated by the President of the Prize and of the RAPEC.<br \/>\nThe jury \u2013 Sponsorships <\/p>\n<p>\u25cf The jury est composed of seven members, called Prize Committee. They are designated by the president of the RAPEC and of the Mobilization Committee &#8211; JMCA &#8211; on behalf of  the executive board members of RAPEC, the members of the Committee and the partners of the RAPEC. <\/p>\n<p>\u25cf They sit under the guidance of the President of the RAPEC and of Kekeli Prize Committee. <\/p>\n<p>\u25cf No Membres has to be candidate for the Kekeli Prize during the season when they sit around the board.<\/p>\n<p>\u25cf After thorough enclosed deliberation, a secret if necessary vote is held. The decision is made through the absolute majority of the jury members at the three first rounds, then the majority required is only relative. In case of equality, the president\u2019s vote is decisive.<\/p>\n<p>\u25cf Each year, Kekeli Prize Committee in close connection with the President of the RA-PEC designate one President, man or woman, of the prize and a mentor man or woman too. They are in charge for two years. Their role is also to support the Prize Committee both humanly and financially.<\/p>\n<p>ContactThe African Network of Cultural Promoters and Entrepreneurs (RAPEC).<br \/>\nwww.jmca.in   www.rapec.org  jmca@rapec.org  7, rue Beaurepaire 75010 Paris \u2013 France  Tel: +33 754 401 201<\/p>\n","protected":false},"excerpt":{"rendered":"<p>PRIX K\u00c9K\u00c9LI &#8211; JMCA PR\u00c9SENTATION L\u2019Initiateur de la JMCA \u2013Journ\u00e9e Mondiale de la Culture Africaine et Afro descendante et fondateur du RAPEC- R\u00e9seau Africain des Promoteurs et Entrepreneurs Culturels a toujours r\u00eav\u00e9 d\u2019une humanit\u00e9 r\u00e9concili\u00e9e. Cette vision d\u2019humanisme s\u2019est impos\u00e9e \u00e0 lui, il cr\u00e9e en septembre 2018, le PRIX K\u00c9K\u00c9LI &#8211; JMCA. Une distinction honorifique, [&hellip;]<\/p>\n","protected":false},"author":3,"featured_media":17171,"comment_status":"closed","ping_status":"closed","sticky":false,"template":"","format":"standard","meta":{"_monsterinsights_skip_tracking":false,"_monsterinsights_sitenote_active":false,"_monsterinsights_sitenote_note":"","_monsterinsights_sitenote_category":0,"footnotes":""},"categories":[2,20],"tags":[],"class_list":["post-17170","post","type-post","status-publish","format-standard","has-post-thumbnail","hentry","category-featured","category-art-et-culture"],"_links":{"self":[{"href":"https:\/\/www.lintelligentdabidjan.info\/news\/wp-json\/wp\/v2\/posts\/17170","targetHints":{"allow":["GET"]}}],"collection":[{"href":"https:\/\/www.lintelligentdabidjan.info\/news\/wp-json\/wp\/v2\/posts"}],"about":[{"href":"https:\/\/www.lintelligentdabidjan.info\/news\/wp-json\/wp\/v2\/types\/post"}],"author":[{"embeddable":true,"href":"https:\/\/www.lintelligentdabidjan.info\/news\/wp-json\/wp\/v2\/users\/3"}],"replies":[{"embeddable":true,"href":"https:\/\/www.lintelligentdabidjan.info\/news\/wp-json\/wp\/v2\/comments?post=17170"}],"version-history":[{"count":3,"href":"https:\/\/www.lintelligentdabidjan.info\/news\/wp-json\/wp\/v2\/posts\/17170\/revisions"}],"predecessor-version":[{"id":17174,"href":"https:\/\/www.lintelligentdabidjan.info\/news\/wp-json\/wp\/v2\/posts\/17170\/revisions\/17174"}],"wp:featuredmedia":[{"embeddable":true,"href":"https:\/\/www.lintelligentdabidjan.info\/news\/wp-json\/wp\/v2\/media\/17171"}],"wp:attachment":[{"href":"https:\/\/www.lintelligentdabidjan.info\/news\/wp-json\/wp\/v2\/media?parent=17170"}],"wp:term":[{"taxonomy":"category","embeddable":true,"href":"https:\/\/www.lintelligentdabidjan.info\/news\/wp-json\/wp\/v2\/categories?post=17170"},{"taxonomy":"post_tag","embeddable":true,"href":"https:\/\/www.lintelligentdabidjan.info\/news\/wp-json\/wp\/v2\/tags?post=17170"}],"curies":[{"name":"wp","href":"https:\/\/api.w.org\/{rel}","templated":true}]}}