{"id":17195,"date":"2019-10-31T00:03:13","date_gmt":"2019-10-30T23:03:13","guid":{"rendered":"https:\/\/www.lintelligentdabidjan.info\/news\/?p=17195"},"modified":"2019-10-31T00:03:33","modified_gmt":"2019-10-30T23:03:33","slug":"25eme-edition-du-salon-du-chocolat-de-parisles-fonds-recoltes-seront-reverses-a-children-of-africa-pour-ses-actions-en-afrique","status":"publish","type":"post","link":"https:\/\/www.lintelligentdabidjan.info\/news\/25eme-edition-du-salon-du-chocolat-de-parisles-fonds-recoltes-seront-reverses-a-children-of-africa-pour-ses-actions-en-afrique\/","title":{"rendered":"25\u00e8me \u00e9dition du salon du chocolat de Paris:Les fonds r\u00e9colt\u00e9s seront revers\u00e9s \u00e0 Children Of Africa pour ses actions en Afrique"},"content":{"rendered":"<p><em><strong>La C\u00f4te d\u2019Ivoire est doublement \u00e0 l\u2019honneur de la 25\u00e8me \u00e9dition du salon du Chocolat de Paris d\u2019autant plus que  la Premi\u00e8re Dame, Dominique Ouattara  a  proc\u00e9d\u00e9 mardi 29 octobre 2019  au lancement officiel de la soir\u00e9e inaugurale de l\u2019\u00e9v\u00e8nement,   \u00e0 la porte de Versailles Pavillon 4.<\/strong><\/em><\/p>\n<p>Cette ann\u00e9e,  le salon du chocolat de Paris qui consacre  les 25 ans de l\u2019\u00e9v\u00e8nement qui se d\u00e9roule du 29 octobre au 03 novembre dans la capitale fran\u00e7aise,  a \u00e9t\u00e9 plac\u00e9 sous le parrainage de la Premi\u00e8re Dame, Dominique Ouattara, Pr\u00e9sidente de la Fondation Children Of Africa.  Mais aussi, cet \u00e9v\u00e8nement mondial qui r\u00e9unit pr\u00e8s de 500 participants et partenaires fran\u00e7ais et  internationaux venus de 60 pays,   est organis\u00e9  au profit  de la Fondation Children Of Africa.  Les fonds r\u00e9colt\u00e9s lors de cette 25\u00e8me \u00e9dition qui consacre les 25 ans du salon du Chocolat de Paris,  seront revers\u00e9s  \u00e0 la Fondation de Madame Dominique Ouattara pour ses actions humanitaires au profit des enfants d\u2019Afrique.<\/p>\n<p>La soir\u00e9e inaugurale a enregistr\u00e9 la pr\u00e9sence de Madame Sylvie Douce et Monsieur Fran\u00e7ois Jeantet,  les organisateurs du salon, des personnalit\u00e9s ivoiriens et plusieurs participants.<br \/>\nMadame Dominique Ouattara, Pr\u00e9sident de Children Of Africa a saisi l\u2019opportunit\u00e9 de cette soir\u00e9e inaugurale pour remercier  les organisateurs de l\u2019\u00e9v\u00e8nement pour avoir port\u00e9 leur choix sur sa Fondation humanitaire.  \u00ab(\u2026) Cette ann\u00e9e, les organisateurs du salon, ont choisi de d\u00e9dier les profits de cette \u00e9dition, \u00e0 des milliers d\u2019enfants  d\u00e9favoris\u00e9s d\u2019Afrique, \u00e0 travers  la Fondation Children Of Africa.  C\u2019est une marque de g\u00e9n\u00e9rosit\u00e9 que j\u2019appr\u00e9cie sinc\u00e8rement et pour laquelle je voudrais leur traduire toute ma reconnaissance \u00bb, a remerci\u00e9 Madame Dominique Ouattara, avant de pr\u00e9senter la Fondation Children Of Africa   aux nombreux  invit\u00e9s  \u00e0 travers ses actions majeures    et en particulier  dans le domaine de la sant\u00e9 avec   la construction  de l\u2019H\u00f4pital M\u00e8re-Enfant de Bingerville.   Elle a aussi rappel\u00e9 que la Fondation Children Of Africa  intervient dans 11 pays d\u2019Afrique en plus de la C\u00f4te d\u2019Ivoire   \u00e0 travers la subvention de centres d\u2019accueil pour les enfants vuln\u00e9rables. \u00ab Dans les 11 autres Pays o\u00f9 intervient la Fondation, nous subventionnons des centres d\u2019accueil pour enfants vuln\u00e9rables et menons des actions ponctuelles. Aussi les fonds que nous recevrons au cours de cette \u00e9dition du salon du chocolat, serviront \u00e0 appuyer les actions de la Fondation \u00e0 travers tous nos 12 Pays d\u2019Afrique.<\/p>\n<p>Afin de coller \u00e0 l\u2019actualit\u00e9,  Madame Dominique Ouattara a profit\u00e9 de cette tribune,   pour  pr\u00e9senter les actions de la C\u00f4te d\u2019Ivoire dans le cadre de la lutte contre le travail des enfants dans la cha\u00eene d\u2019approvisionnent du cacao. \u00ab A titre personnel, avec le Comit\u00e9 National de Surveillance des actions de  lutte contre la traite, l\u2019exploitation et le travail des enfants que je pr\u00e9side, nous agissons avec tous les partenaires pour assurer la protection et la promotion des droits des enfants et \u00e9liminer ce fl\u00e9au de notre Pays \u00bb, a-t-elle pr\u00e9cis\u00e9.  Ainsi, elle a cit\u00e9 entre autres  les vastes campagnes de sensibilisation aupr\u00e8s des familles et des communaut\u00e9s productrices de cacao, la construction  de nombreuses \u00e9coles \u00e0 proximit\u00e9 des plantations,    l\u2019adoption en 2015 de la loi rendant l\u2019\u00e9cole obligatoire en C\u00f4te d\u2019Ivoire, l\u2019am\u00e9lioration des revenus des planteurs pour lutter contre la pauvret\u00e9 et  le nouveau code forestier adopt\u00e9 par la C\u00f4te d\u2019Ivoire qui va permettre de pr\u00e9server l\u2019environnement afin de produire un cacao \u00e9thique et responsable. Pour Madame Dominique Ouattara, toutes ces mesures ont impacter positivement sur le taux de fr\u00e9quentation de l\u2019\u00e9cole en milieu rural. \u00abToutes ces actions ont permis d\u2019am\u00e9liorer consid\u00e9rablement le taux  de scolarisation en milieu rural qui est pass\u00e9 de 59 % en 2008 \u00e0 plus de 90 % en 2019 \u00bb, a-t-elle soulign\u00e9. Madame Dominique Ouattara a termin\u00e9 en remerciant les personnalit\u00e9s pour leur pr\u00e9sence \u00e0 la soir\u00e9e inaugurale.<br \/>\nMiss France 2019, Vaimalama Chaves a d\u00e9fil\u00e9,  lors de ce show,  d\u00e9voilant les plus belles robes en chocolat r\u00e9alis\u00e9es depuis 25 ans, ainsi que Miss C\u00f4te d\u2019Ivoire 2016 , Mandjalia Gban\u00e9, habill\u00e9e par le styliste ivoirien Gilles Tour\u00e9, sur les rythmes du dernier album du  duo portugais  \u00ab Calema \u00bb. <\/p>\n<p>En fin de soir\u00e9e, 25 g\u00e2teaux r\u00e9alis\u00e9s par 25 chefs-p\u00e2tissiers de renom ont \u00e9t\u00e9 partag\u00e9s entre les invit\u00e9s.<br \/>\nNotons que le groupe Calema reversera aussi  une partie des b\u00e9n\u00e9fices r\u00e9alis\u00e9s par la vente de son album \u00e0 la Fondation Children Of Africa.<\/p>\n<p><strong>EF  avec Sercom<\/strong><\/p>\n","protected":false},"excerpt":{"rendered":"<p>La C\u00f4te d\u2019Ivoire est doublement \u00e0 l\u2019honneur de la 25\u00e8me \u00e9dition du salon du Chocolat de Paris d\u2019autant plus que la Premi\u00e8re Dame, Dominique Ouattara a proc\u00e9d\u00e9 mardi 29 octobre 2019 au lancement officiel de la soir\u00e9e inaugurale de l\u2019\u00e9v\u00e8nement, \u00e0 la porte de Versailles Pavillon 4. Cette ann\u00e9e, le salon du chocolat de Paris [&hellip;]<\/p>\n","protected":false},"author":3,"featured_media":17196,"comment_status":"closed","ping_status":"closed","sticky":false,"template":"","format":"standard","meta":{"_monsterinsights_skip_tracking":false,"_monsterinsights_sitenote_active":false,"_monsterinsights_sitenote_note":"","_monsterinsights_sitenote_category":0,"footnotes":""},"categories":[2,3],"tags":[],"class_list":["post-17195","post","type-post","status-publish","format-standard","has-post-thumbnail","hentry","category-featured","category-societe"],"_links":{"self":[{"href":"https:\/\/www.lintelligentdabidjan.info\/news\/wp-json\/wp\/v2\/posts\/17195","targetHints":{"allow":["GET"]}}],"collection":[{"href":"https:\/\/www.lintelligentdabidjan.info\/news\/wp-json\/wp\/v2\/posts"}],"about":[{"href":"https:\/\/www.lintelligentdabidjan.info\/news\/wp-json\/wp\/v2\/types\/post"}],"author":[{"embeddable":true,"href":"https:\/\/www.lintelligentdabidjan.info\/news\/wp-json\/wp\/v2\/users\/3"}],"replies":[{"embeddable":true,"href":"https:\/\/www.lintelligentdabidjan.info\/news\/wp-json\/wp\/v2\/comments?post=17195"}],"version-history":[{"count":1,"href":"https:\/\/www.lintelligentdabidjan.info\/news\/wp-json\/wp\/v2\/posts\/17195\/revisions"}],"predecessor-version":[{"id":17197,"href":"https:\/\/www.lintelligentdabidjan.info\/news\/wp-json\/wp\/v2\/posts\/17195\/revisions\/17197"}],"wp:featuredmedia":[{"embeddable":true,"href":"https:\/\/www.lintelligentdabidjan.info\/news\/wp-json\/wp\/v2\/media\/17196"}],"wp:attachment":[{"href":"https:\/\/www.lintelligentdabidjan.info\/news\/wp-json\/wp\/v2\/media?parent=17195"}],"wp:term":[{"taxonomy":"category","embeddable":true,"href":"https:\/\/www.lintelligentdabidjan.info\/news\/wp-json\/wp\/v2\/categories?post=17195"},{"taxonomy":"post_tag","embeddable":true,"href":"https:\/\/www.lintelligentdabidjan.info\/news\/wp-json\/wp\/v2\/tags?post=17195"}],"curies":[{"name":"wp","href":"https:\/\/api.w.org\/{rel}","templated":true}]}}