{"id":17198,"date":"2019-10-31T00:07:52","date_gmt":"2019-10-30T23:07:52","guid":{"rendered":"https:\/\/www.lintelligentdabidjan.info\/news\/?p=17198"},"modified":"2019-10-31T00:08:11","modified_gmt":"2019-10-30T23:08:11","slug":"action-sociale-une-plateforme-creee-pour-lutter-contre-limmigration-clandestine","status":"publish","type":"post","link":"https:\/\/www.lintelligentdabidjan.info\/news\/action-sociale-une-plateforme-creee-pour-lutter-contre-limmigration-clandestine\/","title":{"rendered":"Action Sociale: Une plateforme cr\u00e9\u00e9e pour lutter contre l&#8217;immigration clandestine"},"content":{"rendered":"<p><em><strong>Le dimanche 27 octobre 2019, le mouvement Jeunesse Panafricaine a tenu son Assembl\u00e9e g\u00e9n\u00e9rale \u00e0 la Rivi\u00e9ra-Attoban dans la commune de Cocody.<\/strong><\/em><\/p>\n<p>Au cours de cette activit\u00e9 ax\u00e9e sur trois points tels que \u2018\u2019l&#8217;incitation des jeunes au travail\u2019\u2019, \u2018\u2019la sensibilisation de la jeunesse sur l&#8217;immigration clandestine\u2019\u2019 et \u2018\u2019avoir un esprit de travail\u2019\u2019, les membres de l&#8217;assembl\u00e9e ont proc\u00e9d\u00e9 \u00e0 l&#8217;adoption des statuts et r\u00e8glement int\u00e9rieur. Au sortir de cette rencontre, Amed Sylla a \u00e9t\u00e9 \u00e9lu Pr\u00e9sident de la &#8221;Jeunesse Panafricaine&#8221;. \u00c0 ce titre, il a adress\u00e9 un message de solidarit\u00e9, de paix et de coh\u00e9sion \u00e0 l&#8217;assembl\u00e9e. En plus, il a invit\u00e9 les jeunes africains  en particulier les jeunes Ivoiriens  \u00e0 se mettre au travail en se d\u00e9tournant des pratiques ignobles telles que l&#8217;immigration clandestine, la consommation de la drogue, etc. \u00ab Les jeunes africains sont t\u00eatus mais, nous allons aller vers eux, les sensibiliser, les conseiller et les r\u00e9ins\u00e9rer dans la soci\u00e9t\u00e9. Nous travaillons dans le but de r\u00e9duire le ph\u00e9nom\u00e8ne de la drogue aussi bien en Afrique   qu\u2019en C\u00f4te d&#8217;Ivoire.\u00bb, a indiqu\u00e9 le pr\u00e9sident de la jeunesse panafricaine. Il a \u00e9t\u00e9 \u00e9lu par acclamation pour  un mandat de 5 ans renouvelable. <\/p>\n<p><strong>MO avec KN<\/strong><\/p>\n","protected":false},"excerpt":{"rendered":"<p>Le dimanche 27 octobre 2019, le mouvement Jeunesse Panafricaine a tenu son Assembl\u00e9e g\u00e9n\u00e9rale \u00e0 la Rivi\u00e9ra-Attoban dans la commune de Cocody. Au cours de cette activit\u00e9 ax\u00e9e sur trois points tels que \u2018\u2019l&#8217;incitation des jeunes au travail\u2019\u2019, \u2018\u2019la sensibilisation de la jeunesse sur l&#8217;immigration clandestine\u2019\u2019 et \u2018\u2019avoir un esprit de travail\u2019\u2019, les membres de [&hellip;]<\/p>\n","protected":false},"author":3,"featured_media":17199,"comment_status":"closed","ping_status":"closed","sticky":false,"template":"","format":"standard","meta":{"_monsterinsights_skip_tracking":false,"_monsterinsights_sitenote_active":false,"_monsterinsights_sitenote_note":"","_monsterinsights_sitenote_category":0,"footnotes":""},"categories":[2,3],"tags":[],"class_list":["post-17198","post","type-post","status-publish","format-standard","has-post-thumbnail","hentry","category-featured","category-societe"],"_links":{"self":[{"href":"https:\/\/www.lintelligentdabidjan.info\/news\/wp-json\/wp\/v2\/posts\/17198","targetHints":{"allow":["GET"]}}],"collection":[{"href":"https:\/\/www.lintelligentdabidjan.info\/news\/wp-json\/wp\/v2\/posts"}],"about":[{"href":"https:\/\/www.lintelligentdabidjan.info\/news\/wp-json\/wp\/v2\/types\/post"}],"author":[{"embeddable":true,"href":"https:\/\/www.lintelligentdabidjan.info\/news\/wp-json\/wp\/v2\/users\/3"}],"replies":[{"embeddable":true,"href":"https:\/\/www.lintelligentdabidjan.info\/news\/wp-json\/wp\/v2\/comments?post=17198"}],"version-history":[{"count":1,"href":"https:\/\/www.lintelligentdabidjan.info\/news\/wp-json\/wp\/v2\/posts\/17198\/revisions"}],"predecessor-version":[{"id":17200,"href":"https:\/\/www.lintelligentdabidjan.info\/news\/wp-json\/wp\/v2\/posts\/17198\/revisions\/17200"}],"wp:featuredmedia":[{"embeddable":true,"href":"https:\/\/www.lintelligentdabidjan.info\/news\/wp-json\/wp\/v2\/media\/17199"}],"wp:attachment":[{"href":"https:\/\/www.lintelligentdabidjan.info\/news\/wp-json\/wp\/v2\/media?parent=17198"}],"wp:term":[{"taxonomy":"category","embeddable":true,"href":"https:\/\/www.lintelligentdabidjan.info\/news\/wp-json\/wp\/v2\/categories?post=17198"},{"taxonomy":"post_tag","embeddable":true,"href":"https:\/\/www.lintelligentdabidjan.info\/news\/wp-json\/wp\/v2\/tags?post=17198"}],"curies":[{"name":"wp","href":"https:\/\/api.w.org\/{rel}","templated":true}]}}