{"id":17201,"date":"2019-10-31T00:17:29","date_gmt":"2019-10-30T23:17:29","guid":{"rendered":"https:\/\/www.lintelligentdabidjan.info\/news\/?p=17201"},"modified":"2019-10-31T00:17:29","modified_gmt":"2019-10-30T23:17:29","slug":"gbagbo-a-la-cpi-pourquoi-l-etat-de-cote-divoire-sen-mele-sidi-toure","status":"publish","type":"post","link":"https:\/\/www.lintelligentdabidjan.info\/news\/gbagbo-a-la-cpi-pourquoi-l-etat-de-cote-divoire-sen-mele-sidi-toure\/","title":{"rendered":"Gbagbo \u00e0 la CPI : pourquoi l\u2019 \u00c9tat de C\u00f4te d\u2019Ivoire s\u2019en m\u00eale (Sidi Tour\u00e9)"},"content":{"rendered":"<p><em><strong>Devant la presse \u00e0 l\u2019issue du conseil des ministres du 30 octobre 2019, le ministre Sidi Tour\u00e9, porte-parole du gouvernement, a r\u00e9pondu \u00e0 une question sur la requ\u00eate adress\u00e9e par les avocats de l\u2019\u00c9tat de C\u00f4te d\u2019Ivoire \u00e0 la Cour p\u00e9nale internationale (CPI).<\/strong><\/em><\/p>\n<p>\u00ab L\u2019\u00c9tat de C\u00f4te d\u2019Ivoire n\u2019interf\u00e8re pas dans les proc\u00e9dures judiciaires, mais c\u2019est dans l\u2019ordre des proc\u00e9dures qu\u2019une interf\u00e9rence peut avoir lieu. Il y a eu 3. 000 morts en C\u00f4te d\u2019Ivoire; je souhaiterais que nous puissions avoir de la compassion pour les morts et leurs familles \u00bb, a dit Sidi Tour\u00e9, par rapport \u00e0 la volont\u00e9 de la \u00c9tat de C\u00f4te d\u2019Ivoire, de s\u2019opposer \u00e0 la requ\u00eate d\u00e9pos\u00e9e par la d\u00e9fense du pr\u00e9sident Laurent Gbagbo, visant \u00e0 faire obtenir \u00e0 l\u2019ex Pr\u00e9sident ivoirien la restitution de l\u2019int\u00e9gralit\u00e9 de ses droits humains fondamentaux. <\/p>\n<p><strong>Olivier  D <\/strong><\/p>\n","protected":false},"excerpt":{"rendered":"<p>Devant la presse \u00e0 l\u2019issue du conseil des ministres du 30 octobre 2019, le ministre Sidi Tour\u00e9, porte-parole du gouvernement, a r\u00e9pondu \u00e0 une question sur la requ\u00eate adress\u00e9e par les avocats de l\u2019\u00c9tat de C\u00f4te d\u2019Ivoire \u00e0 la Cour p\u00e9nale internationale (CPI). \u00ab L\u2019\u00c9tat de C\u00f4te d\u2019Ivoire n\u2019interf\u00e8re pas dans les proc\u00e9dures judiciaires, mais [&hellip;]<\/p>\n","protected":false},"author":3,"featured_media":17202,"comment_status":"closed","ping_status":"closed","sticky":false,"template":"","format":"standard","meta":{"_monsterinsights_skip_tracking":false,"_monsterinsights_sitenote_active":false,"_monsterinsights_sitenote_note":"","_monsterinsights_sitenote_category":0,"footnotes":""},"categories":[2,17],"tags":[],"class_list":["post-17201","post","type-post","status-publish","format-standard","has-post-thumbnail","hentry","category-featured","category-politique"],"_links":{"self":[{"href":"https:\/\/www.lintelligentdabidjan.info\/news\/wp-json\/wp\/v2\/posts\/17201","targetHints":{"allow":["GET"]}}],"collection":[{"href":"https:\/\/www.lintelligentdabidjan.info\/news\/wp-json\/wp\/v2\/posts"}],"about":[{"href":"https:\/\/www.lintelligentdabidjan.info\/news\/wp-json\/wp\/v2\/types\/post"}],"author":[{"embeddable":true,"href":"https:\/\/www.lintelligentdabidjan.info\/news\/wp-json\/wp\/v2\/users\/3"}],"replies":[{"embeddable":true,"href":"https:\/\/www.lintelligentdabidjan.info\/news\/wp-json\/wp\/v2\/comments?post=17201"}],"version-history":[{"count":1,"href":"https:\/\/www.lintelligentdabidjan.info\/news\/wp-json\/wp\/v2\/posts\/17201\/revisions"}],"predecessor-version":[{"id":17203,"href":"https:\/\/www.lintelligentdabidjan.info\/news\/wp-json\/wp\/v2\/posts\/17201\/revisions\/17203"}],"wp:featuredmedia":[{"embeddable":true,"href":"https:\/\/www.lintelligentdabidjan.info\/news\/wp-json\/wp\/v2\/media\/17202"}],"wp:attachment":[{"href":"https:\/\/www.lintelligentdabidjan.info\/news\/wp-json\/wp\/v2\/media?parent=17201"}],"wp:term":[{"taxonomy":"category","embeddable":true,"href":"https:\/\/www.lintelligentdabidjan.info\/news\/wp-json\/wp\/v2\/categories?post=17201"},{"taxonomy":"post_tag","embeddable":true,"href":"https:\/\/www.lintelligentdabidjan.info\/news\/wp-json\/wp\/v2\/tags?post=17201"}],"curies":[{"name":"wp","href":"https:\/\/api.w.org\/{rel}","templated":true}]}}