{"id":1732,"date":"2016-12-02T00:00:07","date_gmt":"2016-12-01T23:00:07","guid":{"rendered":"http:\/\/www.lintelligentdabidjan.info\/news\/?p=1732"},"modified":"2016-12-02T00:00:07","modified_gmt":"2016-12-01T23:00:07","slug":"olivier-akoto-a-propos-des-legislatives-2016-ma-victoire-sera-dediee-au-president-bedie-et-a-toute-la-jeunesse-du-pdci","status":"publish","type":"post","link":"https:\/\/www.lintelligentdabidjan.info\/news\/olivier-akoto-a-propos-des-legislatives-2016-ma-victoire-sera-dediee-au-president-bedie-et-a-toute-la-jeunesse-du-pdci\/","title":{"rendered":"Olivier Akoto, \u00e0 propos des l\u00e9gislatives 2016 : &#8220;Ma victoire sera d\u00e9di\u00e9e au pr\u00e9sident B\u00e9di\u00e9 et \u00e0 toute la jeunesse du Pdci&#8221;"},"content":{"rendered":"<p>Olivier Akoto, candidat ind\u00e9pendant aux l\u00e9gislatives 2016, \u00e9tait face \u00e0 la presse, le mercredi 30 novembre 2016, dans la commune de Cocody.<!--more--><\/p>\n<p> Il s\u2019agissait pour le candidat d\u2019\u00e9clairer la lanterne de la classe politique et \u00e0 sa formation politique sur les motivations de sa candidature. Ce, une semaine apr\u00e8s la validation de sa candidature par la Commission \u00e9lectorale. S\u2019agissant de sa volont\u00e9 de briguer un poste au parlement, certaines rumeurs qui enflent, indiqueraient qu\u2019Olivier Akoto d\u00e9fierait les r\u00e8gles \u00e9tablies par sa formation politique interdisant tout militant \u00e0 aller \u00e0 cette \u00e9ch\u00e9ance \u00e9lectorale sous la banni\u00e8re ind\u00e9pendante. Sur ce point, il a voulu lever toute \u00e9quivoque. \u00ab Le pr\u00e9sident Henri Konan B\u00e9di\u00e9 est notre p\u00e8re \u00e0 tous. Je l\u2019ai inform\u00e9 personnellement de ma candidature depuis l\u2019entame de ma pr\u00e9campagne (\u2026) Aujourd\u2019hui, il y a un choix qui est fait, le choix du Rhdp que je respecte. Au Pdci-Rda, dans nos textes, le tour des \u00e9tapes, ce sont les primaires. Et cela n\u2019a pas \u00e9t\u00e9 respect\u00e9. Ma candidature n\u2019a pas pour vocation d\u2019aller \u00e0 l\u2019encontre des r\u00e8gles que le parti s\u2019est fix\u00e9, ni de d\u00e9fier mes a\u00een\u00e9s, mes ma\u00eetres ou encore moins le pr\u00e9sident B\u00e9di\u00e9 qui est mon p\u00e8re et mon rep\u00e8re. Ma victoire sera d\u00e9di\u00e9e au pr\u00e9sident B\u00e9di\u00e9 et \u00e0 toute la jeunesse du Pdci \u00bb, a estim\u00e9 celui qui se pr\u00e9sente dans la circonscription \u00e9lectorale de Daoukro-N\u2019gattakro (Sous- pr\u00e9fecture et commune). Se pronon\u00e7ant sur les raisons qui l\u2019ont pouss\u00e9 \u00e0 se mettre dans le starting-block, il dit s\u2019appuyer sur la volont\u00e9 de sa formation, le Pdci mais \u00e9galement celle des pr\u00e9sidents Henri Konan B\u00e9di\u00e9 et Alassane Ouattara \u00e0 permettre aux jeunes de s\u2019\u00e9panouir politiquement : \u00ab Ma candidature r\u00e9pond ais\u00e9ment \u00e0 la mise en \u0153uvre du 12e Congr\u00e8s du Pdci-Rda qui s\u2019est tenu en Octobre 2014, avec pour th\u00e8me : \u00ab Renouveau, Rajeunissement et Renaissance \u00bb. Aussi, le pr\u00e9sident Alassane Ouattara a dit \u00e0 plusieurs reprises qu\u2019il c\u00e8dera la place aux plus jeunes dans quelques ann\u00e9es. C\u2019est dans cette dynamique que je m\u2019inscris \u00bb. Avant d\u2019ajouter : \u00ab cela consacre l\u2019\u00e9mergence d\u2019une classe politique nouvelle, jeune. C\u2019est la rupture entre la volont\u00e9 de la base et les choix impos\u00e9s\u00bb. Une base, dit-il, qui est de son c\u00f4t\u00e9. En ce qui concerne les \u00e9ventuelles menaces qui planeraient sur lui s\u2019il ne se retirait pas de la course, il dit ne rien craindre : \u00ab Chaque g\u00e9n\u00e9ration a une mission. Tu la remplis ou tu la trahis. Moi, j\u2019ai d\u00e9cid\u00e9 de ne pas trahir la mienne. Je suis un homme de conviction. Les menaces ne peuvent pas me d\u00e9sorienter de ma position. Je fais aussi confiance \u00e0 mon parti qui est un  parti d\u00e9mocratique, incarn\u00e9 par un grand d\u00e9mocrate qu\u2019est le pr\u00e9sident B\u00e9di\u00e9 \u00bb. Par ailleurs, il a r\u00e9agi sur l\u2019apparente non-promotion des jeunes du Pdci, Olivier Akoto a indiqu\u00e9 que \u00ab le Pdci n\u2019est pas un parti de vieux comme les gens aiment dire pour nous narguer. Le Pdci a su faire la promotion des jeunes. La plupart de nos ma\u00eetres aujourd\u2019hui sont entr\u00e9s dans la vie active \u00e0 partir de 30% \u00bb. Sur sa lanc\u00e9e, il a \u00e9t\u00e9 invit\u00e9 \u00e0 lever un coin de voile sur la rencontre que le Secr\u00e9taire ex\u00e9cutif avec les candidats la veille (mardi 29 novembre, Ndlr) \u00e0 la maison du parti \u00e0 Cocody. A ce propos, il a d\u00e9clar\u00e9 : \u00ab Il y a eu 18 personnes ont \u00e9t\u00e9 convoqu\u00e9s hier (mardi 29 novembre). Ce sont les d\u00e9l\u00e9gu\u00e9s Pdci-Rda qui sont aussi candidats ind\u00e9pendants. Je n\u2019ai pas \u00e9t\u00e9 convoqu\u00e9\u00bb.<\/p>\n<p>NY<\/p>\n","protected":false},"excerpt":{"rendered":"<p>Olivier Akoto, candidat ind\u00e9pendant aux l\u00e9gislatives 2016, \u00e9tait face \u00e0 la presse, le mercredi 30 novembre 2016, dans la commune de Cocody.<\/p>\n","protected":false},"author":2,"featured_media":1733,"comment_status":"closed","ping_status":"closed","sticky":false,"template":"","format":"standard","meta":{"_monsterinsights_skip_tracking":false,"_monsterinsights_sitenote_active":false,"_monsterinsights_sitenote_note":"","_monsterinsights_sitenote_category":0,"footnotes":""},"categories":[2,17],"tags":[],"class_list":["post-1732","post","type-post","status-publish","format-standard","has-post-thumbnail","hentry","category-featured","category-politique"],"_links":{"self":[{"href":"https:\/\/www.lintelligentdabidjan.info\/news\/wp-json\/wp\/v2\/posts\/1732","targetHints":{"allow":["GET"]}}],"collection":[{"href":"https:\/\/www.lintelligentdabidjan.info\/news\/wp-json\/wp\/v2\/posts"}],"about":[{"href":"https:\/\/www.lintelligentdabidjan.info\/news\/wp-json\/wp\/v2\/types\/post"}],"author":[{"embeddable":true,"href":"https:\/\/www.lintelligentdabidjan.info\/news\/wp-json\/wp\/v2\/users\/2"}],"replies":[{"embeddable":true,"href":"https:\/\/www.lintelligentdabidjan.info\/news\/wp-json\/wp\/v2\/comments?post=1732"}],"version-history":[{"count":1,"href":"https:\/\/www.lintelligentdabidjan.info\/news\/wp-json\/wp\/v2\/posts\/1732\/revisions"}],"predecessor-version":[{"id":1734,"href":"https:\/\/www.lintelligentdabidjan.info\/news\/wp-json\/wp\/v2\/posts\/1732\/revisions\/1734"}],"wp:featuredmedia":[{"embeddable":true,"href":"https:\/\/www.lintelligentdabidjan.info\/news\/wp-json\/wp\/v2\/media\/1733"}],"wp:attachment":[{"href":"https:\/\/www.lintelligentdabidjan.info\/news\/wp-json\/wp\/v2\/media?parent=1732"}],"wp:term":[{"taxonomy":"category","embeddable":true,"href":"https:\/\/www.lintelligentdabidjan.info\/news\/wp-json\/wp\/v2\/categories?post=1732"},{"taxonomy":"post_tag","embeddable":true,"href":"https:\/\/www.lintelligentdabidjan.info\/news\/wp-json\/wp\/v2\/tags?post=1732"}],"curies":[{"name":"wp","href":"https:\/\/api.w.org\/{rel}","templated":true}]}}