{"id":17345,"date":"2019-11-08T00:04:36","date_gmt":"2019-11-07T23:04:36","guid":{"rendered":"https:\/\/www.lintelligentdabidjan.info\/news\/?p=17345"},"modified":"2019-11-08T00:07:28","modified_gmt":"2019-11-07T23:07:28","slug":"solidarite-abdoul-abiba-pourquoi-jai-cree-nouvelle-generation-abiba","status":"publish","type":"post","link":"https:\/\/www.lintelligentdabidjan.info\/news\/solidarite-abdoul-abiba-pourquoi-jai-cree-nouvelle-generation-abiba\/","title":{"rendered":"Solidarit\u00e9 &#8211; Abdoul Abiba :\u201cPourquoi j\u2019ai cr\u00e9\u00e9 Nouvelle G\u00e9n\u00e9ration Abiba\u201d"},"content":{"rendered":"<p><em><strong>Abdoul Abiba,  pr\u00e9sidente de la Nouvelle G\u00e9n\u00e9ration Abiba (NGA)  a donn\u00e9 une conf\u00e9rence de presse le mardi 5 novembre 2019 \u00e0 la maire d\u2019Adjam\u00e9 pour expliquer sa vision de la solidarit\u00e9 humaine.<\/strong><\/em><\/p>\n<p>La conf\u00e9renci\u00e8re, \u00e0 cette occasion, a expliqu\u00e9  les raisons  de la cr\u00e9ation de son mouvement. Selon elle, il  consiste  \u00e0 aider, \u00e0 former et \u00e0 rendre autonomes les jeunes. Elle  a  r\u00e9v\u00e9l\u00e9 que la  formation d\u2019esth\u00e9ticienne  qu\u2019elle a re\u00e7ue,  il y a des ann\u00e9es,  l\u2019a rendue autonome et elle veut la partager avec ses fr\u00e8res et s\u0153urs Ivoiriens pour que ceux-ci aient un lendemain meilleur. Poursuivant, Abdoul Abiba a soulign\u00e9   :\u00ab  Ensemble, nous devons unir nos forces, partager nos exp\u00e9riences afin que nos petits fr\u00e8res et nos petites s\u0153urs  acqui\u00e8rent des formations pratiques dans diff\u00e9rents m\u00e9tiers pour leur autonomisation. Le mouvement est cr\u00e9\u00e9  le    07 octobre 2019 et a  d\u00e9j\u00e0 sillonn\u00e9 les 13 communes d&#8217;Abidjan. Il  a pris en compte 10 jeunes par commune soit 130 jeunes \u00e0 Abidjan pour leur formation \u00bb.  Et de dire :\u00ab  Dans un premier temps , je formerais personnellement les premiers jeunes choisis dans les diff\u00e9rents m\u00e9tiers tels que la manucure et la p\u00e9dicure, les soins de visages, la coiffure,  le perlage, et  la couture et autres\u00bb.<br \/>\n\u00c0 la question de savoir comment leur insertion sera faite, la pr\u00e9sidente-esth\u00e9ticienne r\u00e9pond : \u00ab \u00c0 la fin de ces formations pratiques, nous savons d\u00e9j\u00e0 comment les ins\u00e9rer automatiquement dans un circuit professionnel pour que chacun vole de ses propre ailes, c&#8217;est comme ainsi que j&#8217;ai d\u00e9marr\u00e9 ma carri\u00e8re professionnelle et j&#8217;aimerais par mon exemple, emmener ces jeunes \u00e0 progresser, \u00e0 \u00e9merger et surtout devenir ind\u00e9pendants \u00bb.<br \/>\nLa  Nouvelle G\u00e9n\u00e9ration Abiba (NGA)  est un mouvement apolitique.<br \/>\n<strong><br \/>\n MO avec OM<\/strong><\/p>\n","protected":false},"excerpt":{"rendered":"<p>Abdoul Abiba, pr\u00e9sidente de la Nouvelle G\u00e9n\u00e9ration Abiba (NGA) a donn\u00e9 une conf\u00e9rence de presse le mardi 5 novembre 2019 \u00e0 la maire d\u2019Adjam\u00e9 pour expliquer sa vision de la solidarit\u00e9 humaine. La conf\u00e9renci\u00e8re, \u00e0 cette occasion, a expliqu\u00e9 les raisons de la cr\u00e9ation de son mouvement. Selon elle, il consiste \u00e0 aider, \u00e0 former [&hellip;]<\/p>\n","protected":false},"author":3,"featured_media":17346,"comment_status":"closed","ping_status":"closed","sticky":false,"template":"","format":"standard","meta":{"_monsterinsights_skip_tracking":false,"_monsterinsights_sitenote_active":false,"_monsterinsights_sitenote_note":"","_monsterinsights_sitenote_category":0,"footnotes":""},"categories":[2,3],"tags":[],"class_list":["post-17345","post","type-post","status-publish","format-standard","has-post-thumbnail","hentry","category-featured","category-societe"],"_links":{"self":[{"href":"https:\/\/www.lintelligentdabidjan.info\/news\/wp-json\/wp\/v2\/posts\/17345","targetHints":{"allow":["GET"]}}],"collection":[{"href":"https:\/\/www.lintelligentdabidjan.info\/news\/wp-json\/wp\/v2\/posts"}],"about":[{"href":"https:\/\/www.lintelligentdabidjan.info\/news\/wp-json\/wp\/v2\/types\/post"}],"author":[{"embeddable":true,"href":"https:\/\/www.lintelligentdabidjan.info\/news\/wp-json\/wp\/v2\/users\/3"}],"replies":[{"embeddable":true,"href":"https:\/\/www.lintelligentdabidjan.info\/news\/wp-json\/wp\/v2\/comments?post=17345"}],"version-history":[{"count":3,"href":"https:\/\/www.lintelligentdabidjan.info\/news\/wp-json\/wp\/v2\/posts\/17345\/revisions"}],"predecessor-version":[{"id":17349,"href":"https:\/\/www.lintelligentdabidjan.info\/news\/wp-json\/wp\/v2\/posts\/17345\/revisions\/17349"}],"wp:featuredmedia":[{"embeddable":true,"href":"https:\/\/www.lintelligentdabidjan.info\/news\/wp-json\/wp\/v2\/media\/17346"}],"wp:attachment":[{"href":"https:\/\/www.lintelligentdabidjan.info\/news\/wp-json\/wp\/v2\/media?parent=17345"}],"wp:term":[{"taxonomy":"category","embeddable":true,"href":"https:\/\/www.lintelligentdabidjan.info\/news\/wp-json\/wp\/v2\/categories?post=17345"},{"taxonomy":"post_tag","embeddable":true,"href":"https:\/\/www.lintelligentdabidjan.info\/news\/wp-json\/wp\/v2\/tags?post=17345"}],"curies":[{"name":"wp","href":"https:\/\/api.w.org\/{rel}","templated":true}]}}