{"id":17356,"date":"2019-11-08T00:23:30","date_gmt":"2019-11-07T23:23:30","guid":{"rendered":"https:\/\/www.lintelligentdabidjan.info\/news\/?p=17356"},"modified":"2019-11-08T00:24:32","modified_gmt":"2019-11-07T23:24:32","slug":"30-31-octobre-2014-5eme-anniversaire-de-linsurrection-burkinabe-djihadistes-et-terroristes-ont-tout-gate","status":"publish","type":"post","link":"https:\/\/www.lintelligentdabidjan.info\/news\/30-31-octobre-2014-5eme-anniversaire-de-linsurrection-burkinabe-djihadistes-et-terroristes-ont-tout-gate\/","title":{"rendered":"30-31 octobre 2014 : 5\u00e8me anniversaire de l\u2019insurrection burkinab\u00e9 Djihadistes et terroristes ont \u00ab tout g\u00e2t\u00e9\u2026 \u00bb"},"content":{"rendered":"<p><em><strong>Aujourd\u2019hui, le principal sujet de conversation au Burkina Faso, c\u2019est bien le 5\u00e8me anniversaire de l\u2019insurrection populaire qui a chass\u00e9 Blaise Compaor\u00e9 du pouvoir \u00e0 Ouaga.<\/strong><\/em><\/p>\n<p>Dans les r\u00e9dactions occidentales et africaines, on disserte sur les cons\u00e9quences et avantages de l\u2019insurrection du mois d\u2019octobre 2014.<br \/>\n\u00c0 Paris, Washington, Abidjan, au Maroc, chaque r\u00e9daction y va de son explication  sur le bilan de l\u2019insurrection : De vives pol\u00e9miques sont relay\u00e9es autour de cet \u00e9v\u00e8nement qui a secou\u00e9  le Burkina Faso.<br \/>\nMais l\u2019int\u00e9r\u00eat que suscite le 5\u00e8me anniversaire de l\u2019insurrection au Burkina Faso n\u2019est pas sans raison.<br \/>\nAujourd&#8217;hui, les Burkinab\u00e8 subissent un autre ph\u00e9nom\u00e8ne avec pressions : le terrorisme et le djihadisme.<br \/>\nUne sale guerre   \u00e0 laquelle Roch Marc Christian Kabor\u00e9 ne s\u2019 attendait pas .<br \/>\nUn ph\u00e9nom\u00e8ne qui se fait cruellement sentir chez tous les Burkinab\u00e8. Des \u00e9coles ferm\u00e9es, des r\u00e9gions administratives, politiques, \u00e9conomiques abandonn\u00e9es.<\/p>\n<p>Faut-il accuser le pr\u00e9sident Burkinab\u00e8 ?  \u00c9videmment pas. <\/p>\n<p>Roch Marc Christian Kabor\u00e9 est confront\u00e9 au terrorisme. Que faut-il g\u00e9rer ? Faire la promotion du d\u00e9veloppement du Burkina ou faire la guerre totale aux terroristes ? <\/p>\n<p>C\u2019est dommage que les arm\u00e9es du G5 Sahel renforc\u00e9es par les militaires des Nations-Unies, ne fassent pas le poids dans cette crise du Sahel.<br \/>\nDramatique comportement de la Communaut\u00e9 \u00e9conomique des \u00c9tats de l\u2019Afrique de l\u2019Ouest (Cedeao) et de son arm\u00e9e d\u2019interposition qui brillent par son \u2018\u2019silence\u2019\u2019 radio contre les terroristes au Burkina Faso.<br \/>\nDommage encore qu\u2019on fasse appel \u00e0 l\u2019arm\u00e9e fran\u00e7aise dont l\u2019exp\u00e9rience avec l\u2019op\u00e9ration Barkhane, reste sans succ\u00e8s au Mali. Que la France se renforce avec toutes les arm\u00e9es europ\u00e9ennes au Burkina Faso, la probl\u00e9matique reste pos\u00e9e.<br \/>\nConclusion : Roch Marc Christian Kabor\u00e9 ne peut faire un bilan de sa propre gestion et de l\u2019insurrection qui a chass\u00e9 le 31 octobre 2014, le pr\u00e9sident Blaise Compaor\u00e9. <\/p>\n<p><strong>Ben Ismael<\/strong><\/p>\n","protected":false},"excerpt":{"rendered":"<p>Aujourd\u2019hui, le principal sujet de conversation au Burkina Faso, c\u2019est bien le 5\u00e8me anniversaire de l\u2019insurrection populaire qui a chass\u00e9 Blaise Compaor\u00e9 du pouvoir \u00e0 Ouaga. Dans les r\u00e9dactions occidentales et africaines, on disserte sur les cons\u00e9quences et avantages de l\u2019insurrection du mois d\u2019octobre 2014. \u00c0 Paris, Washington, Abidjan, au Maroc, chaque r\u00e9daction y va [&hellip;]<\/p>\n","protected":false},"author":3,"featured_media":0,"comment_status":"closed","ping_status":"closed","sticky":false,"template":"","format":"standard","meta":{"_monsterinsights_skip_tracking":false,"_monsterinsights_sitenote_active":false,"_monsterinsights_sitenote_note":"","_monsterinsights_sitenote_category":0,"footnotes":""},"categories":[2,1],"tags":[],"class_list":["post-17356","post","type-post","status-publish","format-standard","hentry","category-featured","category-actualites"],"_links":{"self":[{"href":"https:\/\/www.lintelligentdabidjan.info\/news\/wp-json\/wp\/v2\/posts\/17356","targetHints":{"allow":["GET"]}}],"collection":[{"href":"https:\/\/www.lintelligentdabidjan.info\/news\/wp-json\/wp\/v2\/posts"}],"about":[{"href":"https:\/\/www.lintelligentdabidjan.info\/news\/wp-json\/wp\/v2\/types\/post"}],"author":[{"embeddable":true,"href":"https:\/\/www.lintelligentdabidjan.info\/news\/wp-json\/wp\/v2\/users\/3"}],"replies":[{"embeddable":true,"href":"https:\/\/www.lintelligentdabidjan.info\/news\/wp-json\/wp\/v2\/comments?post=17356"}],"version-history":[{"count":2,"href":"https:\/\/www.lintelligentdabidjan.info\/news\/wp-json\/wp\/v2\/posts\/17356\/revisions"}],"predecessor-version":[{"id":17358,"href":"https:\/\/www.lintelligentdabidjan.info\/news\/wp-json\/wp\/v2\/posts\/17356\/revisions\/17358"}],"wp:attachment":[{"href":"https:\/\/www.lintelligentdabidjan.info\/news\/wp-json\/wp\/v2\/media?parent=17356"}],"wp:term":[{"taxonomy":"category","embeddable":true,"href":"https:\/\/www.lintelligentdabidjan.info\/news\/wp-json\/wp\/v2\/categories?post=17356"},{"taxonomy":"post_tag","embeddable":true,"href":"https:\/\/www.lintelligentdabidjan.info\/news\/wp-json\/wp\/v2\/tags?post=17356"}],"curies":[{"name":"wp","href":"https:\/\/api.w.org\/{rel}","templated":true}]}}