{"id":17379,"date":"2019-11-09T13:19:51","date_gmt":"2019-11-09T12:19:51","guid":{"rendered":"https:\/\/www.lintelligentdabidjan.info\/news\/?p=17379"},"modified":"2019-11-09T16:38:44","modified_gmt":"2019-11-09T15:38:44","slug":"interview-barthelemey-inabo-a-propos-de-soro-un-politicien-qui-a-fait-de-la-sorcellerie-ne-doit-pas","status":"publish","type":"post","link":"https:\/\/www.lintelligentdabidjan.info\/news\/interview-barthelemey-inabo-a-propos-de-soro-un-politicien-qui-a-fait-de-la-sorcellerie-ne-doit-pas\/","title":{"rendered":"Interview-Barth\u00e9lemey Inabo \u00e0 propos de Soro : un politicien qui a fait de la sorcellerie ne doit pas"},"content":{"rendered":"<p><em><strong><br \/>\nDans cette interview parue  dans la version papier de l\u2019IA le  mercredi 6 novembre 2019, Barth\u00e9l\u00e9my Inabo revient sur le retour de l\u2019\u00e9mission t\u00e9l\u00e9 Vari\u00e9toscope. L\u2019ex animateur-vedette et producteur t\u00e9l\u00e9 jette \u00e9galement un regard sur la situation politique ivoirienne \u00e0 l\u2019horizon de 2020.<\/strong><br \/>\n<\/em><\/p>\n<p><strong>9 ans apr\u00e8s le retour de l\u2019\u00e9mission Vari\u00e9toscope a -t-il  un retour  gagnant ?<\/strong><\/p>\n<p>Oui, quand m\u00eame. Il ne faut pas cracher dans la soupe. Nous avons certes gagn\u00e9 notre pari, mais ce n\u2019est pas le mien, c\u2019est celui du Directeur g\u00e9n\u00e9ral de la RTI (Radiodiffusion t\u00e9l\u00e9vision ivoirienne : Ndlr). Je le dis tous les jours et on me dit que je suis un laudateur, pas du tout ! Voil\u00e0 quelqu\u2019un qui a cru qu\u2019on pouvait r\u00e9veiller une \u00e9mission qui a disparu depuis 9 ans. Et il nous a demand\u00e9 est-ce qu\u2019on pouvait tenir. J\u2019\u00e9tais sceptique. J\u2019ai dit : \u2018\u2019vraiment, une \u00e9mission qui se pr\u00e9pare avec 12 personnes, nous ne sommes rest\u00e9s que 3. Et avec Kon\u00e9 Siriki Sil, \u00e7a faisait 4 personnes\u2019\u2019. Il \u00e9tait donc difficile pour moi de tenter le pari et il m\u2019a dit : \u00aballez-y, je vous soutiens\u00bb. Et nous sommes partis pour relancer l\u2019\u00e9mission. Donc, la r\u00e9ussite d\u00e9pend essentiellement des choix du Directeur g\u00e9n\u00e9ral de la RTI. Je voulais vraiment, \u00e0 travers vous, lui dire merci, et lui tirer mon chapeau. Et cela nous a galvanis\u00e9 nous-m\u00eames pour atteindre un tel niveau qui pour nous, est un niveau interm\u00e9diaire. Parce que pour nous, Vari\u00e9toscope fait le plein du Palais des Sports. C\u2019est-\u00e0-dire, 10 mille personnes par manche et l\u00e0, nous n\u2019\u00e9tions pas tr\u00e8s loin de ce chiffre \u00e0 la finale mais nous pensons que l\u2019ann\u00e9e prochaine, nous allons aller un peu plus.<br \/>\n<strong><br \/>\nBarth\u00e9l\u00e9my Inabo aussi est une image. Est-ce que cela aussi a jou\u00e9 ?<\/strong><\/p>\n<p>J\u2019esp\u00e8re que mon image tient encore la route, et que cela a jou\u00e9 positivement. Ici, en Afrique, on a l\u2019art de d\u00e9truire des gens qui ont pris un certain \u00e2ge,  alors que lorsque je regarde Michel Drucker animer encore, comme si de rien n\u2019\u00e9tait, alors qu\u2019il a 76 ans, tr\u00e8s loin de moi. Je pense que l\u2019exp\u00e9rience est importante pour faire de telle \u00e9mission. L\u2019exp\u00e9rience est \u00e9galement importante pour transmettre ce qu\u2019on sait. Transmettre ce que nous avons appris \u00e0 la jeune g\u00e9n\u00e9ration, c\u2019est ce que j\u2019essaie de faire, avec Vari\u00e9toscope.<\/p>\n<p><strong><br \/>\nNous allons changer de sujet pour parler du Bureau ivoirien du droit d\u2019auteur (Burida) o\u00f9 plusieurs camps se regardent en chien de fa\u00efence. En votre qualit\u00e9 de producteur enregistr\u00e9 au Burida, qu\u2019en pensez-vous ?<\/strong><\/p>\n<p>Je trouve vraiment regrettable qu\u2019on arrive \u00e0 un tel niveau. Heureusement que monsieur le ministre a essay\u00e9 de rapprocher les diff\u00e9rents antagonistes. Ce que je voulais dire aux jeunes fr\u00e8res qui se battent pour le contr\u00f4le du Burida, est que ce n\u2019est pas dans les invectives qu\u2019on peut arriver \u00e0 sauver une maison qui a beaucoup de difficult\u00e9s. Je pense qu\u2019on peut mieux faire, qu\u2019on peut mieux g\u00e9rer le Burida. Comme la temp\u00eate commence \u00e0 s\u2019estomper, je pense que les gens vont s\u2019entendre sur une r\u00e8gle de conduite \u00e0 tenir pour que la maison tienne bon. Le Burida est une maison \u00e0 laquelle j\u2019appartiens, comme vous l\u2019avez soulign\u00e9 en tant que producteur. Nous devions avoir une autre image du Burida, que de se retrouver toujours dans les m\u00e9dias en train d\u2019\u00eatre au centre des disputes inutiles.<\/p>\n<p><strong><br \/>\nQue proposez-vous alors pour une sortie de crise au Burida ?<\/strong><\/p>\n<p>Ma proposition est de mettre en place une administration provisoire avec des membres qui s\u2019affrontent qui ont certainement de bonnes id\u00e9es, qui vont se mettre ensemble pour que chacun apporte ses id\u00e9es pour faire avancer le BURIDA.<\/p>\n<p><strong><br \/>\nNous allons parler politique, notamment votre regard sur la classe politique , avec en point de mire l\u2019\u00e9lection pr\u00e9sidentielle de 2020 ?<\/strong><\/p>\n<p>J\u2019avoue que j\u2019ai un peu peur du niveau de langue qu\u2019on utilise ici en C\u00f4te d\u2019Ivoire pour faire de la politique. Cela n\u2019a rien \u00e0 voir avec la politique qu\u2019on voit ailleurs. Je souhaite que les acteurs politiques mettent un peu d\u2019eau dans leur vin,  parce que les jeunes de 2010 ne sont plus les m\u00eames aujourd\u2019hui. Je pense qu\u2019il y a beaucoup de  jeunes qui apprennent de mauvaises choses en \u00e9coutant les leaders politiques qu\u2019ils suivent. Il faut surtout penser au d\u00e9veloppement et \u00e0 l\u2019harmonie de notre pays\u2026<br \/>\n<strong><br \/>\nAujourd\u2019hui, il y a d\u00e9bat sur une \u00e9ventuelle candidature pour un 3\u00e8 mandat d\u2019Alassane Ouattara. Qu\u2019en pensez-vous ?<\/strong><\/p>\n<p>J\u2019avoue que je n\u2019ai pas tr\u00e8s bien lu les dispositions r\u00e9glementaires en la mati\u00e8re. Mais si celles-ci lui permettent d\u2019\u00eatre candidat, si on est d\u00e9mocrate on doit l\u2019accepter. Si les dispositions r\u00e9glementaires ne lui permettent pas d\u2019\u00eatre candidat, il serait sage que le Pr\u00e9sident de la R\u00e9publique ne se pr\u00e9sente pas.  Toutefois il ne faudrait pas que les dispositions r\u00e9glementaires autorisent quelqu\u2019un \u00e0 \u00eatre candidat et qu\u2019on lui dise : \u2018\u2019non, non, ne soit pas candidat pour des raisons politiques \u00bb. \u00c7a ne tient pas la route. Ou bien on est d\u00e9mocrate, ou bien on ne l\u2019est pas. Comme le Pr\u00e9sident Ouattara l\u2019a dit lui-m\u00eame, il faut passer le t\u00e9moin \u00e0 une nouvelle g\u00e9n\u00e9ration politique, d\u2019autant plus que j\u2019ai l\u2019impression que l\u2019ancienne g\u00e9n\u00e9ration est dans les querelles \u00e0 n\u2019en point finir. Je pense qu\u2019une nouvelle g\u00e9n\u00e9ration va essayer d\u2019apaiser les c\u0153urs ; qu\u2019il serait sage que l\u2019ancienne g\u00e9n\u00e9ration tende la main \u00e0 la nouvelle g\u00e9n\u00e9ration. Ce serait vraiment sage, sinon, ce serait comme au Burida avec des querelles \u00e0 n\u2019en point finir, avec une histoire de \u2018\u2019l\u00e8ves-toi et je m\u2019y mette\u2019\u2019.  Et \u00e7a, ce n\u2019est pas bien.<\/p>\n<p><strong>Que pensez-vous de la situation que vivent Laurent Gbagbo et Charles Bl\u00e9 Goud\u00e9 qui, bien qu\u2019acquitt\u00e9s, ne sont pas libres de tout mouvement ?<\/strong><\/p>\n<p>Je pense qu\u2019on aurait d\u00fb r\u00e9gler cela entre nous. Sinc\u00e8rement ! \u00c7a nous aurait \u00e9vit\u00e9 beaucoup de chose. Mais comme la proc\u00e9dure est en cours, il serait mals\u00e9ant de ma part d\u2019apporter un jugement. Je ne peux qu\u2019\u00eatre heureux qu\u2019ils soient en libert\u00e9 parce que ce sont des parents mais je suis loin des options politiques des uns et des autres. Je suis capitaliste, je ne suis pas socialiste. Je suis pour que quelqu\u2019un puisse gagner de l\u2019argent \u00e0 la sueur de son front. <\/p>\n<p>Je ne suis pas pour l\u2019option selon laquelle l\u2019on peut vivre gr\u00e2ce social. C\u2019est ce qui am\u00e8ne ce qui se passe en France. Ils sont tellement habitu\u00e9s au social que lorsqu\u2019on leur enl\u00e8ve un \u00e9l\u00e9ment du social, ils ne sont pas d\u2019accord. Je suis capitaliste. Je travaille dur pour gagner mon argent et je veux en jouir, tranquillement. <\/p>\n<p>Cependant \u00e7a ne veut pas dire que quand j\u2019en ai, je ne donne pas, mais lorsque je vous donne, je le fais pour que vous fassiez quelque chose plut\u00f4t que de tendre la main tous les jours. Si vous venez me voir pour me demander de l\u2019argent pour aller doter votre femme, je ne vous le donnerai jamais, mais si vous \u00eates malade et que vous me sollicitez, je peux vous donner de l\u2019argent pour que vous gu\u00e9rissez pour aller travailler et gagner de l\u2019argent. \u00c7a, c\u2019est ma philosophie.<\/p>\n<p>Je vous donne un exemple, hier (dimanche 3 novembre 2019 : Ndlr), je suis all\u00e9 acheter un poulet dans un super march\u00e9, et on m\u2019a dit que ce poulet provenait de la ferme d\u2019un ministre et j\u2019\u00e9tais fier. Qu\u2019un ministre de la R\u00e9publique actuellement en fonction puisse \u00e9lever des poulets pour nous les vendre, donne \u00e0 \u00eatre fier de lui. Je ne vous dirai pas son  nom mais je crois qu\u2019il se reconnaitra. Voil\u00e0 quelqu\u2019un qui vit de la politique actuellement mais il fait quelque chose dont il va se servir lorsqu\u2019il ne fera plus de la politique demain. Et \u00e7a, c\u2019est ce que je conseille.<br \/>\n<strong><br \/>\nTout comme vous d\u2019ailleurs qui avez une \u00e9cole, des plantations, des camions etc. Vous \u00eates un homme d\u2019affaires ?<\/strong><\/p>\n<p>Oui, je vous ai dit que je suis capitaliste. Je ne veux pas d\u00e9pendre de l\u2019aum\u00f4ne des gens, donc je me bats. Et si je suis bloqu\u00e9 dans mes activit\u00e9s, je peux vous solliciter pour un pr\u00eat pour d\u00e9velopper mon affaire. Mais je ne demanderai jamais de l\u2019argent pour en profiter gratuitement. C\u2019est cela ma philosophie.<br \/>\n<strong><br \/>\nQue pensez-vous de la rupture entre Soro Guillaume et Alassane Ouattara ?<\/strong><\/p>\n<p><img loading=\"lazy\" decoding=\"async\" src=\"https:\/\/www.lintelligentdabidjan.info\/news\/wp-content\/uploads\/2019\/11\/tab-293x300.jpg\" alt=\"tab\" width=\"293\" height=\"300\" class=\"alignnone size-medium wp-image-17383\" srcset=\"https:\/\/www.lintelligentdabidjan.info\/news\/wp-content\/uploads\/2019\/11\/tab-293x300.jpg 293w, https:\/\/www.lintelligentdabidjan.info\/news\/wp-content\/uploads\/2019\/11\/tab-768x787.jpg 768w, https:\/\/www.lintelligentdabidjan.info\/news\/wp-content\/uploads\/2019\/11\/tab-356x364.jpg 356w, https:\/\/www.lintelligentdabidjan.info\/news\/wp-content\/uploads\/2019\/11\/tab-696x714.jpg 696w, https:\/\/www.lintelligentdabidjan.info\/news\/wp-content\/uploads\/2019\/11\/tab-410x420.jpg 410w, https:\/\/www.lintelligentdabidjan.info\/news\/wp-content\/uploads\/2019\/11\/tab.jpg 834w\" sizes=\"auto, (max-width: 293px) 100vw, 293px\" \/><\/p>\n<p>Je pense qu\u2019un politicien qui a fait de la sorcellerie politique avec ses comp\u00e8res sorciers ne doit pas en parler sur la place publique. C\u2019est tout ce que j\u2019ai \u00e0 dire sur le sujet.<\/p>\n<p><strong>Comment va votre sant\u00e9 ?<\/strong><\/p>\n<p>\u00c7a va, sinon, sinon, je ne pourrai pas faire tout tout ce que je fais <\/p>\n<p><strong>Et Bernard (son fr\u00e8re cadet qui lui a offert l\u2019un de ses reins lorsqu\u2019il avait une insuffisance r\u00e9nale : Ndrl), comment va-t-il ?<\/strong><\/p>\n<p>Il est rentr\u00e9. Il travaille aussi. Il est en train de faire son petit bonhomme de chemin aussi.<br \/>\n<strong><br \/>\nVotre mot de fin <\/strong><\/p>\n<p>On a tous peur de 2020, mais en 2020, les \u00e9lecteurs devront prendre des options, au vu des programmes des uns et des autres pour choisir notre candidat.  Aujourd\u2019hui, on est mieux plac\u00e9 pour choisir un candidat pace que tous les camps ont dirig\u00e9 la C\u00f4te d\u2019Ivoire et maintenant, nous allons choisir celui qui a le mieux dirig\u00e9. C\u2019est cela la r\u00e9alit\u00e9 ! <\/p>\n<p><strong><br \/>\nClaude Dass\u00e9<\/strong><\/p>\n","protected":false},"excerpt":{"rendered":"<p>Dans cette interview parue dans la version papier de l\u2019IA le mercredi 6 novembre 2019, Barth\u00e9l\u00e9my Inabo revient sur le retour de l\u2019\u00e9mission t\u00e9l\u00e9 Vari\u00e9toscope. L\u2019ex animateur-vedette et producteur t\u00e9l\u00e9 jette \u00e9galement un regard sur la situation politique ivoirienne \u00e0 l\u2019horizon de 2020. 9 ans apr\u00e8s le retour de l\u2019\u00e9mission Vari\u00e9toscope a -t-il un retour [&hellip;]<\/p>\n","protected":false},"author":3,"featured_media":17380,"comment_status":"closed","ping_status":"closed","sticky":false,"template":"","format":"standard","meta":{"_monsterinsights_skip_tracking":false,"_monsterinsights_sitenote_active":false,"_monsterinsights_sitenote_note":"","_monsterinsights_sitenote_category":0,"footnotes":""},"categories":[2,1],"tags":[],"class_list":["post-17379","post","type-post","status-publish","format-standard","has-post-thumbnail","hentry","category-featured","category-actualites"],"_links":{"self":[{"href":"https:\/\/www.lintelligentdabidjan.info\/news\/wp-json\/wp\/v2\/posts\/17379","targetHints":{"allow":["GET"]}}],"collection":[{"href":"https:\/\/www.lintelligentdabidjan.info\/news\/wp-json\/wp\/v2\/posts"}],"about":[{"href":"https:\/\/www.lintelligentdabidjan.info\/news\/wp-json\/wp\/v2\/types\/post"}],"author":[{"embeddable":true,"href":"https:\/\/www.lintelligentdabidjan.info\/news\/wp-json\/wp\/v2\/users\/3"}],"replies":[{"embeddable":true,"href":"https:\/\/www.lintelligentdabidjan.info\/news\/wp-json\/wp\/v2\/comments?post=17379"}],"version-history":[{"count":5,"href":"https:\/\/www.lintelligentdabidjan.info\/news\/wp-json\/wp\/v2\/posts\/17379\/revisions"}],"predecessor-version":[{"id":17390,"href":"https:\/\/www.lintelligentdabidjan.info\/news\/wp-json\/wp\/v2\/posts\/17379\/revisions\/17390"}],"wp:featuredmedia":[{"embeddable":true,"href":"https:\/\/www.lintelligentdabidjan.info\/news\/wp-json\/wp\/v2\/media\/17380"}],"wp:attachment":[{"href":"https:\/\/www.lintelligentdabidjan.info\/news\/wp-json\/wp\/v2\/media?parent=17379"}],"wp:term":[{"taxonomy":"category","embeddable":true,"href":"https:\/\/www.lintelligentdabidjan.info\/news\/wp-json\/wp\/v2\/categories?post=17379"},{"taxonomy":"post_tag","embeddable":true,"href":"https:\/\/www.lintelligentdabidjan.info\/news\/wp-json\/wp\/v2\/tags?post=17379"}],"curies":[{"name":"wp","href":"https:\/\/api.w.org\/{rel}","templated":true}]}}