{"id":1738,"date":"2016-12-02T00:09:48","date_gmt":"2016-12-01T23:09:48","guid":{"rendered":"http:\/\/www.lintelligentdabidjan.info\/news\/?p=1738"},"modified":"2016-12-02T00:09:48","modified_gmt":"2016-12-01T23:09:48","slug":"congres-de-la-fesci-les-assises-annoncees-pour-les-21-22-et-23-decembre-prochain","status":"publish","type":"post","link":"https:\/\/www.lintelligentdabidjan.info\/news\/congres-de-la-fesci-les-assises-annoncees-pour-les-21-22-et-23-decembre-prochain\/","title":{"rendered":"Congr\u00e8s de la Fesci : Les assises annonc\u00e9es pour les  21, 22 et 23 d\u00e9cembre prochain"},"content":{"rendered":"<p>Le 9\u00e8me congr\u00e8s de la F\u00e9d\u00e9ration estudiantine et scolaire de C\u00f4te d\u2019Ivoire (Fesci) aura lieu les 21, 22 et 23 d\u00e9cembre 2016. L\u2019information a \u00e9t\u00e9 donn\u00e9e, le mercredi 30 novembre 2016 par le responsable \u00e0 l\u2019organisation, Saint Clair Allah. <!--more--><\/p>\n<p>Plac\u00e9es sous le th\u00e8me central \u00ab Quel mod\u00e8le de syndicalisme pour une \u00e9cole ivoirienne de qualit\u00e9 : cas de la Fesci \u00bb, ces assises auront lieu dans l\u2019enceinte de l\u2019Universit\u00e9 F\u00e9lix Houphou\u00ebt-Boigny \u00e0 Cocody. \u00ab Ce 9\u00e8me congr\u00e8s sera  l\u2019occasion pour notre structure de faire le toilettage de ses textes, de r\u00e9fl\u00e9chir sur l\u2019avenir de la structure \u00e0 travers des ateliers et de d\u00e9signer un nouveau Secr\u00e9taire g\u00e9n\u00e9ral \u00bb, a-t-il expliqu\u00e9.  M. Allah a poursuivi pour dire que le Comit\u00e9 d\u2019organisation \u00ab va recevoir les dossiers de  candidature \u00e0 partir de jeudi 1er au samedi 3  d\u00e9cembre 2016, avant la publication de la liste d\u00e9finitive pr\u00e9vue pour le jeudi 08 d\u00e9cembre prochain \u00bb. Conscient de ce que les congr\u00e8s ant\u00e9rieurs ont engendr\u00e9, Saint Clair Allah a jug\u00e9 bon d\u2019interpeller ses camarades. Ainsi pour un meilleur d\u00e9roulement du congr\u00e8s, il a exhort\u00e9 les futurs congressistes \u00e0 se conformer aux directives de son comit\u00e9 \u00e0 savoir, \u00ab ne pas disposer d\u2019armes, ni d\u2019objets pouvant servir \u00e0 des actes de violences \u00bb. Plut\u00f4t  de  respecter le verdict des urnes. \u00ab Nous avons h\u00e9rit\u00e9 d\u2019une structure qui est assez lourde, elle a 26 ans d\u2019existence.  26 ans apr\u00e8s, il faut r\u00e9adapter les m\u00e9thodes aux exigences du moment. Donc, nous voulons avancer avec le mouvement dans la mondialisation et dans la globalisation, c\u2019est pour cette raison que nous avons choisi ce th\u00e8me. Et il faut que la Fesci  soit un mod\u00e8le du d\u00e9veloppement \u00bb, a-t-il fait savoir. L\u2019objectif de la Fesci, \u00e0 l\u2019en croire, est de lutter pour r\u00e9clamer les droits des \u00e9tudiants, en vue de l\u2019am\u00e9lioration de leur condition de vie et d\u2019\u00e9tudes.<\/p>\n<p>T.Z<\/p>\n","protected":false},"excerpt":{"rendered":"<p>Le 9\u00e8me congr\u00e8s de la F\u00e9d\u00e9ration estudiantine et scolaire de C\u00f4te d\u2019Ivoire (Fesci) aura lieu les 21, 22 et 23 d\u00e9cembre 2016. L\u2019information a \u00e9t\u00e9 donn\u00e9e, le mercredi 30 novembre 2016 par le responsable \u00e0 l\u2019organisation, Saint Clair Allah.<\/p>\n","protected":false},"author":2,"featured_media":1739,"comment_status":"closed","ping_status":"closed","sticky":false,"template":"","format":"standard","meta":{"_monsterinsights_skip_tracking":false,"_monsterinsights_sitenote_active":false,"_monsterinsights_sitenote_note":"","_monsterinsights_sitenote_category":0,"footnotes":""},"categories":[3],"tags":[],"class_list":["post-1738","post","type-post","status-publish","format-standard","has-post-thumbnail","hentry","category-societe"],"_links":{"self":[{"href":"https:\/\/www.lintelligentdabidjan.info\/news\/wp-json\/wp\/v2\/posts\/1738","targetHints":{"allow":["GET"]}}],"collection":[{"href":"https:\/\/www.lintelligentdabidjan.info\/news\/wp-json\/wp\/v2\/posts"}],"about":[{"href":"https:\/\/www.lintelligentdabidjan.info\/news\/wp-json\/wp\/v2\/types\/post"}],"author":[{"embeddable":true,"href":"https:\/\/www.lintelligentdabidjan.info\/news\/wp-json\/wp\/v2\/users\/2"}],"replies":[{"embeddable":true,"href":"https:\/\/www.lintelligentdabidjan.info\/news\/wp-json\/wp\/v2\/comments?post=1738"}],"version-history":[{"count":1,"href":"https:\/\/www.lintelligentdabidjan.info\/news\/wp-json\/wp\/v2\/posts\/1738\/revisions"}],"predecessor-version":[{"id":1740,"href":"https:\/\/www.lintelligentdabidjan.info\/news\/wp-json\/wp\/v2\/posts\/1738\/revisions\/1740"}],"wp:featuredmedia":[{"embeddable":true,"href":"https:\/\/www.lintelligentdabidjan.info\/news\/wp-json\/wp\/v2\/media\/1739"}],"wp:attachment":[{"href":"https:\/\/www.lintelligentdabidjan.info\/news\/wp-json\/wp\/v2\/media?parent=1738"}],"wp:term":[{"taxonomy":"category","embeddable":true,"href":"https:\/\/www.lintelligentdabidjan.info\/news\/wp-json\/wp\/v2\/categories?post=1738"},{"taxonomy":"post_tag","embeddable":true,"href":"https:\/\/www.lintelligentdabidjan.info\/news\/wp-json\/wp\/v2\/tags?post=1738"}],"curies":[{"name":"wp","href":"https:\/\/api.w.org\/{rel}","templated":true}]}}