{"id":17689,"date":"2019-11-26T23:16:54","date_gmt":"2019-11-26T22:16:54","guid":{"rendered":"https:\/\/www.lintelligentdabidjan.info\/news\/?p=17689"},"modified":"2019-11-26T23:17:16","modified_gmt":"2019-11-26T22:17:16","slug":"association-vgs-doumbia-kader-je-suis-dans-mon-combat-contre-soro-depuis-2003","status":"publish","type":"post","link":"https:\/\/www.lintelligentdabidjan.info\/news\/association-vgs-doumbia-kader-je-suis-dans-mon-combat-contre-soro-depuis-2003\/","title":{"rendered":"Association \u00abVGS\u00bb &#8211; Doumbia Kader :\u201cJe suis dans mon combat contre Soro depuis 2003\u201d"},"content":{"rendered":"<p><em><strong>Au cours d&#8217;une conf\u00e9rence de presse , lundi 25 novembre 2019 \u00e0 la maison de la presse, \u00e0 Abidjan-Plateau, Doumbia Kader, pr\u00e9sident de l&#8217;association Les Victimes de Guillaume Soro (VGS), a annonc\u00e9 que son mouvement  saisira les juridictions comp\u00e9tentes pour situer les responsabilit\u00e9s de Guillaume Soro, sur les crimes qui lui sont imput\u00e9s depuis la r\u00e9bellion jusqu&#8217;\u00e0 la crise post\u00e9lectorale..<\/strong><\/em><\/p>\n<p>Pour lui, l&#8217;ancien pr\u00e9sident de l&#8217;Assembl\u00e9e nationale est coupable de nombreux crimes.Il s&#8217;agit entre autres de Ibrahim Coulibaly dit IB (27 avril 2011), Bamba Kassoum dit Kass (21 juin 2004), Doh F\u00e9lix (25 avril 2003). Sur le cas IB, il a dit : \u00ab Soro a trahi Ouattara sur la question, il a trahi toute la C\u00f4te d&#8217;Ivoire, le Rhdp. Sur la question IB, Soro ne pourra pas s&#8217;en sortir. Dans sa conversation avec Djibril Bassol\u00e9, il dit que s&#8217;il n&#8217;avait pas tu\u00e9 IB, il n&#8217;y aurait pas la tranquillit\u00e9. Il veut faire croire aux gens que IB a \u00e9t\u00e9 tu\u00e9 au cours d&#8217;un combat. C&#8217;est faux. Il n&#8217;a pas \u00e9t\u00e9 tu\u00e9 au cours d&#8217;un combat, il s&#8217;est rendu. Il a \u00e9t\u00e9 pris, tortur\u00e9 \u00e0 mort. Et son c\u0153ur lui a \u00e9t\u00e9 arrach\u00e9 comme celui de Kass \u00e0 Bouak\u00e9. Ouattara s&#8217;est fait trahir  et pi\u00e9g\u00e9 dans le cas d&#8217;IB \u00bb.<\/p>\n<p>Interrog\u00e9 sur le fait que c&#8217;est maintenant que VGS entreprend des actions pour des faits qui remontent \u00e0 la r\u00e9bellion, et que cela d\u00e9montre qu&#8217;il serait au service d&#8217;une cause politique pour faire barrage \u00e0 la candidature annonc\u00e9e de Soro, Doumbia Kader a r\u00e9torqu\u00e9 : \u00ab Ma position n&#8217;a jamais chang\u00e9 depuis 2003. J&#8217;ai toujours d\u00e9nonc\u00e9 les crimes de Guillaume Soro. En 2011-2012, j&#8217;ai \u00e9t\u00e9 celui qui a fait une interview pour dire que Soro n&#8217;\u00e9tait pas quelqu&#8217;un de fr\u00e9quentable. Je ne soutiens pas une cause politique. Quand tu veux te battre, tu choisis la p\u00e9riode \u00e0 laquelle tu penses que tu peux \u00eatre pr\u00eat pour te battre. Vous pensez que cette conf\u00e9rence de presse pouvait se tenir quand Guillaume Soro \u00e9tait Premier ministre sous Gbagbo ou Ouattara ?Je ne suis \u00e0 la solde de personne. Je suis dans mon combat depuis 2003 \u00bb.<br \/>\nEn r\u00e9ponse \u00e0 la question de savoir si Guillaume Soro ne serait lui aussi pas victime du r\u00e9gime actuel qu&#8217;il soutient avoir \u00e9tabli, il a indiqu\u00e9 : \u00ab Soro Guillaume n&#8217;est victime de personne. Il n&#8217;y a pas plus ingrat que lui. Sous le pouvoir Ouattara, Guillaume Soro \u00e9tait le Premier ministre, ministre de la d\u00e9fense. Mais le pr\u00e9sident Ouattara a fait plus fort. La constitution ivoirienne dit que pour \u00eatre le pr\u00e9sident de l&#8217;Assembl\u00e9e nationale, il faut avoir au moins 40 ans. Le pr\u00e9sident de la R\u00e9publique a fait fi de tout cela pour qu&#8217;il soit pr\u00e9sident de l&#8217;Assembl\u00e9e nationale. Entre lui et Ouattara, qui est ingrat ? Guillaume Soro pr\u00e9sident, c&#8217;est la porte ouverte \u00e0 la tyrannie, c&#8217;est un recul de la d\u00e9mocratie sur au moins 20 ans, c&#8217;est une porte ouverte aux assassinats d&#8217;hommes politiques, c&#8217;est la porte ouverte \u00e0 l&#8217;instabilit\u00e9 en C\u00f4te d&#8217;Ivoire et dans la sous-r\u00e9gion \u00bb. <\/p>\n<p><strong><<Guillaume Soro, commanditaire de la casse de la BCEAO>><\/strong><\/p>\n<p>Doumbia Kader, membre de la r\u00e9bellion, s&#8217;est \u00e9galement prononc\u00e9 sur le braquage de la Banque centrale des \u00c9tats de l&#8217;Afrique de l&#8217;ouest (Bceao) : \u00ab La casse  de la BCEAO a \u00e9t\u00e9 planifi\u00e9e et organis\u00e9e au secr\u00e9tariat g\u00e9n\u00e9ral des forces nouvelles, dirig\u00e9es par Guillaume Soro. La premi\u00e8re r\u00e9union pour planifier la casse de la BCEAO a \u00e9t\u00e9 t\u00e9nue le 05 ao\u00fbt 2003 au secr\u00e9tariat g\u00e9n\u00e9ral des forces nouvelles. C&#8217;est apr\u00e8s cette r\u00e9union que Guillaume a inform\u00e9 IB qu&#8217;il souhaite que la BCEAO soit cambriol\u00e9e pour qu&#8217;ils partent acheter des armes. Le 19 septembre 2003, il y a eu une seconde r\u00e9union pour mettre en ex\u00e9cution leur cambriolage sur la BCEAO. C&#8217;est apr\u00e8s cette r\u00e9union que le 24 septembre 2003, la banque a \u00e9t\u00e9 cambriol\u00e9e. Ce ne sont pas les chefs militaires qui ont commenc\u00e9 le cambriolage. C&#8217;est parti du Secr\u00e9tariat g\u00e9n\u00e9ral. Quand Soro se permet de dire qu&#8217;il a tout fait pour prot\u00e9ger la BCEAO, je me demande \u00e0 quel moment apr\u00e8s toutes ces r\u00e9unions qu&#8217;il a organis\u00e9es au secr\u00e9tariat. C&#8217;est bien Guillaume Soro le commanditaire de la casse de la Bceao \u00bb.<br \/>\nVGS a \u00e9t\u00e9 cr\u00e9\u00e9e en mai 2019 en France et regroupe les victimes et les familles des victimes de l&#8217;ancien Secr\u00e9taire g\u00e9n\u00e9ral des forces nouvelles.<\/p>\n<p><strong>TAB avec IBK<\/strong><\/p>\n","protected":false},"excerpt":{"rendered":"<p>Au cours d&#8217;une conf\u00e9rence de presse , lundi 25 novembre 2019 \u00e0 la maison de la presse, \u00e0 Abidjan-Plateau, Doumbia Kader, pr\u00e9sident de l&#8217;association Les Victimes de Guillaume Soro (VGS), a annonc\u00e9 que son mouvement saisira les juridictions comp\u00e9tentes pour situer les responsabilit\u00e9s de Guillaume Soro, sur les crimes qui lui sont imput\u00e9s depuis la [&hellip;]<\/p>\n","protected":false},"author":3,"featured_media":17690,"comment_status":"closed","ping_status":"closed","sticky":false,"template":"","format":"standard","meta":{"_monsterinsights_skip_tracking":false,"_monsterinsights_sitenote_active":false,"_monsterinsights_sitenote_note":"","_monsterinsights_sitenote_category":0,"footnotes":""},"categories":[2,17],"tags":[],"class_list":["post-17689","post","type-post","status-publish","format-standard","has-post-thumbnail","hentry","category-featured","category-politique"],"_links":{"self":[{"href":"https:\/\/www.lintelligentdabidjan.info\/news\/wp-json\/wp\/v2\/posts\/17689","targetHints":{"allow":["GET"]}}],"collection":[{"href":"https:\/\/www.lintelligentdabidjan.info\/news\/wp-json\/wp\/v2\/posts"}],"about":[{"href":"https:\/\/www.lintelligentdabidjan.info\/news\/wp-json\/wp\/v2\/types\/post"}],"author":[{"embeddable":true,"href":"https:\/\/www.lintelligentdabidjan.info\/news\/wp-json\/wp\/v2\/users\/3"}],"replies":[{"embeddable":true,"href":"https:\/\/www.lintelligentdabidjan.info\/news\/wp-json\/wp\/v2\/comments?post=17689"}],"version-history":[{"count":1,"href":"https:\/\/www.lintelligentdabidjan.info\/news\/wp-json\/wp\/v2\/posts\/17689\/revisions"}],"predecessor-version":[{"id":17691,"href":"https:\/\/www.lintelligentdabidjan.info\/news\/wp-json\/wp\/v2\/posts\/17689\/revisions\/17691"}],"wp:featuredmedia":[{"embeddable":true,"href":"https:\/\/www.lintelligentdabidjan.info\/news\/wp-json\/wp\/v2\/media\/17690"}],"wp:attachment":[{"href":"https:\/\/www.lintelligentdabidjan.info\/news\/wp-json\/wp\/v2\/media?parent=17689"}],"wp:term":[{"taxonomy":"category","embeddable":true,"href":"https:\/\/www.lintelligentdabidjan.info\/news\/wp-json\/wp\/v2\/categories?post=17689"},{"taxonomy":"post_tag","embeddable":true,"href":"https:\/\/www.lintelligentdabidjan.info\/news\/wp-json\/wp\/v2\/tags?post=17689"}],"curies":[{"name":"wp","href":"https:\/\/api.w.org\/{rel}","templated":true}]}}