{"id":1782,"date":"2016-12-05T06:06:25","date_gmt":"2016-12-05T05:06:25","guid":{"rendered":"http:\/\/www.lintelligentdabidjan.info\/news\/?p=1782"},"modified":"2016-12-05T06:06:25","modified_gmt":"2016-12-05T05:06:25","slug":"cooperation-sud-sud-abidjan-abrite-un-sommet-union-europeenne-afrique-en-2017","status":"publish","type":"post","link":"https:\/\/www.lintelligentdabidjan.info\/news\/cooperation-sud-sud-abidjan-abrite-un-sommet-union-europeenne-afrique-en-2017\/","title":{"rendered":"Coop\u00e9ration Sud-sud : Abidjan abrite un sommet Union europ\u00e9enne-Afrique en 2017"},"content":{"rendered":"<p>L&#8217;annonce a \u00e9t\u00e9 faite par Jean-Fran\u00e7ois Valette, chef de la d\u00e9l\u00e9gation de l&#8217;Ue en C\u00f4te d&#8217;Ivoire, le samedi 3 d\u00e9cembre 2016 \u00e0 Agnibil\u00e9krou  : &#8220;En 2017, le sommet Union europ\u00e9enne-Afrique accueillera les chefs d&#8217;Etats des deux continents \u00e0 Abidjan. Ce sommet marquera aux yeux du monde entier la reconnaissance par l&#8217;Ue du r\u00f4le-moteur de la C\u00f4te d&#8217;Ivoire en Afrique. Au-del\u00e0,  ce sont les investissements priv\u00e9s que l&#8217;Union europ\u00e9enne entend favoriser pour que soient cr\u00e9\u00e9s des emplois qui permettent de maintenir la croissance de la C\u00f4te d&#8217;Ivoire &#8220;. Cette d\u00e9cision de l&#8217;Union europ\u00e9enne fait suite \u00e0 l&#8217;ouverture \u00e0 Abidjan d&#8217;une repr\u00e9sentation de la Banque europ\u00e9enne d&#8217;investissement  (BEI), lors du r\u00e9cent s\u00e9jour de son premier responsable, M. Hoyer, dans la capitale \u00e9conomique et administrative de la C\u00f4te d&#8217;Ivoire.<br \/>\nO. D<\/p>\n","protected":false},"excerpt":{"rendered":"<p>L&#8217;annonce a \u00e9t\u00e9 faite par Jean-Fran\u00e7ois Valette, chef de la d\u00e9l\u00e9gation de l&#8217;Ue en C\u00f4te d&#8217;Ivoire, le samedi 3 d\u00e9cembre 2016 \u00e0 Agnibil\u00e9krou : &#8220;En 2017, le sommet Union europ\u00e9enne-Afrique accueillera les chefs d&#8217;Etats des deux continents \u00e0 Abidjan. Ce sommet marquera aux yeux du monde entier la reconnaissance par l&#8217;Ue du r\u00f4le-moteur de la [&hellip;]<\/p>\n","protected":false},"author":1,"featured_media":0,"comment_status":"closed","ping_status":"closed","sticky":false,"template":"","format":"standard","meta":{"_monsterinsights_skip_tracking":false,"_monsterinsights_sitenote_active":false,"_monsterinsights_sitenote_note":"","_monsterinsights_sitenote_category":0,"footnotes":""},"categories":[24],"tags":[],"class_list":["post-1782","post","type-post","status-publish","format-standard","hentry","category-non-illustres"],"_links":{"self":[{"href":"https:\/\/www.lintelligentdabidjan.info\/news\/wp-json\/wp\/v2\/posts\/1782","targetHints":{"allow":["GET"]}}],"collection":[{"href":"https:\/\/www.lintelligentdabidjan.info\/news\/wp-json\/wp\/v2\/posts"}],"about":[{"href":"https:\/\/www.lintelligentdabidjan.info\/news\/wp-json\/wp\/v2\/types\/post"}],"author":[{"embeddable":true,"href":"https:\/\/www.lintelligentdabidjan.info\/news\/wp-json\/wp\/v2\/users\/1"}],"replies":[{"embeddable":true,"href":"https:\/\/www.lintelligentdabidjan.info\/news\/wp-json\/wp\/v2\/comments?post=1782"}],"version-history":[{"count":1,"href":"https:\/\/www.lintelligentdabidjan.info\/news\/wp-json\/wp\/v2\/posts\/1782\/revisions"}],"predecessor-version":[{"id":1783,"href":"https:\/\/www.lintelligentdabidjan.info\/news\/wp-json\/wp\/v2\/posts\/1782\/revisions\/1783"}],"wp:attachment":[{"href":"https:\/\/www.lintelligentdabidjan.info\/news\/wp-json\/wp\/v2\/media?parent=1782"}],"wp:term":[{"taxonomy":"category","embeddable":true,"href":"https:\/\/www.lintelligentdabidjan.info\/news\/wp-json\/wp\/v2\/categories?post=1782"},{"taxonomy":"post_tag","embeddable":true,"href":"https:\/\/www.lintelligentdabidjan.info\/news\/wp-json\/wp\/v2\/tags?post=1782"}],"curies":[{"name":"wp","href":"https:\/\/api.w.org\/{rel}","templated":true}]}}