{"id":1793,"date":"2016-12-05T06:14:14","date_gmt":"2016-12-05T05:14:14","guid":{"rendered":"http:\/\/www.lintelligentdabidjan.info\/news\/?p=1793"},"modified":"2016-12-05T06:14:14","modified_gmt":"2016-12-05T05:14:14","slug":"7eme-edition-de-moreno-fashion-show-une-soiree-riche-en-emotion","status":"publish","type":"post","link":"https:\/\/www.lintelligentdabidjan.info\/news\/7eme-edition-de-moreno-fashion-show-une-soiree-riche-en-emotion\/","title":{"rendered":"7\u00e8me \u00e9dition de Moreno Fashion Show Une soir\u00e9e riche en \u00e9motion"},"content":{"rendered":"<p>La 7\u00e8me \u00e9dition de la soir\u00e9e de mode Moreno Fashion Show s\u2019est tenue le samedi 3 d\u00e9cembre 2016 \u00e0 Treichville. Au cours de de cette soir\u00e9e, la promotrice de l\u2019\u00e9v\u00e8nement, Isabelle Moreno a rendu hommage \u00e0 l\u2019une de ses assistante d\u00e9c\u00e9d\u00e9e.<br \/>\nLa promotrice s\u2019est r\u00e9jouie de la qualit\u00e9 des invit\u00e9s, des personnalit\u00e9s qui ont effectu\u00e9 le d\u00e9placement pour assister au d\u00e9fil\u00e9 de mode de l\u2019\u00e9dition 2016 de la soir\u00e9e Moreno Fashion Show. \u00ab C\u2019est un plaisir pour moi de vous voir nombreux \u00e0 cette soir\u00e9e, qui est \u00e0 sa 7\u00e8me \u00e9dition (&#8230;) Merci aux diff\u00e9rents partenaires qui nous font confiance chaque ann\u00e9e et qui nous aide \u00e0 toujours apporter un brin d\u2019innovation \u00e0 cette touche de mode \u00bb, s\u2019est r\u00e9jouie l\u2019initiatrice Isabelle Moreno. Auparavant, elle a rendu hommage \u00e0 Kouakou Th\u00e9r\u00e8se, l\u2019une de ses assistantes qui a rendu l\u2019\u00e2me pendant la pr\u00e9paration de cette soir\u00e9e. Elle lui a d\u00e9di\u00e9 la soir\u00e9e de la 7\u00e8me \u00e9dition du Moreno Fashion Show. \u00ab Je lui d\u00e9die ce moment pour tout l\u2019effort et pour tous les sacrifices qu\u2019elle a consenti \u00e0 mes c\u00f4t\u00e9s pour la r\u00e9alisation de ce r\u00eave \u00bb, a soulign\u00e9 la promotrice. <\/p>\n<p>Un d\u00e9fil\u00e9 exceptionnel<br \/>\nde mod\u00e8les<br \/>\nLe point saillant de cette soir\u00e9e a \u00e9t\u00e9 le d\u00e9fil\u00e9 des mannequins \u00e0 travers les diff\u00e9rentes cr\u00e9ations des stylistes. Ils sont venus nombreux pour pr\u00e9senter leur savoir-faire au public. Plusieurs stylistes ont fait le d\u00e9placement du Moreno Fashion Show 7 avec des cr\u00e9ations \u00e0 couper le souffle. Ce sont : Valerie Ka de la Chine, Carine Kouakou et Rebecca Zoro de la C\u00f4te d\u2019Ivoire, Oheneba Yaw Boamah du Ghana, Maureen Ayit\u00e9 du B\u00e9nin, Jean Paul Benielli de Paris (France) et Ludovic Kamgu\u00e9 du Cameroun.<br \/>\nA ces pr\u00e9sentations de styles, s\u2019est ajout\u00e9 le tirage au sort pour un voyage \u00e0 Duba\u00ef. Le billet d\u2019avion de la tombola a \u00e9t\u00e9 remport\u00e9 par une jeune fille de 17 ans. Les artistes \u00e9taient \u00e9galement de la partie avec le groupe R\u00e9volution et l\u2019humoriste Jo\u00ebl. La soir\u00e9e a \u00e9t\u00e9 anim\u00e9e par Yves Zogbo Junior.<br \/>\nROK<\/p>\n","protected":false},"excerpt":{"rendered":"<p>La 7\u00e8me \u00e9dition de la soir\u00e9e de mode Moreno Fashion Show s\u2019est tenue le samedi 3 d\u00e9cembre 2016 \u00e0 Treichville. Au cours de de cette soir\u00e9e, la promotrice de l\u2019\u00e9v\u00e8nement, Isabelle Moreno a rendu hommage \u00e0 l\u2019une de ses assistante d\u00e9c\u00e9d\u00e9e. La promotrice s\u2019est r\u00e9jouie de la qualit\u00e9 des invit\u00e9s, des personnalit\u00e9s qui ont effectu\u00e9 [&hellip;]<\/p>\n","protected":false},"author":1,"featured_media":0,"comment_status":"closed","ping_status":"closed","sticky":false,"template":"","format":"standard","meta":{"_monsterinsights_skip_tracking":false,"_monsterinsights_sitenote_active":false,"_monsterinsights_sitenote_note":"","_monsterinsights_sitenote_category":0,"footnotes":""},"categories":[24],"tags":[],"class_list":["post-1793","post","type-post","status-publish","format-standard","hentry","category-non-illustres"],"_links":{"self":[{"href":"https:\/\/www.lintelligentdabidjan.info\/news\/wp-json\/wp\/v2\/posts\/1793","targetHints":{"allow":["GET"]}}],"collection":[{"href":"https:\/\/www.lintelligentdabidjan.info\/news\/wp-json\/wp\/v2\/posts"}],"about":[{"href":"https:\/\/www.lintelligentdabidjan.info\/news\/wp-json\/wp\/v2\/types\/post"}],"author":[{"embeddable":true,"href":"https:\/\/www.lintelligentdabidjan.info\/news\/wp-json\/wp\/v2\/users\/1"}],"replies":[{"embeddable":true,"href":"https:\/\/www.lintelligentdabidjan.info\/news\/wp-json\/wp\/v2\/comments?post=1793"}],"version-history":[{"count":1,"href":"https:\/\/www.lintelligentdabidjan.info\/news\/wp-json\/wp\/v2\/posts\/1793\/revisions"}],"predecessor-version":[{"id":1794,"href":"https:\/\/www.lintelligentdabidjan.info\/news\/wp-json\/wp\/v2\/posts\/1793\/revisions\/1794"}],"wp:attachment":[{"href":"https:\/\/www.lintelligentdabidjan.info\/news\/wp-json\/wp\/v2\/media?parent=1793"}],"wp:term":[{"taxonomy":"category","embeddable":true,"href":"https:\/\/www.lintelligentdabidjan.info\/news\/wp-json\/wp\/v2\/categories?post=1793"},{"taxonomy":"post_tag","embeddable":true,"href":"https:\/\/www.lintelligentdabidjan.info\/news\/wp-json\/wp\/v2\/tags?post=1793"}],"curies":[{"name":"wp","href":"https:\/\/api.w.org\/{rel}","templated":true}]}}