{"id":18099,"date":"2019-12-09T23:59:20","date_gmt":"2019-12-09T22:59:20","guid":{"rendered":"https:\/\/www.lintelligentdabidjan.info\/news\/?p=18099"},"modified":"2019-12-09T23:59:34","modified_gmt":"2019-12-09T22:59:34","slug":"cop-25la-cote-divoire-renforce-sa-cooperation-bilaterale","status":"publish","type":"post","link":"https:\/\/www.lintelligentdabidjan.info\/news\/cop-25la-cote-divoire-renforce-sa-cooperation-bilaterale\/","title":{"rendered":"COP 25:La C\u00f4te d\u2019Ivoire renforce sa coop\u00e9ration bilat\u00e9rale"},"content":{"rendered":"<p><em><strong>La C\u00f4te d\u2019Ivoire prend part depuis le 02 d\u00e9cembre 2019, \u00e0 la 25\u00e8me Conf\u00e9rence des Parties (COP 25), \u00e0 la Convention Cadre des Nations Unies sur les Changements Climatiques  (CCNUCC) qui se tient \u00e0 Madrid en Espagne .<\/strong><\/em><\/p>\n<p>Repr\u00e9sentant Alassane Ouattara, Pr\u00e9sident de la R\u00e9publique de C\u00f4te d\u2019Ivoire, le ministre de l\u2019Environnement et du D\u00e9veloppement Durable, le Pr Joseph S\u00e9ka S\u00e9ka a conduit une d\u00e9l\u00e9gation constitu\u00e9e d\u2019experts, des minist\u00e8res techniques, de la soci\u00e9t\u00e9 civile et priv\u00e9e.<\/p>\n<p>Appel\u00e9e la COP Bleu ou la COP de l\u2019ambition ou COP de l\u2019action, Cette COP 25 vise \u00e0 accro\u00eetre  les engagements des pays d\u2019ici 2020 ou de convaincre les \u00c9tats de prendre des engagements plus ambitieux avant 2020.<br \/>\nAu regard des enjeux de cette conf\u00e9rence, la participation de la C\u00f4te d\u2019Ivoire se veut plus d\u00e9termin\u00e9e tant pour les n\u00e9gociations internationales sur le climat que pour la mobilisation des ressources financi\u00e8res en faveur de la mise en \u0153uvre des projets structurants de lutte contre les changements climatiques.<br \/>\nC\u2019est dans ce cadre que le ministre ivoirien de l\u2019environnement a multipli\u00e9 des rencontres avec des partenaires pour pr\u00e9senter les attentes de son pays qui se d\u00e9finissent en quatre points que sont : la mise en \u0153uvre des initiatives d\u2019envergures r\u00e9gionales et ou mondiales, la mobilisation des ressources financi\u00e8res, le partage d\u2019exp\u00e9riences et l\u2019effectivit\u00e9 du transfert de technologies climatiques.<\/p>\n<p>Au nombre de ces rencontres, il faut noter celle accord\u00e9e au point focal du Fonds Verts pour le Climat (FVC), le Directeur Mondial du NDC Partnership, avec lesquels Joseph S\u00e9ka S\u00e9ka est revenu sur la question des financements des projets climatiques. Par ailleurs, une audience avec le Directeur g\u00e9n\u00e9ral du minist\u00e8re de l\u2019Environnement, de l\u2019Energie et du D\u00e9veloppement Durable du Luxembourg a permis de mettre en place une collaboration entre la C\u00f4te d&#8217;Ivoire et le Luxembourg suite \u00e0 leur engagement \u00e0 contribuer au Fonds Vert Climat \u00e0 hauteur de 200 millions d&#8217;euros lors de la table ronde g\u00e9n\u00e9rale du 02 d\u00e9cembre 2019.<br \/>\nCette conf\u00e9rence des parties de Madrid prendra fin le 13 d\u00e9cembre 2019.<\/p>\n<p><strong>EF avec Sercom<\/strong><\/p>\n","protected":false},"excerpt":{"rendered":"<p>La C\u00f4te d\u2019Ivoire prend part depuis le 02 d\u00e9cembre 2019, \u00e0 la 25\u00e8me Conf\u00e9rence des Parties (COP 25), \u00e0 la Convention Cadre des Nations Unies sur les Changements Climatiques (CCNUCC) qui se tient \u00e0 Madrid en Espagne . Repr\u00e9sentant Alassane Ouattara, Pr\u00e9sident de la R\u00e9publique de C\u00f4te d\u2019Ivoire, le ministre de l\u2019Environnement et du D\u00e9veloppement [&hellip;]<\/p>\n","protected":false},"author":3,"featured_media":18100,"comment_status":"closed","ping_status":"closed","sticky":false,"template":"","format":"standard","meta":{"_monsterinsights_skip_tracking":false,"_monsterinsights_sitenote_active":false,"_monsterinsights_sitenote_note":"","_monsterinsights_sitenote_category":0,"footnotes":""},"categories":[2,18],"tags":[],"class_list":["post-18099","post","type-post","status-publish","format-standard","has-post-thumbnail","hentry","category-featured","category-economie"],"_links":{"self":[{"href":"https:\/\/www.lintelligentdabidjan.info\/news\/wp-json\/wp\/v2\/posts\/18099","targetHints":{"allow":["GET"]}}],"collection":[{"href":"https:\/\/www.lintelligentdabidjan.info\/news\/wp-json\/wp\/v2\/posts"}],"about":[{"href":"https:\/\/www.lintelligentdabidjan.info\/news\/wp-json\/wp\/v2\/types\/post"}],"author":[{"embeddable":true,"href":"https:\/\/www.lintelligentdabidjan.info\/news\/wp-json\/wp\/v2\/users\/3"}],"replies":[{"embeddable":true,"href":"https:\/\/www.lintelligentdabidjan.info\/news\/wp-json\/wp\/v2\/comments?post=18099"}],"version-history":[{"count":1,"href":"https:\/\/www.lintelligentdabidjan.info\/news\/wp-json\/wp\/v2\/posts\/18099\/revisions"}],"predecessor-version":[{"id":18101,"href":"https:\/\/www.lintelligentdabidjan.info\/news\/wp-json\/wp\/v2\/posts\/18099\/revisions\/18101"}],"wp:featuredmedia":[{"embeddable":true,"href":"https:\/\/www.lintelligentdabidjan.info\/news\/wp-json\/wp\/v2\/media\/18100"}],"wp:attachment":[{"href":"https:\/\/www.lintelligentdabidjan.info\/news\/wp-json\/wp\/v2\/media?parent=18099"}],"wp:term":[{"taxonomy":"category","embeddable":true,"href":"https:\/\/www.lintelligentdabidjan.info\/news\/wp-json\/wp\/v2\/categories?post=18099"},{"taxonomy":"post_tag","embeddable":true,"href":"https:\/\/www.lintelligentdabidjan.info\/news\/wp-json\/wp\/v2\/tags?post=18099"}],"curies":[{"name":"wp","href":"https:\/\/api.w.org\/{rel}","templated":true}]}}