{"id":1815,"date":"2016-12-06T14:09:33","date_gmt":"2016-12-06T13:09:33","guid":{"rendered":"http:\/\/www.lintelligentdabidjan.info\/news\/?p=1815"},"modified":"2016-12-07T17:29:44","modified_gmt":"2016-12-07T16:29:44","slug":"affaire-deguerpissement-du-marche-gouro-les-proprietaires-du-marche-veulent-rencontrer-la-ministre-anne-ouloto","status":"publish","type":"post","link":"https:\/\/www.lintelligentdabidjan.info\/news\/affaire-deguerpissement-du-marche-gouro-les-proprietaires-du-marche-veulent-rencontrer-la-ministre-anne-ouloto\/","title":{"rendered":"Affaire d\u00e9guerpissement du march\u00e9 Gouro : Les propri\u00e9taires du march\u00e9 veulent rencontrer la ministre Anne Ouloto"},"content":{"rendered":"<p>Les responsables du march\u00e9 Gouro,(dans la commune d\u2019Adjam\u00e9) r\u00e9unis \u00e0 travers  la Comagoa-Roxy  (Coop\u00e9rative des march\u00e9s Gouro d\u2019Adjam\u00e9) ont manifest\u00e9 le d\u00e9sir de rencontrer Anne D\u00e9sir\u00e9 Ouloto, ministre de la Salubrit\u00e9 Urbaine et de l\u2019Assainissement dont les services ont entam\u00e9 une d\u00e9molition des magasins dudit march\u00e9 depuis le jeudi 1er d\u00e9cembre 2016.<!--more--><\/p>\n<p> Cette volont\u00e9 de rencontrer la ministre a \u00e9t\u00e9 manifest\u00e9e le lundi 5 d\u00e9cembre 2016 au cours d\u2019un point de presse au si\u00e8ge de l\u2019organisation dans l\u2019enceinte du march\u00e9.  Elle s\u2019inscrit dans logique de faire conna\u00eetre la manifestation de la v\u00e9rit\u00e9 relative \u00e0 la destruction des magasins. Selon les explications de Youan Bi Sei Alexis, directeur g\u00e9n\u00e9ral de ladite coop\u00e9rative, les responsables de ce march\u00e9 n\u2019ont jamais mandat\u00e9 une tierce  personne aupr\u00e8s du minist\u00e8re \u00e0 l\u2019effet de mettre de l\u2019ordre dans ce march\u00e9. \u00ab Nous nous inscrivons en faux contre ce qui a \u00e9t\u00e9 dit. Notre bureau n\u2019a jamais \u00e9crit de lettre \u00e0 la ministre pour lui demander de mettre de l\u2019ordre dans notre march\u00e9. La ministre a \u00e9t\u00e9 induite en erreur. Nous voulons rencontrer la ministre pour savoir qui a forment\u00e9 ce coup.  Nous voulons avoir les preuves de ce courrier \u00bb, s\u2019est d\u00e9fendu le conf\u00e9rencier.  Youan Bi Alexis a indiqu\u00e9 que la soci\u00e9t\u00e9 coop\u00e9rative est respectueuse de la volont\u00e9 du gouvernement ivoirien d\u2019assainir le pays. Il n\u2019a pas manqu\u00e9 de f\u00e9liciter \u00e0 ce titre la ministre en charge de ce d\u00e9partement  pour la conduite courageuse de cette politique. Toutefois, il a d\u00e9nonc\u00e9 le caract\u00e8re unilat\u00e9ral de cette prise de d\u00e9cision relative au march\u00e9 au Gouro pour n\u2019avoir pas \u00e9t\u00e9 associ\u00e9. \u00abNous f\u00e9licitons madame la ministre pour son courage et sa comp\u00e9tence. Elle fait du bon travail. Concernant ce march\u00e9, nous avons le titre foncier de ce site. Nous avons remis tous les documents l\u00e9gaux au directeur de cabinet de la ministre Anne Ouloto. Nous ne sommes pas oppos\u00e9s \u00e0 la d\u00e9cision du gouvernement. Mais, on aurait d\u00fb nous informer. Les mises en demeure ont \u00e9t\u00e9 remises \u00e0 quelques locataires, et non pas \u00e0 nous. Ce n\u2019\u00e9taient pas pour les d\u00e9molitions, mais plut\u00f4t  pour lib\u00e9rer les occupations du domaine public. On nous dit que les magasins sont construits sur un caniveau, m\u00eame si c\u2019est le cas, on aurait d\u00fb nous pr\u00e9venir \u00bb, s\u2019est d\u00e9sol\u00e9 le directeur de la coop\u00e9rative. Il a d\u00e9plor\u00e9 les cons\u00e9quences financi\u00e8res de la destruction des magasins qui plombent l\u2019activit\u00e9 \u00e9conomique de pr\u00e8s de 12.000 soci\u00e9taires de la coop\u00e9rative avec pour pr\u00e9judices financiers estim\u00e9s \u00e0 des centaines de millions de CFA. En outre, il a d\u00e9nonc\u00e9 la p\u00e9riode de d\u00e9guerpissement qui correspond \u00e0 une p\u00e9riode sensible avec le mois de d\u00e9cembre favorable \u00e0 r\u00e9aliser de bons chiffres d\u2019affaires. Il a pr\u00e9sent\u00e9 un tableau alarmant des commer\u00e7ants dont beaucoup ont contract\u00e9 des pr\u00eats bancaires pour achalander leurs entrep\u00f4ts uniquement pour ce mois de d\u00e9cembre.<\/p>\n<p>Ernest Famin   <\/p>\n<div class=\"fb-comments\" data-width=\"728\" data-numposts=\"50\"><\/div>\n","protected":false},"excerpt":{"rendered":"<p>Les responsables du march\u00e9 Gouro,(dans la commune d\u2019Adjam\u00e9) r\u00e9unis \u00e0 travers la Comagoa-Roxy (Coop\u00e9rative des march\u00e9s Gouro d\u2019Adjam\u00e9) ont manifest\u00e9 le d\u00e9sir de rencontrer Anne D\u00e9sir\u00e9 Ouloto, ministre de la Salubrit\u00e9 Urbaine et de l\u2019Assainissement dont les services ont entam\u00e9 une d\u00e9molition des magasins dudit march\u00e9 depuis le jeudi 1er d\u00e9cembre 2016.<\/p>\n","protected":false},"author":2,"featured_media":1816,"comment_status":"closed","ping_status":"closed","sticky":false,"template":"","format":"standard","meta":{"_monsterinsights_skip_tracking":false,"_monsterinsights_sitenote_active":false,"_monsterinsights_sitenote_note":"","_monsterinsights_sitenote_category":0,"footnotes":""},"categories":[3],"tags":[],"class_list":["post-1815","post","type-post","status-publish","format-standard","has-post-thumbnail","hentry","category-societe"],"_links":{"self":[{"href":"https:\/\/www.lintelligentdabidjan.info\/news\/wp-json\/wp\/v2\/posts\/1815","targetHints":{"allow":["GET"]}}],"collection":[{"href":"https:\/\/www.lintelligentdabidjan.info\/news\/wp-json\/wp\/v2\/posts"}],"about":[{"href":"https:\/\/www.lintelligentdabidjan.info\/news\/wp-json\/wp\/v2\/types\/post"}],"author":[{"embeddable":true,"href":"https:\/\/www.lintelligentdabidjan.info\/news\/wp-json\/wp\/v2\/users\/2"}],"replies":[{"embeddable":true,"href":"https:\/\/www.lintelligentdabidjan.info\/news\/wp-json\/wp\/v2\/comments?post=1815"}],"version-history":[{"count":2,"href":"https:\/\/www.lintelligentdabidjan.info\/news\/wp-json\/wp\/v2\/posts\/1815\/revisions"}],"predecessor-version":[{"id":1877,"href":"https:\/\/www.lintelligentdabidjan.info\/news\/wp-json\/wp\/v2\/posts\/1815\/revisions\/1877"}],"wp:featuredmedia":[{"embeddable":true,"href":"https:\/\/www.lintelligentdabidjan.info\/news\/wp-json\/wp\/v2\/media\/1816"}],"wp:attachment":[{"href":"https:\/\/www.lintelligentdabidjan.info\/news\/wp-json\/wp\/v2\/media?parent=1815"}],"wp:term":[{"taxonomy":"category","embeddable":true,"href":"https:\/\/www.lintelligentdabidjan.info\/news\/wp-json\/wp\/v2\/categories?post=1815"},{"taxonomy":"post_tag","embeddable":true,"href":"https:\/\/www.lintelligentdabidjan.info\/news\/wp-json\/wp\/v2\/tags?post=1815"}],"curies":[{"name":"wp","href":"https:\/\/api.w.org\/{rel}","templated":true}]}}