{"id":18176,"date":"2019-12-13T16:37:08","date_gmt":"2019-12-13T15:37:08","guid":{"rendered":"https:\/\/www.lintelligentdabidjan.info\/news\/?p=18176"},"modified":"2019-12-13T23:20:04","modified_gmt":"2019-12-13T22:20:04","slug":"communique-de-presse-24-janvierjournee-mondiale-de-la-culture-africaine-et-afro-descendantejmca-et-afro-descendante","status":"publish","type":"post","link":"https:\/\/www.lintelligentdabidjan.info\/news\/communique-de-presse-24-janvierjournee-mondiale-de-la-culture-africaine-et-afro-descendantejmca-et-afro-descendante\/","title":{"rendered":"Communiqu\u00e9 de presse  :24 janvier,Journ\u00e9e Mondiale de la Culture Africaine et Afro-Descendante(JMCA) ET AFRO-Descendante"},"content":{"rendered":"<p><em><strong>Le Pr\u00e9sident JOHN AYITE DOSSAVI  en C\u00f4te d&#8217;Ivoire en mission de remerciements et de pr\u00e9paratifs de la JMCA 2020<\/strong><\/em><\/p>\n<p>Le 20 novembre 2019, l\u2019Afrique et ses descendants se sont dot\u00e9s d\u2019une Journ\u00e9e mondiale pour la c\u00e9l\u00e9bration de leurs Cultures, en proposant au monde de rendre hommage au continent berceau de l\u2019humanit\u00e9. <\/p>\n<p>Dans le cadre de sa premi\u00e8re sortie officielle apr\u00e8s cette date historique de l\u2019adoption par les 193 \u00c9tats membres de l\u2019Organisation des Nations Unies pour l\u2019\u00c9ducation, la Science et la Culture (UNESCO), de la r\u00e9solution portant la date du 24 janvier comme jour de la c\u00e9l\u00e9bration dans le monde de la culture africaine et afro-descendante, Monsieur JOHN AYITE DOSSAVI , Pr\u00e9sident du R\u00e9seau Africain des Entrepreneurs Culturels africains ( RAPEC), et Pr\u00e9sident du comit\u00e9 de mobilisation pour l\u2019adoption et la c\u00e9l\u00e9bration de la Journ\u00e9e Mondiale de la Culture Africaine et afro-descendante (JMCA), effectuera \u00e0 compter du lundi 16 d\u00e9cembre 2019, une visite en C\u00f4te d&#8217;Ivoire en vue: <\/p>\n<p>1\/ d\u2019une part de remercier les autorit\u00e9s et les populations ivoiriennes pour l\u2019implication de la C\u00f4te d\u2019Ivoire dans l\u2019aboutissement de l\u2019initiative ; <\/p>\n<p>2\/ et d\u2019autre part, de retracer l\u2019historique qui a conduit \u00e0 l\u2019adoption du projet de JMCA par la conf\u00e9rence g\u00e9n\u00e9rale de l\u2019Unseco,  <\/p>\n<p>3\/ et de proc\u00e9der par la m\u00eame occasion au lancement en C\u00f4te d\u2019Ivoire de la prochaine comm\u00e9moration dans tous les pays membres de l\u2019UNESCO de la Journ\u00e9e Mondiale de la Culture Africaine et afro-descendante, le 24 janvier 2020. <\/p>\n<p>\u00c0 cet effet, il animera une conf\u00e9rence de presse le mardi 17 d\u00e9cembre 2019, \u00e0 10 :00, \u00e0 la maison de la presse, au Plateau. <\/p>\n<p>La presse nationale et internationale, ainsi que les amis de la Culture et de l\u2019Afrique, sont cordialement invit\u00e9s \u00e0 assister et participer, \u00e0 travers le pr\u00e9sent communiqu\u00e9 de presse, \u00e0 cette importante conf\u00e9rence de presse. <\/p>\n<p><strong>Contact<br \/>\nMonsieur Gohore Jean Guy <\/strong><br \/>\n+225 58 31 64 84<\/p>\n","protected":false},"excerpt":{"rendered":"<p>Le Pr\u00e9sident JOHN AYITE DOSSAVI en C\u00f4te d&#8217;Ivoire en mission de remerciements et de pr\u00e9paratifs de la JMCA 2020 Le 20 novembre 2019, l\u2019Afrique et ses descendants se sont dot\u00e9s d\u2019une Journ\u00e9e mondiale pour la c\u00e9l\u00e9bration de leurs Cultures, en proposant au monde de rendre hommage au continent berceau de l\u2019humanit\u00e9. Dans le cadre de [&hellip;]<\/p>\n","protected":false},"author":3,"featured_media":18177,"comment_status":"closed","ping_status":"closed","sticky":false,"template":"","format":"standard","meta":{"_monsterinsights_skip_tracking":false,"_monsterinsights_sitenote_active":false,"_monsterinsights_sitenote_note":"","_monsterinsights_sitenote_category":0,"footnotes":""},"categories":[2,20],"tags":[],"class_list":["post-18176","post","type-post","status-publish","format-standard","has-post-thumbnail","hentry","category-featured","category-art-et-culture"],"_links":{"self":[{"href":"https:\/\/www.lintelligentdabidjan.info\/news\/wp-json\/wp\/v2\/posts\/18176","targetHints":{"allow":["GET"]}}],"collection":[{"href":"https:\/\/www.lintelligentdabidjan.info\/news\/wp-json\/wp\/v2\/posts"}],"about":[{"href":"https:\/\/www.lintelligentdabidjan.info\/news\/wp-json\/wp\/v2\/types\/post"}],"author":[{"embeddable":true,"href":"https:\/\/www.lintelligentdabidjan.info\/news\/wp-json\/wp\/v2\/users\/3"}],"replies":[{"embeddable":true,"href":"https:\/\/www.lintelligentdabidjan.info\/news\/wp-json\/wp\/v2\/comments?post=18176"}],"version-history":[{"count":2,"href":"https:\/\/www.lintelligentdabidjan.info\/news\/wp-json\/wp\/v2\/posts\/18176\/revisions"}],"predecessor-version":[{"id":18181,"href":"https:\/\/www.lintelligentdabidjan.info\/news\/wp-json\/wp\/v2\/posts\/18176\/revisions\/18181"}],"wp:featuredmedia":[{"embeddable":true,"href":"https:\/\/www.lintelligentdabidjan.info\/news\/wp-json\/wp\/v2\/media\/18177"}],"wp:attachment":[{"href":"https:\/\/www.lintelligentdabidjan.info\/news\/wp-json\/wp\/v2\/media?parent=18176"}],"wp:term":[{"taxonomy":"category","embeddable":true,"href":"https:\/\/www.lintelligentdabidjan.info\/news\/wp-json\/wp\/v2\/categories?post=18176"},{"taxonomy":"post_tag","embeddable":true,"href":"https:\/\/www.lintelligentdabidjan.info\/news\/wp-json\/wp\/v2\/tags?post=18176"}],"curies":[{"name":"wp","href":"https:\/\/api.w.org\/{rel}","templated":true}]}}