{"id":18200,"date":"2019-12-16T00:04:27","date_gmt":"2019-12-15T23:04:27","guid":{"rendered":"https:\/\/www.lintelligentdabidjan.info\/news\/?p=18200"},"modified":"2019-12-16T00:04:37","modified_gmt":"2019-12-15T23:04:37","slug":"3eme-sommet-continental-sur-la-paix-la-securite-et-le-developpement-humain-en-afrique-de-la-fpu-mahamadou-issouffou-salue-les-actions-de-dr-hak-ja-han-moon","status":"publish","type":"post","link":"https:\/\/www.lintelligentdabidjan.info\/news\/3eme-sommet-continental-sur-la-paix-la-securite-et-le-developpement-humain-en-afrique-de-la-fpu-mahamadou-issouffou-salue-les-actions-de-dr-hak-ja-han-moon\/","title":{"rendered":"3\u00e8me sommet continental sur la paix, la s\u00e9curit\u00e9 et le d\u00e9veloppement humain en Afrique de la  FPU :Mahamadou Issouffou salue les actions de Dr Hak Ja Han Moon"},"content":{"rendered":"<p><em><strong>Le palais des congr\u00e8s de Niamey a abrit\u00e9 le 3\u00e8me sommet continental sur la paix, la s\u00e9curit\u00e9 et le d\u00e9veloppement humain en Afrique autour du th\u00e8me \u00ab Construire une Afrique pacifique, unie et prosp\u00e8re centr\u00e9e sur les valeurs universelles : paix, s\u00e9curit\u00e9, r\u00e9conciliation, interd\u00e9pendance, prosp\u00e9rit\u00e9 mutuelle et valeurs universelles \u00bb les 28, 29 et 30 novembre 2019 au Niger.<\/strong><\/em><\/p>\n<p>Ce sont  pr\u00e8s de 2000 invit\u00e9s, dirigeants et responsables politiques venant de 70 pays qui ont pris part  \u00e0 l\u2019ouverture de cette rencontre  sous la pr\u00e9sidence du chef de l&#8217;\u00c9tat nig\u00e9rien, Mahamadou Issouffou. Durant trois jours, les participants ont confront\u00e9 leurs points de vue, notamment sur la situation sociopolitique du continent et ont propos\u00e9 des solutions pour la construction d\u2019une Afrique pacifique, unie et prosp\u00e8re, centr\u00e9e sur les valeurs universelles de paix, s\u00e9curit\u00e9, r\u00e9conciliation, interd\u00e9pendance et prosp\u00e9rit\u00e9. \u00c0 cette occasion, Mahamadou Issouffou.  , pr\u00e9sident de la R\u00e9publique du Niger a indiqu\u00e9 : \u00ab Ce sommet se tient dans un contexte de vell\u00e9it\u00e9s de retour \u00e0 la course aux armements, des tensions commerciales, l\u2019accroissement des in\u00e9galit\u00e9s, la persistance de la pauvret\u00e9, l\u2019augmentation spectaculaire des flux migratoires, la mont\u00e9e des populismes, les d\u00e9fis climatiques, ainsi que les menaces des organisations terroristes. Des centaines de millions d\u2019\u00eatres humains ont le sentiment d\u2019\u00eatre dans la nuit et le brouillard au point o\u00f9 certains estiment que nous sommes entr\u00e9s dans une \u00e9poque agonique de l\u2019histoire humaine, une \u00e9poque de luttes finales entre les forces de la mort et celles de la renaissance. C\u2019est donc ce combat que m\u00e8ne la F\u00e9d\u00e9ration pour la paix universelle, un combat pour un monde plus juste, un monde plus humain et un monde de tol\u00e9rance. Les fondateurs de la F\u00e9d\u00e9ration pour la paix universelle consid\u00e8rent qu\u2019il est important aujourd\u2019hui de reconna\u00eetre que vivre pour autrui et pour l\u2019int\u00e9r\u00eat public est la base du d\u00e9veloppement dans un monde interd\u00e9pendant \u00bb. Quant \u00e0 la co-fondatrice de la F\u00e9d\u00e9ration pour la paix universelle (FPU), Dr Hak Ja Han Moon, elle a observ\u00e9 que \u00ab le monde est plein de conflits malgr\u00e9 notre d\u00e9sir de paix \u00bb . Elle  a lanc\u00e9 un appel \u00e0 tous pour \u00ab travailler ensemble pour un monde de paix \u00bb. Elle a \u00e9galement salu\u00e9 \u00ab la sagesse du Pr\u00e9sident Mahamadou Issouffou \u00ab un pacificateur, un leader qui aime son peuple \u00bb. Avant de souligner \u00ab que la b\u00e9n\u00e9diction divine et l\u2019unit\u00e9 humaine pourraient sauver l\u2019humanit\u00e9 \u00bb.  Au  cours de ce Sommet continental sur la paix, la s\u00e9curit\u00e9 et le d\u00e9veloppement humain en Afrique, le Pr\u00e9sident Mahamadou Issouffou a \u00e9t\u00e9 nomm\u00e9 pr\u00e9sident de la Commission charg\u00e9e d\u2019inviter les Chefs d\u2019\u00c9tat  africains au prochain Sommet mondial de la paix pr\u00e9vu en f\u00e9vrier 2020 en Cor\u00e9e.<\/p>\n<p><strong>M. Isma\u00efla avec Sercom  <\/strong><\/p>\n","protected":false},"excerpt":{"rendered":"<p>Le palais des congr\u00e8s de Niamey a abrit\u00e9 le 3\u00e8me sommet continental sur la paix, la s\u00e9curit\u00e9 et le d\u00e9veloppement humain en Afrique autour du th\u00e8me \u00ab Construire une Afrique pacifique, unie et prosp\u00e8re centr\u00e9e sur les valeurs universelles : paix, s\u00e9curit\u00e9, r\u00e9conciliation, interd\u00e9pendance, prosp\u00e9rit\u00e9 mutuelle et valeurs universelles \u00bb les 28, 29 et 30 [&hellip;]<\/p>\n","protected":false},"author":3,"featured_media":18201,"comment_status":"closed","ping_status":"closed","sticky":false,"template":"","format":"standard","meta":{"_monsterinsights_skip_tracking":false,"_monsterinsights_sitenote_active":false,"_monsterinsights_sitenote_note":"","_monsterinsights_sitenote_category":0,"footnotes":""},"categories":[2,3],"tags":[],"class_list":["post-18200","post","type-post","status-publish","format-standard","has-post-thumbnail","hentry","category-featured","category-societe"],"_links":{"self":[{"href":"https:\/\/www.lintelligentdabidjan.info\/news\/wp-json\/wp\/v2\/posts\/18200","targetHints":{"allow":["GET"]}}],"collection":[{"href":"https:\/\/www.lintelligentdabidjan.info\/news\/wp-json\/wp\/v2\/posts"}],"about":[{"href":"https:\/\/www.lintelligentdabidjan.info\/news\/wp-json\/wp\/v2\/types\/post"}],"author":[{"embeddable":true,"href":"https:\/\/www.lintelligentdabidjan.info\/news\/wp-json\/wp\/v2\/users\/3"}],"replies":[{"embeddable":true,"href":"https:\/\/www.lintelligentdabidjan.info\/news\/wp-json\/wp\/v2\/comments?post=18200"}],"version-history":[{"count":1,"href":"https:\/\/www.lintelligentdabidjan.info\/news\/wp-json\/wp\/v2\/posts\/18200\/revisions"}],"predecessor-version":[{"id":18202,"href":"https:\/\/www.lintelligentdabidjan.info\/news\/wp-json\/wp\/v2\/posts\/18200\/revisions\/18202"}],"wp:featuredmedia":[{"embeddable":true,"href":"https:\/\/www.lintelligentdabidjan.info\/news\/wp-json\/wp\/v2\/media\/18201"}],"wp:attachment":[{"href":"https:\/\/www.lintelligentdabidjan.info\/news\/wp-json\/wp\/v2\/media?parent=18200"}],"wp:term":[{"taxonomy":"category","embeddable":true,"href":"https:\/\/www.lintelligentdabidjan.info\/news\/wp-json\/wp\/v2\/categories?post=18200"},{"taxonomy":"post_tag","embeddable":true,"href":"https:\/\/www.lintelligentdabidjan.info\/news\/wp-json\/wp\/v2\/tags?post=18200"}],"curies":[{"name":"wp","href":"https:\/\/api.w.org\/{rel}","templated":true}]}}