{"id":18203,"date":"2019-12-16T00:13:54","date_gmt":"2019-12-15T23:13:54","guid":{"rendered":"https:\/\/www.lintelligentdabidjan.info\/news\/?p=18203"},"modified":"2019-12-16T00:13:54","modified_gmt":"2019-12-15T23:13:54","slug":"depart-precipite-des-conges-de-noel-des-eleves-sensibilises-sur-les-mefaits-du-fleau","status":"publish","type":"post","link":"https:\/\/www.lintelligentdabidjan.info\/news\/depart-precipite-des-conges-de-noel-des-eleves-sensibilises-sur-les-mefaits-du-fleau\/","title":{"rendered":"D\u00e9part pr\u00e9cipit\u00e9 des cong\u00e9s de no\u00ebl :Des \u00e9l\u00e8ves sensibilis\u00e9s sur les m\u00e9faits du fl\u00e9au"},"content":{"rendered":"<p><em><strong>Face \u00e0 la r\u00e9currence des manifestations pour des cong\u00e9s anticip\u00e9s,  les \u00e9l\u00e8ves du lyc\u00e9e classique 1 de Bouak\u00e9 ont organis\u00e9 au sein de leur \u00e9tablissement mercredi 11 d\u00e9cembre 2019 une conf\u00e9rence publique sous le th\u00e8me : &#8221; L&#8217;importance du respect du calendrier scolaire &#8221;. <\/strong><\/em><\/p>\n<p>Objectif sensibiliser les \u00e9l\u00e8ves en C\u00f4te d\u2019Ivoire et  en particulier ceux de Bouak\u00e9 \u00e0 abandonner les violences   pour des cong\u00e9s  anticip\u00e9s.<br \/>\nLe conf\u00e9rencier Diakit\u00e9 Mory, proviseur du lyc\u00e9e technique de Bouak\u00e9, s\u2019est   \u00e9tendu sur ce fl\u00e9au qui gangr\u00e8ne le syst\u00e8me scolaire et participe \u00e0 sa d\u00e9gradation. Avant d\u2019interpeller les \u00e9l\u00e8ves. \u00ab Ces d\u00e9parts pr\u00e9cipit\u00e9s ont un impact n\u00e9gatif sur vos rendement \u00e0 l\u2019\u00e9cole et le bon d\u00e9roulement de l\u2019ann\u00e9e scolaire. Il vous appartient de tout mettre en \u0153uvre dans la discipline et la non-violence pour mettre fin \u00e0 ce ph\u00e9nom\u00e8ne et faire respecter le calendrier acad\u00e9mique mis en place par l\u2019administration&#8221; a-t-il conseill\u00e9. Aux acteurs du syst\u00e8me \u00e9ducatif et parents d\u2019\u00e9l\u00e8ves, le conf\u00e9rencier a fait savoir qu\u2019il est plus que jamais opportun  qu\u2019ils  prennent leurs responsabilit\u00e9s en ce qui concerne l&#8217;\u00e9ducation de leurs enfants.<br \/>\nAuparavant,  Kouadio Koffi Serges, d\u00e9l\u00e9gu\u00e9 des \u00e9l\u00e8ves  de ce lyc\u00e9e a soulign\u00e9 : \u00ab  Le lyc\u00e9e classique 1 de Bouak\u00e9 est un \u00e9tablissement qui promeut l\u2019excellence et une formation de qualit\u00e9. Nous n\u2019avons le droit de saper tous les efforts de nos responsables \u00e9ducatifs et nos a\u00een\u00e9s qui ont tout donn\u00e9 pour notre \u00e9tablissement. Nous disons non et allons dans les jours \u00e0 venir engager une campagne de sensibilisation dans d\u2019autres \u00e9tablissements secondaires de Bouak\u00e9 afin de mettre fin \u00e0 ce ph\u00e9nom\u00e8ne \u00bb. Mah Abou, proviseur du lyc\u00e9e classique de Bouak\u00e9, a f\u00e9licit\u00e9 ses \u00e9l\u00e8ves pour cette initiative.<\/p>\n<p><strong>Aboubacar Al Syddick, correspondant r\u00e9gional.<\/strong><\/p>\n","protected":false},"excerpt":{"rendered":"<p>Face \u00e0 la r\u00e9currence des manifestations pour des cong\u00e9s anticip\u00e9s, les \u00e9l\u00e8ves du lyc\u00e9e classique 1 de Bouak\u00e9 ont organis\u00e9 au sein de leur \u00e9tablissement mercredi 11 d\u00e9cembre 2019 une conf\u00e9rence publique sous le th\u00e8me : &#8221; L&#8217;importance du respect du calendrier scolaire &#8221;. Objectif sensibiliser les \u00e9l\u00e8ves en C\u00f4te d\u2019Ivoire et en particulier ceux [&hellip;]<\/p>\n","protected":false},"author":3,"featured_media":18204,"comment_status":"closed","ping_status":"closed","sticky":false,"template":"","format":"standard","meta":{"_monsterinsights_skip_tracking":false,"_monsterinsights_sitenote_active":false,"_monsterinsights_sitenote_note":"","_monsterinsights_sitenote_category":0,"footnotes":""},"categories":[2,3],"tags":[],"class_list":["post-18203","post","type-post","status-publish","format-standard","has-post-thumbnail","hentry","category-featured","category-societe"],"_links":{"self":[{"href":"https:\/\/www.lintelligentdabidjan.info\/news\/wp-json\/wp\/v2\/posts\/18203","targetHints":{"allow":["GET"]}}],"collection":[{"href":"https:\/\/www.lintelligentdabidjan.info\/news\/wp-json\/wp\/v2\/posts"}],"about":[{"href":"https:\/\/www.lintelligentdabidjan.info\/news\/wp-json\/wp\/v2\/types\/post"}],"author":[{"embeddable":true,"href":"https:\/\/www.lintelligentdabidjan.info\/news\/wp-json\/wp\/v2\/users\/3"}],"replies":[{"embeddable":true,"href":"https:\/\/www.lintelligentdabidjan.info\/news\/wp-json\/wp\/v2\/comments?post=18203"}],"version-history":[{"count":1,"href":"https:\/\/www.lintelligentdabidjan.info\/news\/wp-json\/wp\/v2\/posts\/18203\/revisions"}],"predecessor-version":[{"id":18205,"href":"https:\/\/www.lintelligentdabidjan.info\/news\/wp-json\/wp\/v2\/posts\/18203\/revisions\/18205"}],"wp:featuredmedia":[{"embeddable":true,"href":"https:\/\/www.lintelligentdabidjan.info\/news\/wp-json\/wp\/v2\/media\/18204"}],"wp:attachment":[{"href":"https:\/\/www.lintelligentdabidjan.info\/news\/wp-json\/wp\/v2\/media?parent=18203"}],"wp:term":[{"taxonomy":"category","embeddable":true,"href":"https:\/\/www.lintelligentdabidjan.info\/news\/wp-json\/wp\/v2\/categories?post=18203"},{"taxonomy":"post_tag","embeddable":true,"href":"https:\/\/www.lintelligentdabidjan.info\/news\/wp-json\/wp\/v2\/tags?post=18203"}],"curies":[{"name":"wp","href":"https:\/\/api.w.org\/{rel}","templated":true}]}}