{"id":18238,"date":"2019-12-17T11:01:48","date_gmt":"2019-12-17T10:01:48","guid":{"rendered":"https:\/\/www.lintelligentdabidjan.info\/news\/?p=18238"},"modified":"2019-12-17T11:01:48","modified_gmt":"2019-12-17T10:01:48","slug":"houphouet-ouattara-soro-rhdp-agc-2020-ce-que-kader-diaby-et-alexis-dieth-ont-dit-a-paris","status":"publish","type":"post","link":"https:\/\/www.lintelligentdabidjan.info\/news\/houphouet-ouattara-soro-rhdp-agc-2020-ce-que-kader-diaby-et-alexis-dieth-ont-dit-a-paris\/","title":{"rendered":"Houphou\u00ebt, Ouattara, Soro, Rhdp, AGC 2020 : ce que Kader Diaby et Alexis Dieth ont dit \u00e0 Paris"},"content":{"rendered":"<p><em><strong>\u200bLe samedi 07 d\u00e9cembre 2019, Kader Diaby, pr\u00e9sident du mouvement  politique Ambition G\u00e9n\u00e9ration Consciente 2020 (AGC 2020) a anim\u00e9 une conf\u00e9rence de presse, au 49 rue des Plantes dans le 14\u00e8me arrondissement \u00e0 Paris.   <\/strong><\/em><\/p>\n<p><em>\u00ab B\u00e2tir la C\u00f4te d\u2019Ivoire de 2030 avec les acquis de 2020 \u00bb \u00e9tait le th\u00e8me des \u00e9changes entre la presse, Kader Diaby et son invit\u00e9 le Dr. Alexis Dieth. Ce dernier, auteur du livre \u2018\u2019Le RHDP, continuit\u00e9 d\u2019une vision politique\u2019\u2019 a, lors de son intervention, expos\u00e9 que le RHDP rejoignait la vision politique de feu F\u00e9lix Houphou\u00ebt-Boigny, qui est de \u00ab construire un \u00e9tat national par le d\u00e9veloppement \u00e9conomique \u00bb<\/em><\/p>\n<p>Selon Alexis Dieth, l\u2019enseignant de philosophie, le RHDP du pr\u00e9sident Alassane Ouattara est la continuit\u00e9 du PDCI du premier pr\u00e9sident de la C\u00f4te d\u2019Ivoire. Il a indiqu\u00e9 que la d\u00e9nomination \u2018\u2019Ambition G\u00e9n\u00e9ration Consciente 2020\u2019\u2019 \u00e9tait une <em>\u00ab d\u00e9nomination riche car elle d\u00e9montre que ce groupe de r\u00e9flexion est loin d\u2019\u00eatre un pool de c\u00e9l\u00e9bration hagiographique, mais plut\u00f4t un groupe dont l\u2019objectif est de reprendre la r\u00e9flexion, le programme d\u2019inclusion sociale et d\u2019int\u00e9gration nationale du RHDP \u00bb<\/em><\/p>\n<p><em>\u00ab Il s\u2019agit donc pour ce mouvement politique de reprendre en conscience cette vision-l\u00e0. Il est heureux que les initiales de ce groupe de r\u00e9flexion et celles de celui qui conduit et met en ex\u00e9cution la politique du pr\u00e9sident Alassane Ouattara co\u00efncident \u00bb<\/em>,a-t-il poursuivi.<\/p>\n<p>Kader Diaby, pr\u00e9sident de AGC 2020, a ajout\u00e9 que son organisation n\u00e9e au lendemain de la rentr\u00e9e politique du RHDP \u00e0 Paris le 02 novembre 2019, ambitionne faire de la p\u00e9dagogie de l\u2019action de d\u00e9veloppement du pr\u00e9sident Alassane Ouattara. <em>\u00ab La mise en place de ce thinktank s\u2019imposait. Il est important pour la jeunesse d\u2019\u00eatre inform\u00e9e le mieux possible des actions du pr\u00e9sident de la r\u00e9publiqu\u00e9, et de se questionner sur l\u2019ensemble des \u0153uvres du gouvernement sous la houlette du premier ministre Amadou Gon Coulibaly \u00bb.<\/em><\/p>\n<p>Il aussi ajout\u00e9 que l\u2019organisation et lui feront le tour des grandes villes de France et du monde pour engager le d\u00e9bat et la r\u00e9flexion sur l\u2019action du gouvernement ivoirien :<em> \u00ab Nous commen\u00e7ons par Limoges o\u00f9 nous serons ce samedi 14 d\u00e9cembre 2019. Ensuite ce sera Lille le 21 d\u00e9cembre. Nous allons rencontrer les Ivoiriens, surtout les \u00e9tudiants et cadres vivant dans ces localit\u00e9s de France \u00bb.<\/em><\/p>\n<p><em>\u00ab Il faudra que nous expliquions \u00e0 la jeunesse de C\u00f4te d\u2019Ivoire que l\u2019ascension sociale passe par la r\u00e9ussite scolaire, et montrer par exemple pourquoi Soro Guillaume n\u2019est pas un mod\u00e8le ou une r\u00e9f\u00e9rence pour la jeunesse ivoirienne. (&#8230;). Pour moi, le pr\u00e9sident Alassane Ouattara \u00e9lu en octobre 2020, ce serait son premier mandat dans la troisi\u00e8me r\u00e9publique \u00bb<\/em>, a entre autres affirm\u00e9 le pr\u00e9sident de AGC 2020.<\/p>\n<p><strong><br \/>\nJean-Paul Oro \u00e0 Paris<\/strong><\/p>\n","protected":false},"excerpt":{"rendered":"<p>\u200bLe samedi 07 d\u00e9cembre 2019, Kader Diaby, pr\u00e9sident du mouvement politique Ambition G\u00e9n\u00e9ration Consciente 2020 (AGC 2020) a anim\u00e9 une conf\u00e9rence de presse, au 49 rue des Plantes dans le 14\u00e8me arrondissement \u00e0 Paris. \u00ab B\u00e2tir la C\u00f4te d\u2019Ivoire de 2030 avec les acquis de 2020 \u00bb \u00e9tait le th\u00e8me des \u00e9changes entre la presse, [&hellip;]<\/p>\n","protected":false},"author":3,"featured_media":18239,"comment_status":"closed","ping_status":"closed","sticky":false,"template":"","format":"standard","meta":{"_monsterinsights_skip_tracking":false,"_monsterinsights_sitenote_active":false,"_monsterinsights_sitenote_note":"","_monsterinsights_sitenote_category":0,"footnotes":""},"categories":[2,466],"tags":[],"class_list":["post-18238","post","type-post","status-publish","format-standard","has-post-thumbnail","hentry","category-featured","category-publicite"],"_links":{"self":[{"href":"https:\/\/www.lintelligentdabidjan.info\/news\/wp-json\/wp\/v2\/posts\/18238","targetHints":{"allow":["GET"]}}],"collection":[{"href":"https:\/\/www.lintelligentdabidjan.info\/news\/wp-json\/wp\/v2\/posts"}],"about":[{"href":"https:\/\/www.lintelligentdabidjan.info\/news\/wp-json\/wp\/v2\/types\/post"}],"author":[{"embeddable":true,"href":"https:\/\/www.lintelligentdabidjan.info\/news\/wp-json\/wp\/v2\/users\/3"}],"replies":[{"embeddable":true,"href":"https:\/\/www.lintelligentdabidjan.info\/news\/wp-json\/wp\/v2\/comments?post=18238"}],"version-history":[{"count":1,"href":"https:\/\/www.lintelligentdabidjan.info\/news\/wp-json\/wp\/v2\/posts\/18238\/revisions"}],"predecessor-version":[{"id":18240,"href":"https:\/\/www.lintelligentdabidjan.info\/news\/wp-json\/wp\/v2\/posts\/18238\/revisions\/18240"}],"wp:featuredmedia":[{"embeddable":true,"href":"https:\/\/www.lintelligentdabidjan.info\/news\/wp-json\/wp\/v2\/media\/18239"}],"wp:attachment":[{"href":"https:\/\/www.lintelligentdabidjan.info\/news\/wp-json\/wp\/v2\/media?parent=18238"}],"wp:term":[{"taxonomy":"category","embeddable":true,"href":"https:\/\/www.lintelligentdabidjan.info\/news\/wp-json\/wp\/v2\/categories?post=18238"},{"taxonomy":"post_tag","embeddable":true,"href":"https:\/\/www.lintelligentdabidjan.info\/news\/wp-json\/wp\/v2\/tags?post=18238"}],"curies":[{"name":"wp","href":"https:\/\/api.w.org\/{rel}","templated":true}]}}