{"id":18280,"date":"2019-12-19T01:29:32","date_gmt":"2019-12-19T00:29:32","guid":{"rendered":"https:\/\/www.lintelligentdabidjan.info\/news\/?p=18280"},"modified":"2019-12-19T01:29:43","modified_gmt":"2019-12-19T00:29:43","slug":"lancement-de-la-tnt-a-bouakele-ministre-sidi-toure-annonce-des-opportunites-demplois-pour-les-jeunes","status":"publish","type":"post","link":"https:\/\/www.lintelligentdabidjan.info\/news\/lancement-de-la-tnt-a-bouakele-ministre-sidi-toure-annonce-des-opportunites-demplois-pour-les-jeunes\/","title":{"rendered":"Lancement de la TNT \u00e0 Bouak\u00e9:Le ministre Sidi Tour\u00e9 annonce des opportunit\u00e9s d&#8217;emplois pour les jeunes"},"content":{"rendered":"<p><em><strong>Le ministre Communication et des M\u00e9dias, Sidi Ti\u00e9moko Tour\u00e9 a proc\u00e9d\u00e9 samedi 14 d\u00e9cembre 2019, au lancement officiel de la phase 2 du r\u00e9seau de la T\u00e9l\u00e9vision num\u00e9rique terrestre (Tnt) \u00e0 Bouak\u00e9. <\/strong><\/em><\/p>\n<p>Une c\u00e9r\u00e9monie qui marque l\u2019effectivit\u00e9 de la pleine mutation du syst\u00e8me de diffusion d&#8217;images de t\u00e9l\u00e9vision en C\u00f4te d&#8217;Ivoire. Ainsi, du syst\u00e8me analogique, le pays bascule peu \u00e0 peu dans le syst\u00e8me num\u00e9rique avec la qualit\u00e9 de l&#8217;image et du son. Un syst\u00e8me plus performant qui offre beaucoup d&#8217;avantages aux populations selon Mathieu Badaud Darret et Y\u00e9o Adama B\u00e9noit, respectivement pr\u00e9sident du Conseil d&#8217;administration et Directeur g\u00e9n\u00e9ral de la Soci\u00e9t\u00e9 Ivoirienne de la T\u00e9l\u00e9diffusion. &#8220;La qualit\u00e9 de l&#8217;image est ind\u00e9niable une fois que vous achetez votre kit de r\u00e9ception compos\u00e9 d&#8217;une antenne et d&#8217;un d\u00e9codeur \u00e0 16.000 FCFA ou l&#8217;antenne simple \u00e0 6.000 FCFA.  Si votre t\u00e9l\u00e9viseur est d\u00e9j\u00e0 muni d&#8217;un d\u00e9codeur int\u00e9gr\u00e9, vous n&#8217;avez plus rien \u00e0 payer&#8221;, a dit Y\u00e9o Adama B\u00e9noit, Dg de la  Soci\u00e9t\u00e9 Ivoirienne de la T\u00e9l\u00e9diffusion au centre \u00e9metteur de Rti \u00e0 Bouak\u00e9.<br \/>\nLe ministre Sidi Tour\u00e9 a indiqu\u00e9 que les travaux de cette seconde phase ont mobilis\u00e9 un financement public d&#8217;environ un milliard de franc Cfa et permettront  une couverture de 60% de la population. Ainsi donc, apr\u00e8s Abidjan le 08 f\u00e9vrier 2019 \u00e0 Abobo lors de la premi\u00e8re phase, le processus de basculement de la C\u00f4te d&#8217;Ivoire \u00e0 TNT suit son cours avec cette \u00e9tape de Bouak\u00e9 qui marque \u00e9galement le d\u00e9but de la TNT dans les zones de Bouafl\u00e9, Korhogo, Koun-Fao, Man et San-Pedro. Pour le ministre Sidi Tour\u00e9, l&#8217;av\u00e8nement de la TNT offre aussi des opportunit\u00e9s d&#8217;affaires et d&#8217;emplois pour les jeunes. Le porte-parole du gouvernement a, \u00e0 cette occasion, exhort\u00e9 les jeunes \u00e0 s&#8217;organiser afin de tirer profit de l&#8217;effectivit\u00e9 de la TNT en C\u00f4te d&#8217;Ivoire. S&#8217;il y a une nouvelle technologie, il y a \u00e9galement une grande opportunit\u00e9 d&#8217;emploi. Notamment, la vente, les installations des \u00e9quipements, la maintenance etc.&#8221;, a expliqu\u00e9 le ministre Sidi Tour\u00e9. Avant de faire savoir que la TNT couvrait jusqu&#8217;\u00e0 ce jour, 25% de la population ivoirienne. &#8220;Avec l&#8217;ouverture du centre \u00e9metteur de Bouak\u00e9, cela portera la couverture \u00e0 60%. Pour vous, le gouvernement ira toujours plus loin. L&#8217;objectif principal du gouvernement vise \u00e0 atteindre un taux de couverture de la TNT d&#8217;au moins 95 % et au plus 100% de la population nationale \u00e0 la fin du mois de juin 2020&#8221;, a dit le ministre Sidi Tour\u00e9. Les travaux de r\u00e9novation, de r\u00e9habilitation et d&#8217;\u00e9quipements du centre \u00e9metteur de Bouak\u00e9 ont d\u00e9but\u00e9 le 3 avril 2019, et se sont achev\u00e9s  le 28 septembre 2019.<\/p>\n<p><strong>Aboubacar Al Syddick <\/strong>Correspondant r\u00e9gional.<\/p>\n","protected":false},"excerpt":{"rendered":"<p>Le ministre Communication et des M\u00e9dias, Sidi Ti\u00e9moko Tour\u00e9 a proc\u00e9d\u00e9 samedi 14 d\u00e9cembre 2019, au lancement officiel de la phase 2 du r\u00e9seau de la T\u00e9l\u00e9vision num\u00e9rique terrestre (Tnt) \u00e0 Bouak\u00e9. Une c\u00e9r\u00e9monie qui marque l\u2019effectivit\u00e9 de la pleine mutation du syst\u00e8me de diffusion d&#8217;images de t\u00e9l\u00e9vision en C\u00f4te d&#8217;Ivoire. Ainsi, du syst\u00e8me analogique, [&hellip;]<\/p>\n","protected":false},"author":3,"featured_media":18282,"comment_status":"closed","ping_status":"closed","sticky":false,"template":"","format":"standard","meta":{"_monsterinsights_skip_tracking":false,"_monsterinsights_sitenote_active":false,"_monsterinsights_sitenote_note":"","_monsterinsights_sitenote_category":0,"footnotes":""},"categories":[2,3],"tags":[],"class_list":["post-18280","post","type-post","status-publish","format-standard","has-post-thumbnail","hentry","category-featured","category-societe"],"_links":{"self":[{"href":"https:\/\/www.lintelligentdabidjan.info\/news\/wp-json\/wp\/v2\/posts\/18280","targetHints":{"allow":["GET"]}}],"collection":[{"href":"https:\/\/www.lintelligentdabidjan.info\/news\/wp-json\/wp\/v2\/posts"}],"about":[{"href":"https:\/\/www.lintelligentdabidjan.info\/news\/wp-json\/wp\/v2\/types\/post"}],"author":[{"embeddable":true,"href":"https:\/\/www.lintelligentdabidjan.info\/news\/wp-json\/wp\/v2\/users\/3"}],"replies":[{"embeddable":true,"href":"https:\/\/www.lintelligentdabidjan.info\/news\/wp-json\/wp\/v2\/comments?post=18280"}],"version-history":[{"count":1,"href":"https:\/\/www.lintelligentdabidjan.info\/news\/wp-json\/wp\/v2\/posts\/18280\/revisions"}],"predecessor-version":[{"id":18283,"href":"https:\/\/www.lintelligentdabidjan.info\/news\/wp-json\/wp\/v2\/posts\/18280\/revisions\/18283"}],"wp:featuredmedia":[{"embeddable":true,"href":"https:\/\/www.lintelligentdabidjan.info\/news\/wp-json\/wp\/v2\/media\/18282"}],"wp:attachment":[{"href":"https:\/\/www.lintelligentdabidjan.info\/news\/wp-json\/wp\/v2\/media?parent=18280"}],"wp:term":[{"taxonomy":"category","embeddable":true,"href":"https:\/\/www.lintelligentdabidjan.info\/news\/wp-json\/wp\/v2\/categories?post=18280"},{"taxonomy":"post_tag","embeddable":true,"href":"https:\/\/www.lintelligentdabidjan.info\/news\/wp-json\/wp\/v2\/tags?post=18280"}],"curies":[{"name":"wp","href":"https:\/\/api.w.org\/{rel}","templated":true}]}}