{"id":18348,"date":"2019-12-20T22:12:55","date_gmt":"2019-12-20T21:12:55","guid":{"rendered":"https:\/\/www.lintelligentdabidjan.info\/news\/?p=18348"},"modified":"2019-12-20T22:23:29","modified_gmt":"2019-12-20T21:23:29","slug":"interview-reseau-des-chambres-des-experts-europeens-sangare-sidiki-boubacar-president-afrique-representant-resident-en-cote-divoire-nous-navons-jamais-delivre-un-passeport-dip","status":"publish","type":"post","link":"https:\/\/www.lintelligentdabidjan.info\/news\/interview-reseau-des-chambres-des-experts-europeens-sangare-sidiki-boubacar-president-afrique-representant-resident-en-cote-divoire-nous-navons-jamais-delivre-un-passeport-dip\/","title":{"rendered":"Interview &#8211; R\u00e9seau des Chambres des Experts Europ\u00e9ens &#8211; Sangar\u00e9 Sidiki Boubacar, Pr\u00e9sident Afrique, Repr\u00e9sentant-R\u00e9sident en C\u00f4te d\u2019Ivoire  \u00ab Nous n&#8217;avons jamais d\u00e9livr\u00e9 un passeport diplomatique \u00e0 qui que ce soit \u00bb"},"content":{"rendered":"<p><em><strong>Son Excellence Monsieur Sangar\u00e9 Sidiki Boubacar est le Pr\u00e9sident Afrique, et Repr\u00e9sentant-R\u00e9sident C\u00f4te d&#8217;Ivoire,  du R\u00e9seau des Chambres des Experts Europ\u00e9ens \u2013 D\u00e9partement Afrique de l\u2019Ouest en abr\u00e9g\u00e9e, RCEEDAO. Celui dont les actions humanitaires et sociales ont \u00e9t\u00e9 reconnues, le 10 janvier 2019, en C\u00f4te d\u2019Ivoire \u00e0 travers une d\u00e9coration au grade d\u2019Officier de l&#8217;Ordre National, s\u2019est confi\u00e9 \u00e0 L\u2019Intelligent d\u2019Abidjan. Interview exclusive !<\/strong><\/em><\/p>\n<p><strong>Quel r\u00f4le joue exactement, en Afrique et dans le monde, le R\u00e9seau des Chambres des Experts Europ\u00e9ens \u2013 D\u00e9partement Afrique de l\u2019Ouest ?<\/strong><\/p>\n<p>Le R\u00e9seau des Chambres des Experts Europ\u00e9ens \u2013 D\u00e9partement Afrique de l\u2019Ouest est une organisation internationale qui \u0153uvre essentiellement dans le domaine humanitaire, social, environnemental\u2026 Notamment en construisant des \u00e9coles, des centres de sant\u00e9, des infrastructures d&#8217;addiction \u00e0 l&#8217;eau potable et d\u2019\u00e9lectrification villageoise et aussi en participant \u00e0 l&#8217;autonomisation de la femme en Afrique et partout ailleurs. Le RCEEDAO a pour vision de s&#8217;implanter partout en Afrique par le biais de repr\u00e9sentations-r\u00e9sidentes afin de renforcer son ancrage dans le d\u00e9veloppement \u00e9conomique, social, culturel et environnemental du continent.<br \/>\n<strong><br \/>\nComment \u00eates vous devenu le Repr\u00e9sentant-R\u00e9sident du RCEEDAO ?<\/strong><\/p>\n<p>Je suis devenu le Repr\u00e9sentant &#8211; R\u00e9sident du RCEEDAO lors d&#8217;une Assembl\u00e9e g\u00e9n\u00e9rale extraordinaire qui s\u2019est tenue le 25 novembre 2015 \u00e0 Bruxelles en Belgique. Suite \u00e0 cette Assembl\u00e9e g\u00e9n\u00e9rale extraordinaire, j&#8217;ai  \u00e9t\u00e9 nomm\u00e9 Repr\u00e9sentant &#8211; R\u00e9sident. Et le 03 d\u00e9cembre 2015, nous sommes venus \u00e0 Abidjan avec le Repr\u00e9sentant &#8211; R\u00e9sident sortant, en l&#8217;occurrence M. Djedji Vincent Dahoua. Nous avons fait une passation de charge en bonne et due forme devant les membres du corps diplomatique, la presse et l&#8217;ensemble des administrateurs du RCEEDAO.<\/p>\n<p><strong>\u00c0 cette p\u00e9riode, il y avait eu une pol\u00e9mique autour de cette passation\u2026 Dites-nous que s\u2019est-il exactement pass\u00e9 avec Djedji Vincent Dahoua ?<\/strong><\/p>\n<p>Vous savez, nous avons sign\u00e9 un Accord de si\u00e8ge le 19 septembre 2011 avec l&#8217;\u00c9tat de C\u00f4te d&#8217;Ivoire. 2 ans apr\u00e8s, soit le 16 septembre 2013, M. Djedji Vincent Dahoua s&#8217;est rendu \u00e0 Bruxelles pour cr\u00e9er une ONG qui s&#8217;appelait aussi le RCEEDAO. Mais cette fois-ci avec comme administrateurs et membres fondateurs de cette ONG, sa femme, une autre femme proche de lui , ses enfants et deux ou trois de ses amis. Quand vous regardez sur son document qui contenait les noms des membres fondateurs, vous verrez qu\u2019il n\u2019y avait que Dahoua, Dahoua, Dahoua. Il a tent\u00e9 d&#8217;introduire ce statut au minist\u00e8re des Affaires \u00e9trang\u00e8res de C\u00f4te d&#8217;Ivoire. Le minist\u00e8re des Affaires \u00e9trang\u00e8res a dit \u00e0 M. Dahoua que ce n\u2019\u00e9tait pas comme \u00e7a que cela se passait et je cite : \u2018\u2019Vous avez un Accord de si\u00e8ge, et vous nous pr\u00e9sentez les statuts d&#8217;une ONG\u2019\u2019. Le minist\u00e8re des Affaires \u00e9trang\u00e8res a automatiquement inform\u00e9 le si\u00e8ge \u00e0 Bruxelles, et le si\u00e8ge a pris le taureau par les cornes. D&#8217;o\u00f9 la n\u00e9cessit\u00e9 de convoquer une Assembl\u00e9e g\u00e9n\u00e9rale extraordinaire \u00e0 cette \u00e9poque pour relever M. Djedi Vincent Dahoua de ses fonctions pour motifs graves.<\/p>\n<p><strong>Mais quel est alors le statut actuel du RCEEDAO ?<\/strong><\/p>\n<p>Le RCEEDAO a sign\u00e9 un Accord de si\u00e8ge avec l\u2019\u00c9tat de C\u00f4te d&#8217;Ivoire.  Et bien entendu avec d&#8217;autres \u00c9tats  de la sous-r\u00e9gion. Vous comprenez lorsqu\u2019on parle de &#8221;Accord de si\u00e8ge&#8221;, ce que cela veut dire et implique\u2026<\/p>\n<p><strong>Quelles sont les actions concr\u00e8tes pos\u00e9es par le RCEEDAO en C\u00f4te d&#8217;Ivoire en particulier et en Afrique en g\u00e9n\u00e9ral ?<\/strong><\/p>\n<p>D&#8217;abord en C\u00f4te d&#8217;Ivoire, depuis ma prise de fonction, nous avons pos\u00e9 beaucoup d&#8217;actions dans l\u2019humanitaire et le social et fait \u00e9norm\u00e9ment de choses. Nous avons construit des \u00e9coles dans plusieurs localit\u00e9s, entre autres \u00e0 Fin\u00e9 dans le d\u00e9partement de Zouan-Hounien et \u00e0 Bramadougou \u00e0 Bouak\u00e9. <\/p>\n<p><strong>Selon vos d\u00e9tracteurs, la mission du RCEEDAO consiste \u00e0 distribuer \u00e0 vos amis expatri\u00e9s et Libanais, des passeports diplomatiques. Que leur r\u00e9pondez-vous ?<\/strong>  <\/p>\n<p>Depuis que j&#8217;ai pris la t\u00eate du R\u00e9seau des Chambres des Experts Europ\u00e9ens \u2013 D\u00e9partement Afrique de l\u2019Ouest, nous n&#8217;avons  jamais d\u00e9livr\u00e9 un passeport diplomatique \u00e0 qui que ce soit. Jamais ! Vous pouvez le v\u00e9rifier. Rendez vous au minist\u00e8re des Affaires \u00e9trang\u00e8res, et demandez si un jour moi Sangar\u00e9, j\u2019ai envoy\u00e9 une note verbale en demandant un passeport diplomatique pour un expatri\u00e9 ou pour un Libanais. Cela ne s&#8217;est jamais pass\u00e9. Moi, j&#8217;ai mon passeport diplomatique qui a \u00e9t\u00e9 d\u00e9livr\u00e9 par mon pays. Et vous savez, la Convention de Vienne dit : &#8220;lorsqu\u2019un Repr\u00e9sentant ou un de vos compatriotes est nomm\u00e9 \u00e0 la t\u00eate d&#8217;une mission diplomatique ou est \u00e0 la t\u00eate d&#8217;une organisation internationale avec Accord de si\u00e8ge, l&#8217;\u00c9tat a l&#8217;obligation de lui octroyer un passeport diplomatique pour faciliter sa mission&#8221;.  Et c&#8217;est dans ce cadre l\u00e0 que moi j&#8217;ai obtenu mon passeport diplomatique. Mais en dehors de moi, personne d&#8217;autre n&#8217;a eu un passeport diplomatique au sein du RCEEDAO.<br \/>\n<strong><br \/>\nQuels sont les prochains grands challenges du RCEEDAO ?<\/strong><\/p>\n<p>Les prochains grands challenges du RCEEDAO, sont entre autres la promesse faite \u00e0 l\u2019\u00c9tat de C\u00f4te d\u2019Ivoire pour la construction de 30 \u00e9coles et de 20 centres de sant\u00e9 tous \u00e9quip\u00e9s d\u2019ici fin 2020. Et le R\u00e9seau des Chambres des Experts Europ\u00e9ens \u2013 D\u00e9partement Afrique de l\u2019Ouest va s\u2019atteler \u00e0 relever ces d\u00e9fis l\u00e0. Ensuite, le R\u00e9seau fait venir chaque ann\u00e9e, 31 enseignantes canadiennes, dans le cadre de l&#8217;Enseignement Partag\u00e9, Approche par comp\u00e9tence. Elles viennent et sillonnent toute la C\u00f4te d&#8217;Ivoire pendant un \u00e0 deux mois. Elles renforcent la capacit\u00e9 p\u00e9dagogique de nos enseignants.<br \/>\n <strong><br \/>\nVous \u00eates de plus en plus pr\u00e9sent au Burkina Faso. Qu&#8217;est-ce qui vous fait courir au pays des Hommes int\u00e8gres ?<\/strong><\/p>\n<p>Le Burkina Faso, c&#8217;est un pays qui me fascine et qui m&#8217;a toujours fascin\u00e9. Notamment le premier magistrat de ce pays, le pr\u00e9sident du Faso, Son Excellence Monsieur Roch Marc Christian Kabor\u00e9 qui est quelqu&#8217;un de tr\u00e8s humble et un travailleur infatigable me fascine \u00e9galement. Et il y a quelques ministres que je connais tr\u00e8s bien, et qui sont aussi des travailleurs infatigables comme le Pr\u00e9sident. <\/p>\n<p><strong>Le RCEEDAO devait faire sa rentr\u00e9e le 1er Octobre 2019\u2026 Que s\u2019est-il pass\u00e9 ?<\/strong><\/p>\n<p>Le 1er octobre 2019, le RCEEDAO devait faire sa rentr\u00e9e solennelle au cours laquelle plusieurs ambulances devaient \u00eatre distribu\u00e9es ici en C\u00f4te d\u2019Ivoire. Certaines ambulances \u00e9taient frapp\u00e9es par la limite d&#8217;\u00e2ge du fait de la r\u00e9glementation en vigueur. Nous avons donc adress\u00e9, dans ce sens, un courrier au minist\u00e8re des Affaires \u00e9trang\u00e8res, pour une d\u00e9rogation sp\u00e9ciale. \u00c0 son tour, le minist\u00e8re des Affaires \u00e9trang\u00e8res a adress\u00e9 un courrier au minist\u00e8re du Budget mais, le RCEEDAO n\u2019a pas eu de suite \u00e0 ces diff\u00e9rents courriers. Les 70 ambulances ont donc \u00e9t\u00e9 r\u00e9attribu\u00e9es dans les autres pays o\u00f9 nous avons d\u00e9j\u00e0 des accords de si\u00e8ge. Nous n\u2019avons pas pu proc\u00e9der \u00e0 notre rentr\u00e9e solennelle le 1eroctobre 2019 du fait d\u2019immenses travaux qui se faisaient pour l\u2019ouverture du bureau. Cette c\u00e9r\u00e9monie se fera donc le 02 janvier 2020 et nous avons d\u2019autres ambulances, de moins de cinq ans, qui sont en route pour Abidjan.    <\/p>\n<p><strong>Quel est votre message \u00e0 l\u2019endroit des Africains ?<\/strong><\/p>\n<p>Le message que je lance aux Africains, est un message de coh\u00e9sion sociale, de paix et d&#8217;entente. J\u2019ai \u00e9t\u00e9 choqu\u00e9 quand j\u2019ai vu ce qui s\u2019est pass\u00e9  en Afrique du Sud, avec les violences contre les \u00e9trangers. J\u2019ai trouv\u00e9  cela horrible, \u00e9pouvantable, d&#8217;une m\u00e9chancet\u00e9 excessive. Je me suis rappel\u00e9 que l\u2019Afrique s\u2019\u00e9tait unie pour soutenir les Sud Africains, lorsqu\u2019ils  avaient des soucis avec les Blancs, toute l&#8217;Afrique C\u2019est vrai que comme on dit chez nous, &#8221;l&#8217;homme oublie tr\u00e8s souvent facilement&#8221;, mais eux, ils ne doivent pas oublier cela. Ils n\u2019ont pas le droit de faire cela aux Africains. <\/p>\n<p><strong><br \/>\nInterview r\u00e9alis\u00e9e par Jo\u00ebl Tour\u00e9.<\/strong><\/p>\n","protected":false},"excerpt":{"rendered":"<p>Son Excellence Monsieur Sangar\u00e9 Sidiki Boubacar est le Pr\u00e9sident Afrique, et Repr\u00e9sentant-R\u00e9sident C\u00f4te d&#8217;Ivoire, du R\u00e9seau des Chambres des Experts Europ\u00e9ens \u2013 D\u00e9partement Afrique de l\u2019Ouest en abr\u00e9g\u00e9e, RCEEDAO. Celui dont les actions humanitaires et sociales ont \u00e9t\u00e9 reconnues, le 10 janvier 2019, en C\u00f4te d\u2019Ivoire \u00e0 travers une d\u00e9coration au grade d\u2019Officier de l&#8217;Ordre [&hellip;]<\/p>\n","protected":false},"author":3,"featured_media":18349,"comment_status":"closed","ping_status":"closed","sticky":false,"template":"","format":"standard","meta":{"_monsterinsights_skip_tracking":false,"_monsterinsights_sitenote_active":false,"_monsterinsights_sitenote_note":"","_monsterinsights_sitenote_category":0,"footnotes":""},"categories":[2,1],"tags":[],"class_list":["post-18348","post","type-post","status-publish","format-standard","has-post-thumbnail","hentry","category-featured","category-actualites"],"_links":{"self":[{"href":"https:\/\/www.lintelligentdabidjan.info\/news\/wp-json\/wp\/v2\/posts\/18348","targetHints":{"allow":["GET"]}}],"collection":[{"href":"https:\/\/www.lintelligentdabidjan.info\/news\/wp-json\/wp\/v2\/posts"}],"about":[{"href":"https:\/\/www.lintelligentdabidjan.info\/news\/wp-json\/wp\/v2\/types\/post"}],"author":[{"embeddable":true,"href":"https:\/\/www.lintelligentdabidjan.info\/news\/wp-json\/wp\/v2\/users\/3"}],"replies":[{"embeddable":true,"href":"https:\/\/www.lintelligentdabidjan.info\/news\/wp-json\/wp\/v2\/comments?post=18348"}],"version-history":[{"count":1,"href":"https:\/\/www.lintelligentdabidjan.info\/news\/wp-json\/wp\/v2\/posts\/18348\/revisions"}],"predecessor-version":[{"id":18350,"href":"https:\/\/www.lintelligentdabidjan.info\/news\/wp-json\/wp\/v2\/posts\/18348\/revisions\/18350"}],"wp:featuredmedia":[{"embeddable":true,"href":"https:\/\/www.lintelligentdabidjan.info\/news\/wp-json\/wp\/v2\/media\/18349"}],"wp:attachment":[{"href":"https:\/\/www.lintelligentdabidjan.info\/news\/wp-json\/wp\/v2\/media?parent=18348"}],"wp:term":[{"taxonomy":"category","embeddable":true,"href":"https:\/\/www.lintelligentdabidjan.info\/news\/wp-json\/wp\/v2\/categories?post=18348"},{"taxonomy":"post_tag","embeddable":true,"href":"https:\/\/www.lintelligentdabidjan.info\/news\/wp-json\/wp\/v2\/tags?post=18348"}],"curies":[{"name":"wp","href":"https:\/\/api.w.org\/{rel}","templated":true}]}}