{"id":18475,"date":"2019-12-28T16:53:22","date_gmt":"2019-12-28T15:53:22","guid":{"rendered":"https:\/\/www.lintelligentdabidjan.info\/news\/?p=18475"},"modified":"2019-12-28T16:53:22","modified_gmt":"2019-12-28T15:53:22","slug":"obiang-a-abidjanouattara-nul-autorise-a-destabiliser-la-cote-divoire-la-loi-appliquee-a-tous-les-citoyens","status":"publish","type":"post","link":"https:\/\/www.lintelligentdabidjan.info\/news\/obiang-a-abidjanouattara-nul-autorise-a-destabiliser-la-cote-divoire-la-loi-appliquee-a-tous-les-citoyens\/","title":{"rendered":"Obiang \u00e0 Abidjan,Ouattara : \u00abNul autoris\u00e9 \u00e0 d\u00e9stabiliser la C\u00f4te d&#8217;Ivoire, la loi appliqu\u00e9e \u00e0 tous les citoyens\u00bb"},"content":{"rendered":"<p><em><strong>Le Pr\u00e9sident Alassane Ouattara s&#8217;est prononc\u00e9 pour la premi\u00e8re fois sur l&#8217;affaire Soro, le samedi 28 d\u00e9cembre 2019, \u00e0 la faveur de la visite de son homologue de la Guin\u00e9e-Equatoriale, Th\u00e9odore Obiang Nguema. Ci-dessus l&#8217;int\u00e9gralit\u00e9 des propos du chef de l&#8217;\u00c9tat ivoirien. <\/strong><em><\/em><\/p>\n<p>\u00ab J&#8217;aurais pu dire que le dossier est entre les mains de la justice et ne pas m&#8217;appesantir dessus, mais je peux vous dire que nul ne sera autoris\u00e9 \u00e0 d\u00e9stabiliser la C\u00f4te d&#8217;Ivoire, \u00e0 perturber la qui\u00e9tude des Ivoiriens. Le droit sera appliqu\u00e9 \u00e0 tous, candidats ou pas. <\/p>\n<p>Les candidatures ne sont pas encore ouvertes par la Commission \u00e9lectorale ind\u00e9pendante et m\u00eame si c&#8217;\u00e9tait le cas, nul n&#8217;est au-dessus de la loi, aussi bien les anciens Pr\u00e9sidents, les pr\u00e9sidents d&#8217;Institutions, le Pr\u00e9sident de la R\u00e9publique que tous les autres. <\/p>\n<p>Nous sommes des citoyens et nous sommes responsables devant les juridictions. J&#8217;ajoute que la Constitution de la C\u00f4te d&#8217;Ivoire a des \u00e9l\u00e9ments tr\u00e8s clairs concernant les d\u00e9put\u00e9s. <\/p>\n<p>Les d\u00e9put\u00e9s ne sont pas au-dessus de la loi. Ils ne peuvent pas \u00eatre poursuivis dans le cadre de l&#8217;exercice de leur fonction. Mais quand ils sont m\u00eal\u00e9s \u00e0 la d\u00e9stabilisation de ce pays, ils doivent faire face \u00e0 la rigueur de la loi. La loi sera appliqu\u00e9e int\u00e9gralement \u00e0 tous les citoyens, quel que soit le lieu o\u00f9 ils r\u00e9sident en dehors de la C\u00f4te d&#8217;Ivoire \u00bb. <\/p>\n<p><strong>Olivier Dion <\/strong><\/p>\n","protected":false},"excerpt":{"rendered":"<p>Le Pr\u00e9sident Alassane Ouattara s&#8217;est prononc\u00e9 pour la premi\u00e8re fois sur l&#8217;affaire Soro, le samedi 28 d\u00e9cembre 2019, \u00e0 la faveur de la visite de son homologue de la Guin\u00e9e-Equatoriale, Th\u00e9odore Obiang Nguema. Ci-dessus l&#8217;int\u00e9gralit\u00e9 des propos du chef de l&#8217;\u00c9tat ivoirien. \u00ab J&#8217;aurais pu dire que le dossier est entre les mains de la [&hellip;]<\/p>\n","protected":false},"author":3,"featured_media":17806,"comment_status":"closed","ping_status":"closed","sticky":false,"template":"","format":"standard","meta":{"_monsterinsights_skip_tracking":false,"_monsterinsights_sitenote_active":false,"_monsterinsights_sitenote_note":"","_monsterinsights_sitenote_category":0,"footnotes":""},"categories":[2,21,17],"tags":[77,524,194,390,283],"class_list":["post-18475","post","type-post","status-publish","format-standard","has-post-thumbnail","hentry","category-featured","category-international","category-politique","tag-cote-divoire","tag-coup-detat","tag-dominique-ouattara","tag-guillaume-kigbafori-soro","tag-teodoro-obiang-nguema-mbasogo"],"_links":{"self":[{"href":"https:\/\/www.lintelligentdabidjan.info\/news\/wp-json\/wp\/v2\/posts\/18475","targetHints":{"allow":["GET"]}}],"collection":[{"href":"https:\/\/www.lintelligentdabidjan.info\/news\/wp-json\/wp\/v2\/posts"}],"about":[{"href":"https:\/\/www.lintelligentdabidjan.info\/news\/wp-json\/wp\/v2\/types\/post"}],"author":[{"embeddable":true,"href":"https:\/\/www.lintelligentdabidjan.info\/news\/wp-json\/wp\/v2\/users\/3"}],"replies":[{"embeddable":true,"href":"https:\/\/www.lintelligentdabidjan.info\/news\/wp-json\/wp\/v2\/comments?post=18475"}],"version-history":[{"count":1,"href":"https:\/\/www.lintelligentdabidjan.info\/news\/wp-json\/wp\/v2\/posts\/18475\/revisions"}],"predecessor-version":[{"id":18476,"href":"https:\/\/www.lintelligentdabidjan.info\/news\/wp-json\/wp\/v2\/posts\/18475\/revisions\/18476"}],"wp:featuredmedia":[{"embeddable":true,"href":"https:\/\/www.lintelligentdabidjan.info\/news\/wp-json\/wp\/v2\/media\/17806"}],"wp:attachment":[{"href":"https:\/\/www.lintelligentdabidjan.info\/news\/wp-json\/wp\/v2\/media?parent=18475"}],"wp:term":[{"taxonomy":"category","embeddable":true,"href":"https:\/\/www.lintelligentdabidjan.info\/news\/wp-json\/wp\/v2\/categories?post=18475"},{"taxonomy":"post_tag","embeddable":true,"href":"https:\/\/www.lintelligentdabidjan.info\/news\/wp-json\/wp\/v2\/tags?post=18475"}],"curies":[{"name":"wp","href":"https:\/\/api.w.org\/{rel}","templated":true}]}}