{"id":18480,"date":"2019-12-28T21:17:40","date_gmt":"2019-12-28T20:17:40","guid":{"rendered":"https:\/\/www.lintelligentdabidjan.info\/news\/?p=18480"},"modified":"2019-12-28T21:17:40","modified_gmt":"2019-12-28T20:17:40","slug":"ce-que-le-president-obiang-et-moi-nous-nous-sommes-dit-ouattara","status":"publish","type":"post","link":"https:\/\/www.lintelligentdabidjan.info\/news\/ce-que-le-president-obiang-et-moi-nous-nous-sommes-dit-ouattara\/","title":{"rendered":"Ce que le Pr\u00e9sident  Obiang et moi, nous nous sommes dit (Ouattara)"},"content":{"rendered":"<p><em><strong>Le chef de l&#8217;\u00c9tat ivoirien a eu un t\u00eate-\u00e0-t\u00eate avec son homologue \u00c9quato-guin\u00e9en, le samedi 28 d\u00e9cembre 2019, \u00e0 la r\u00e9sidence pr\u00e9sidentielle sise \u00e0 la Rivi\u00e9ra, dans la commune de Cocody. <\/strong><\/em><\/p>\n<p>Arriv\u00e9s vers 13 heures \u00e0 l&#8217;a\u00e9roport F\u00e9lix Houphou\u00ebt-Boigny de Port-Bou\u00ebt, le Pr\u00e9sident de la Guin\u00e9e-\u00c9quatoriale et son \u00e9pouse ont \u00e9t\u00e9 accueillis par le Pr\u00e9sident Alassane Ouattara et son \u00e9pouse, Dominique Ouattara. <\/p>\n<p>Apr\u00e8s un passage au Sofitel H\u00f4tel Ivoire, le couple pr\u00e9sidentiel \u00e9quato-guin\u00e9en s&#8217;est rendu \u00e0 la r\u00e9sidence du couple Ouattara, o\u00f9 les deux chefs d&#8217;\u00c9tats ont eu un entretien portant sur les questions de coop\u00e9ration sud-sud. Peu avant le d\u00e9jeuner servi \u00e0 l&#8217;honneur de ses h\u00f4tes, Alassane Ouattara et Theodoro Obiang Nguema ont fait une d\u00e9claration \u00e0 la presse nationale et internationale. <\/p>\n<p>\u00ab Nous avons le grand honneur d&#8217;avoir la visite du Pr\u00e9sident Obiang Nguema, Pr\u00e9sident de la Guin\u00e9e-\u00c9quatoriale. Le Pr\u00e9sident Obiang est notre doyen, c&#8217;est un ami de longue date. Il est l&#8217;un des chefs d&#8217;\u00c9tats que j&#8217;ai consult\u00e9s avant de quitter le Fonds mon\u00e9taire international, en 1999 d\u00e9j\u00e0, pour lui dire que je venais faire de la politique. J&#8217;ai toujours eu son soutien et ses conseils. Le Pr\u00e9sident a souhait\u00e9 venir passer la journ\u00e9e avec moi pour que nous puissions \u00e9changer sur les questions d&#8217;actualit\u00e9. Je me r\u00e9jouis de cette marque d&#8217;amiti\u00e9 et le Pr\u00e9sident fait la confirmation des liens tr\u00e8s \u00e9troits que nos deux pays ont. Nous avons parl\u00e9 des questions bilat\u00e9rales, de l&#8217;\u00e9volution politique et \u00e9conomique aussi bien en Guin\u00e9e-\u00c9quatoriale qu&#8217;en C\u00f4te d&#8217;Ivoire. La stabilit\u00e9 est la chose essentielle pour nos pays, mais nous avons \u00e9galement besoin de transformer nos mati\u00e8res premi\u00e8res. <\/p>\n<p>Le Pr\u00e9sident Obiang souhaite m\u00eame participer \u00e0 la transformation de l&#8217;agriculture, et nous nous sommes mis d&#8217;accord pour trouver un accord de coop\u00e9ration. Le Pr\u00e9sident nous aidera \u00e9galement dans le secteur p\u00e9trolier. <\/p>\n<p>Nous avons \u00e9chang\u00e9 sur les questions r\u00e9gionales, continentales. Nous avons parl\u00e9 de la r\u00e9cente d\u00e9cision de l&#8217;UEMOA d&#8217;adopter l&#8217;\u00c9co comme monnaie. Il a voulu en savoir plus; nous lui avons expliqu\u00e9 le processus qui a conduit \u00e0 l&#8217;adoption de l&#8217;\u00c9co pour remplacer le Franc CFA. <\/p>\n<p>Nous avons \u00e9galement parl\u00e9 du prochain sommet de l&#8217;Union africaine au mois de f\u00e9vrier 2020 \u00e0 Addis-Abeba. Ce sera l&#8217;occasion pour nous de nous retrouver, puisque le Prix F\u00e9lix Houphou\u00ebt-Boigny, d\u00e9cern\u00e9 au Premier ministre Abiy Ahmed, lui sera remis \u00bb, a indiqu\u00e9 Alassane Ouattara. <\/p>\n<p>Olivier Dion<\/p>\n<p>A lire \u00e9galement <\/p>\n<p>Obiang \u00e0 Abidjan,Ouattara : \u00abNul autoris\u00e9 \u00e0 d\u00e9stabiliser la C\u00f4te d\u2019Ivoire, la loi appliqu\u00e9e \u00e0 tous les citoyens\u00bb<\/p>\n<blockquote class=\"wp-embedded-content\" data-secret=\"L2agfT2NvX\"><p><a href=\"https:\/\/www.lintelligentdabidjan.info\/news\/obiang-a-abidjanouattara-nul-autorise-a-destabiliser-la-cote-divoire-la-loi-appliquee-a-tous-les-citoyens\/\">Obiang \u00e0 Abidjan,Ouattara : \u00abNul autoris\u00e9 \u00e0 d\u00e9stabiliser la C\u00f4te d&#8217;Ivoire, la loi appliqu\u00e9e \u00e0 tous les citoyens\u00bb<\/a><\/p><\/blockquote>\n<p><iframe loading=\"lazy\" class=\"wp-embedded-content\" sandbox=\"allow-scripts\" security=\"restricted\" style=\"position: absolute; visibility: hidden;\" title=\"\u00ab\u00a0Obiang \u00e0 Abidjan,Ouattara : \u00abNul autoris\u00e9 \u00e0 d\u00e9stabiliser la C\u00f4te d&#8217;Ivoire, la loi appliqu\u00e9e \u00e0 tous les citoyens\u00bb\u00a0\u00bb &#8212; L&#039;Intelligent d&#039;Abidjan\" src=\"https:\/\/www.lintelligentdabidjan.info\/news\/obiang-a-abidjanouattara-nul-autorise-a-destabiliser-la-cote-divoire-la-loi-appliquee-a-tous-les-citoyens\/embed\/#?secret=LPYK7ONANI#?secret=L2agfT2NvX\" data-secret=\"L2agfT2NvX\" width=\"600\" height=\"338\" frameborder=\"0\" marginwidth=\"0\" marginheight=\"0\" scrolling=\"no\"><\/iframe><\/p>\n","protected":false},"excerpt":{"rendered":"<p>Le chef de l&#8217;\u00c9tat ivoirien a eu un t\u00eate-\u00e0-t\u00eate avec son homologue \u00c9quato-guin\u00e9en, le samedi 28 d\u00e9cembre 2019, \u00e0 la r\u00e9sidence pr\u00e9sidentielle sise \u00e0 la Rivi\u00e9ra, dans la commune de Cocody. Arriv\u00e9s vers 13 heures \u00e0 l&#8217;a\u00e9roport F\u00e9lix Houphou\u00ebt-Boigny de Port-Bou\u00ebt, le Pr\u00e9sident de la Guin\u00e9e-\u00c9quatoriale et son \u00e9pouse ont \u00e9t\u00e9 accueillis par le Pr\u00e9sident [&hellip;]<\/p>\n","protected":false},"author":3,"featured_media":18481,"comment_status":"closed","ping_status":"closed","sticky":false,"template":"","format":"standard","meta":{"_monsterinsights_skip_tracking":false,"_monsterinsights_sitenote_active":false,"_monsterinsights_sitenote_note":"","_monsterinsights_sitenote_category":0,"footnotes":""},"categories":[2,1,21,17],"tags":[200,39,77,351,283],"class_list":["post-18480","post","type-post","status-publish","format-standard","has-post-thumbnail","hentry","category-featured","category-actualites","category-international","category-politique","tag-abidjan","tag-alassane-ouattara","tag-cote-divoire","tag-guinee-equatoriale","tag-teodoro-obiang-nguema-mbasogo"],"_links":{"self":[{"href":"https:\/\/www.lintelligentdabidjan.info\/news\/wp-json\/wp\/v2\/posts\/18480","targetHints":{"allow":["GET"]}}],"collection":[{"href":"https:\/\/www.lintelligentdabidjan.info\/news\/wp-json\/wp\/v2\/posts"}],"about":[{"href":"https:\/\/www.lintelligentdabidjan.info\/news\/wp-json\/wp\/v2\/types\/post"}],"author":[{"embeddable":true,"href":"https:\/\/www.lintelligentdabidjan.info\/news\/wp-json\/wp\/v2\/users\/3"}],"replies":[{"embeddable":true,"href":"https:\/\/www.lintelligentdabidjan.info\/news\/wp-json\/wp\/v2\/comments?post=18480"}],"version-history":[{"count":1,"href":"https:\/\/www.lintelligentdabidjan.info\/news\/wp-json\/wp\/v2\/posts\/18480\/revisions"}],"predecessor-version":[{"id":18482,"href":"https:\/\/www.lintelligentdabidjan.info\/news\/wp-json\/wp\/v2\/posts\/18480\/revisions\/18482"}],"wp:featuredmedia":[{"embeddable":true,"href":"https:\/\/www.lintelligentdabidjan.info\/news\/wp-json\/wp\/v2\/media\/18481"}],"wp:attachment":[{"href":"https:\/\/www.lintelligentdabidjan.info\/news\/wp-json\/wp\/v2\/media?parent=18480"}],"wp:term":[{"taxonomy":"category","embeddable":true,"href":"https:\/\/www.lintelligentdabidjan.info\/news\/wp-json\/wp\/v2\/categories?post=18480"},{"taxonomy":"post_tag","embeddable":true,"href":"https:\/\/www.lintelligentdabidjan.info\/news\/wp-json\/wp\/v2\/tags?post=18480"}],"curies":[{"name":"wp","href":"https:\/\/api.w.org\/{rel}","templated":true}]}}