{"id":1853,"date":"2016-12-07T16:48:59","date_gmt":"2016-12-07T15:48:59","guid":{"rendered":"http:\/\/www.lintelligentdabidjan.info\/news\/?p=1853"},"modified":"2016-12-07T16:48:59","modified_gmt":"2016-12-07T15:48:59","slug":"elevage-de-lapins-le-district-dabidjan-apporte-son-soutien-aux-producteurs-danyama-2","status":"publish","type":"post","link":"https:\/\/www.lintelligentdabidjan.info\/news\/elevage-de-lapins-le-district-dabidjan-apporte-son-soutien-aux-producteurs-danyama-2\/","title":{"rendered":"Elevage de lapins Le District d\u2019Abidjan apporte  son soutien aux producteurs  d\u2019Anyama"},"content":{"rendered":"<p>La soci\u00e9t\u00e9 coop\u00e9rative d\u00e9nomm\u00e9e Coop\u00e9rative simplifi\u00e9e des producteurs de lapins d\u2019Anyama (SCOOPS-PROLA) a fait sa sortie officielle, samedi 3 d\u00e9cembre, \u00e0 la salle Delafosse de l\u2019H\u00f4tel du District autonome d\u2019Abidjan-Plateau, en pr\u00e9sence de M. Coffi Beno\u00eet, secr\u00e9taire g\u00e9n\u00e9ral du Conseil du District d\u2019Abidjan, qui repr\u00e9sentait le parrain de cette c\u00e9r\u00e9monie, le ministre-gouverneur Robert Beugr\u00e9 Mamb\u00e9.<br \/>\nM. Mamadou Soro, pr\u00e9sident de la SCOOPS-PROLA de la commune d\u2019Anyama, a d\u00e9clin\u00e9 les objectifs de sa structure. Il s\u2019agit, entre autres, de l\u2019organisation des producteurs de lapins en soci\u00e9t\u00e9 coop\u00e9rative, l\u2019am\u00e9lioration des conditions de production de la viande de lapin et de lui assurer une bonne commercialisation, l&#8217;am\u00e9lioration du cadre de vie des coop\u00e9rateurs, la revalorisation et la promotion de la production de lapins en C\u00f4te d\u2019Ivoire, etc.<br \/>\nIl a saisi cette opportunit\u00e9 pour pr\u00e9senter des dol\u00e9ances au parrain. Il s\u2019agit d\u2019un v\u00e9hicule frigorifique pour la conservation de la viande produite, et un autre v\u00e9hicule de liaison et du mat\u00e9riel de bureau.<br \/>\nM. Soro a remerci\u00e9 les autorit\u00e9s Ivoiriennes et le Gouverneur Mamb\u00e9 pour toutes les actions entreprises pour soutenir le secteur de la production animale. Quant \u00e0 M. Coffi Benoit, secr\u00e9taire g\u00e9n\u00e9ral du conseil du District autonome d\u2019Abidjan, qui repr\u00e9sentait le ministre-gouverneur Beugr\u00e9 Mamb\u00e9, il s\u2019est dit \u00e9mu de voir de jeunes Ivoiriens qui d\u00e9cident de se prendre en charge, en cr\u00e9ant des activit\u00e9s lucratives, l\u00e0 o\u00f9 plusieurs autres veulent \u00eatre ins\u00e9r\u00e9s dans la Fonction publique.<br \/>\nC\u2019est pourquoi, il a promis, au nom du gouverneur du District d\u2019Abidjan, que leurs dol\u00e9ances feront l\u2019objet d\u2019une attention particuli\u00e8re car ils partagent la vision de Beugr\u00e9 Mamb\u00e9 qui veut que les jeunes prennent en main leur destin en s\u2019auto-employant. \u00ab Il le fera \u00bb, s\u2019est-il voulu rassurant. Il a \u00e9galement encourag\u00e9 les membres de cette coop\u00e9rative \u00e0 redoubler d\u2019efforts, car ce secteur d\u2019activit\u00e9 tr\u00e8s prometteur. \u00ab L\u2019\u00e9levage de lapins est prometteur pour notre pays.\u00bb, a-t-il affirm\u00e9.<br \/>\nPour sa part, M. Kouassi Joseph, directeur des organisations professionnelles et d\u2019appui au financier au minist\u00e8re de la Production Animale et des Ressources Halieutiques, a co-anim\u00e9 une conf\u00e9rence avec M. Tour\u00e9 Boubakari venu de l&#8217;Anader sur le th\u00e8me : &#8220;Int\u00e9r\u00eat socio\u00e9conomique de la cuniculture.&#8221;<br \/>\nNotons que c\u2019est le 02 f\u00e9vrier 2015 que la Coop\u00e9rative simplifi\u00e9e des producteurs de lapins d\u2019Anyama (SCOOPS-PROLA) a vu le jour \u00e0 Anyama.<br \/>\nErnest Famin, avec Dircom<br \/>\nDistrict Autonome d\u2019Abidjan<\/p>\n","protected":false},"excerpt":{"rendered":"<p>La soci\u00e9t\u00e9 coop\u00e9rative d\u00e9nomm\u00e9e Coop\u00e9rative simplifi\u00e9e des producteurs de lapins d\u2019Anyama (SCOOPS-PROLA) a fait sa sortie officielle, samedi 3 d\u00e9cembre, \u00e0 la salle Delafosse de l\u2019H\u00f4tel du District autonome d\u2019Abidjan-Plateau, en pr\u00e9sence de M. Coffi Beno\u00eet, secr\u00e9taire g\u00e9n\u00e9ral du Conseil du District d\u2019Abidjan, qui repr\u00e9sentait le parrain de cette c\u00e9r\u00e9monie, le ministre-gouverneur Robert Beugr\u00e9 Mamb\u00e9. [&hellip;]<\/p>\n","protected":false},"author":1,"featured_media":0,"comment_status":"closed","ping_status":"closed","sticky":false,"template":"","format":"standard","meta":{"_monsterinsights_skip_tracking":false,"_monsterinsights_sitenote_active":false,"_monsterinsights_sitenote_note":"","_monsterinsights_sitenote_category":0,"footnotes":""},"categories":[24],"tags":[],"class_list":["post-1853","post","type-post","status-publish","format-standard","hentry","category-non-illustres"],"_links":{"self":[{"href":"https:\/\/www.lintelligentdabidjan.info\/news\/wp-json\/wp\/v2\/posts\/1853","targetHints":{"allow":["GET"]}}],"collection":[{"href":"https:\/\/www.lintelligentdabidjan.info\/news\/wp-json\/wp\/v2\/posts"}],"about":[{"href":"https:\/\/www.lintelligentdabidjan.info\/news\/wp-json\/wp\/v2\/types\/post"}],"author":[{"embeddable":true,"href":"https:\/\/www.lintelligentdabidjan.info\/news\/wp-json\/wp\/v2\/users\/1"}],"replies":[{"embeddable":true,"href":"https:\/\/www.lintelligentdabidjan.info\/news\/wp-json\/wp\/v2\/comments?post=1853"}],"version-history":[{"count":1,"href":"https:\/\/www.lintelligentdabidjan.info\/news\/wp-json\/wp\/v2\/posts\/1853\/revisions"}],"predecessor-version":[{"id":1854,"href":"https:\/\/www.lintelligentdabidjan.info\/news\/wp-json\/wp\/v2\/posts\/1853\/revisions\/1854"}],"wp:attachment":[{"href":"https:\/\/www.lintelligentdabidjan.info\/news\/wp-json\/wp\/v2\/media?parent=1853"}],"wp:term":[{"taxonomy":"category","embeddable":true,"href":"https:\/\/www.lintelligentdabidjan.info\/news\/wp-json\/wp\/v2\/categories?post=1853"},{"taxonomy":"post_tag","embeddable":true,"href":"https:\/\/www.lintelligentdabidjan.info\/news\/wp-json\/wp\/v2\/tags?post=1853"}],"curies":[{"name":"wp","href":"https:\/\/api.w.org\/{rel}","templated":true}]}}