{"id":1859,"date":"2016-12-07T16:51:47","date_gmt":"2016-12-07T15:51:47","guid":{"rendered":"http:\/\/www.lintelligentdabidjan.info\/news\/?p=1859"},"modified":"2016-12-07T16:51:47","modified_gmt":"2016-12-07T15:51:47","slug":"bouake-la-mairie-et-les-commercants-sur-la-meme-longueur-donde-2","status":"publish","type":"post","link":"https:\/\/www.lintelligentdabidjan.info\/news\/bouake-la-mairie-et-les-commercants-sur-la-meme-longueur-donde-2\/","title":{"rendered":"Bouak\u00e9 La mairie et les commer\u00e7ants sur la m\u00eame longueur d\u2019onde"},"content":{"rendered":"<p>La coordination r\u00e9gionale de la F\u00e9d\u00e9ration nationale des acteurs de commerce en C\u00f4te d\u2019Ivoire (Fenacci) a tenu, dimanche, 4 d\u00e9cembre 2016, une s\u00e9ance de travail avec le maire, Nicolas Youssouf Djibo et tous les commer\u00e7ants. Objectif, cr\u00e9er un cadre de concertation permanent entre les commer\u00e7ants et les autorit\u00e9s administratives et  municipales de Bouak\u00e9.<br \/>\n\u00ab A Bouak\u00e9, depuis plusieurs ann\u00e9es les relations entre les commer\u00e7ants et les autorit\u00e9s municipales sont tendues. Les commer\u00e7ants n\u2019avaient plus de rep\u00e8res et ils ne savaient pas \u00e0 qui s\u2019adresser pour d\u00e9fendre leurs causes. Notre mission, est d\u2019accompagner les commer\u00e7ants afin qu\u2019ils puissent se conformer aux textes en vigueur \u00bb, a dit Souma\u00efla Doumbia, coordinateur r\u00e9gional de la Fenacci. Ajoutant par ailleurs que d\u00e9sormais \u00e0 Bouak\u00e9, \u00e0 travers une plate-forme d\u2019\u00e9changes, la prise en compte des besoins des commer\u00e7ants sera mieux discut\u00e9e. Entre autres, la construction du march\u00e9 de Bouak\u00e9, leur  formation et les relations avec les collecteurs de taxes municipaux&#8230;<br \/>\nAu terme de cette rencontre, les commer\u00e7ants ont \u00e9t\u00e9 suffisamment \u00e9clair\u00e9s sur les actions de d\u00e9veloppement par la mairie de Bouak\u00e9 et ses relations avec ceux-ci.<br \/>\nLe nouveau coordinateur de la Fenacci a remerci\u00e9 ses pairs pour la confiance plac\u00e9e en lui. Il a promis d\u2019\u0153uvrer en synergie pour impulser un nouvel \u00e9lan d\u2019\u00e9panouissement des commer\u00e7ants de Bouak\u00e9.<br \/>\nPour sa part, le maire de la ville, Nicolas Youssouf Djibo a d\u00e9clar\u00e9, que \u00abl\u2019initiative est opportune \u00bb. Car, une commune comme Bouak\u00e9 a besoin d\u2019un outil de coordination des actions, telle que la Fenacci.<br \/>\nIl a ainsi r\u00e9it\u00e9r\u00e9 son engagement \u00e0 travailler en \u00e9troite collaboration avec tous les syndicats et mouvements de commer\u00e7ants pour que Bouak\u00e9 avance dans la voie du progr\u00e8s amorc\u00e9 : \u00ab L\u2019on doit retenir qu\u2019\u00e0 partir de maintenant, les relations entre les commer\u00e7ants et la mairie de Bouak\u00e9, gagnent une nouvelle dimension. Nous ne voulons plus de relation tendue comme par le pass\u00e9. Car nous allons travailler ensemble. On doit pouvoir discuter pour trouver une solution \u00e0 toutes vos pr\u00e9occupations. Que cette relation soit une relation gagnant-gagnant pour les deux parties\u00bb.<br \/>\nLe maire a r\u00e9affirm\u00e9 le maintien du mois de mars 2017 pour le lancement des travaux de construction du march\u00e9 de Bouak\u00e9. Il a annonc\u00e9 le d\u00e9guerpissement des commer\u00e7ants autour du terrain de jeux de Yaound\u00e9, sis au quartier Sokoura pour, dit-il, la construction d\u2019un stade.<br \/>\nAboubacar Al Syddick \u00e0 Bouak\u00e9<\/p>\n","protected":false},"excerpt":{"rendered":"<p>La coordination r\u00e9gionale de la F\u00e9d\u00e9ration nationale des acteurs de commerce en C\u00f4te d\u2019Ivoire (Fenacci) a tenu, dimanche, 4 d\u00e9cembre 2016, une s\u00e9ance de travail avec le maire, Nicolas Youssouf Djibo et tous les commer\u00e7ants. Objectif, cr\u00e9er un cadre de concertation permanent entre les commer\u00e7ants et les autorit\u00e9s administratives et municipales de Bouak\u00e9. \u00ab A [&hellip;]<\/p>\n","protected":false},"author":1,"featured_media":0,"comment_status":"closed","ping_status":"closed","sticky":false,"template":"","format":"standard","meta":{"_monsterinsights_skip_tracking":false,"_monsterinsights_sitenote_active":false,"_monsterinsights_sitenote_note":"","_monsterinsights_sitenote_category":0,"footnotes":""},"categories":[24],"tags":[],"class_list":["post-1859","post","type-post","status-publish","format-standard","hentry","category-non-illustres"],"_links":{"self":[{"href":"https:\/\/www.lintelligentdabidjan.info\/news\/wp-json\/wp\/v2\/posts\/1859","targetHints":{"allow":["GET"]}}],"collection":[{"href":"https:\/\/www.lintelligentdabidjan.info\/news\/wp-json\/wp\/v2\/posts"}],"about":[{"href":"https:\/\/www.lintelligentdabidjan.info\/news\/wp-json\/wp\/v2\/types\/post"}],"author":[{"embeddable":true,"href":"https:\/\/www.lintelligentdabidjan.info\/news\/wp-json\/wp\/v2\/users\/1"}],"replies":[{"embeddable":true,"href":"https:\/\/www.lintelligentdabidjan.info\/news\/wp-json\/wp\/v2\/comments?post=1859"}],"version-history":[{"count":1,"href":"https:\/\/www.lintelligentdabidjan.info\/news\/wp-json\/wp\/v2\/posts\/1859\/revisions"}],"predecessor-version":[{"id":1860,"href":"https:\/\/www.lintelligentdabidjan.info\/news\/wp-json\/wp\/v2\/posts\/1859\/revisions\/1860"}],"wp:attachment":[{"href":"https:\/\/www.lintelligentdabidjan.info\/news\/wp-json\/wp\/v2\/media?parent=1859"}],"wp:term":[{"taxonomy":"category","embeddable":true,"href":"https:\/\/www.lintelligentdabidjan.info\/news\/wp-json\/wp\/v2\/categories?post=1859"},{"taxonomy":"post_tag","embeddable":true,"href":"https:\/\/www.lintelligentdabidjan.info\/news\/wp-json\/wp\/v2\/tags?post=1859"}],"curies":[{"name":"wp","href":"https:\/\/api.w.org\/{rel}","templated":true}]}}