{"id":18614,"date":"2020-01-10T00:31:07","date_gmt":"2020-01-09T23:31:07","guid":{"rendered":"https:\/\/www.lintelligentdabidjan.info\/news\/?p=18614"},"modified":"2020-01-10T00:31:43","modified_gmt":"2020-01-09T23:31:43","slug":"enseignement-professionneldes-lycees-dexcellence-et-des-ecoles-de-formation-professionnelle-de-34-milliards-bientot-construits","status":"publish","type":"post","link":"https:\/\/www.lintelligentdabidjan.info\/news\/enseignement-professionneldes-lycees-dexcellence-et-des-ecoles-de-formation-professionnelle-de-34-milliards-bientot-construits\/","title":{"rendered":"Enseignement professionnel:Des lyc\u00e9es d\u2019excellence et des \u00e9coles de formation professionnelle  de 34 milliards bient\u00f4t construits"},"content":{"rendered":"<p><em><strong>Kandia Camara, ministre de l\u2019\u00c9ducation nationale, de l\u2019Enseignement technique et de la Formation professionnelle et une entreprise d\u2019\u00c9tat chinois ont sign\u00e9 le mercredi 8 janvier 2020 au cabinet de la ministre \u00e0 la cit\u00e9 administrative au plateau un protocole d\u2019accord. <\/strong><\/em><\/p>\n<p>Il porte sur le projet de construction de 4 lyc\u00e9es d\u2019excellence et 2 lyc\u00e9es professionnels .<br \/>\nIl s\u2019agit de la construction de 4 \u00e9tablissements d\u2019excellence dans les villes de Bondoukou, San-Pedro, Abengourou et Bouafl\u00e9 et 2 lyc\u00e9es professionnels dans les communes de Sinfra et Didievi. Le co\u00fbt estimatif de ces projets est estim\u00e9 \u00e0 34 milliards FCFA. La r\u00e9alisation est confi\u00e9e \u00e0 l\u2019entreprise d\u2019\u00c9tat chinois China Jiangsu International Economic and Technical Coop\u00e9ration Group LTD.<\/p>\n<p>Kandia Camara a dit qu\u2019elle place beaucoup de confiance dans cette soci\u00e9t\u00e9 pour la r\u00e9alisation de ce projet.<br \/>\n\u00ab Je ne doute pas de la capacit\u00e9 de la soci\u00e9t\u00e9 \u00e0 mener \u00e0 bien dans les termes d\u00e9finis par le pr\u00e9sent protocole, la mission qui va lui \u00eatre confi\u00e9e de r\u00e9aliser l\u2019\u00e9tude de faisabilit\u00e9, de rechercher le financement et de d\u00e9boucher sur la construction effective des quatre lyc\u00e9es d\u2019excellence et des deux lyc\u00e9es professionnels \u00e0 Sinfra et Didi\u00e9vi, sous le contr\u00f4le du Bureau d\u2019\u00e9tudes techniques et de d\u00e9veloppement (BNETD), et dans le respect des normes ivoiriennes.<br \/>\nJe place beaucoup d\u2019espoir en l\u2019avenir prometteur des relations entre la R\u00e9publique populaire de Chine et la R\u00e9publique de c\u00f4te d\u2019ivoire et particuli\u00e8rement en la r\u00e9alisation de ce projet d\u2019un co\u00fbt estimatif de 34 milliards \u00bb.<br \/>\nElle a pr\u00e9cis\u00e9 \u00ab que les conditions de financement du projet seront soumises \u00e0 la validation du minist\u00e8re de l\u2019\u00e9conomie et des finances de la R\u00e9publique de C\u00f4te d\u2019Ivoire \u00e0 qui ce protocole d\u2019accord sera remis \u00bb. <\/p>\n<p>Pour sa part, Mme Ye Ning, repr\u00e9sentant le groupe chinois a traduit ses remerciements au gouvernement ivoirien pour cette confiance et donner l\u2019assurance de mobiliser les financements n\u00e9cessaires pour atteindre les objectifs.<br \/>\n\u00ab La soci\u00e9t\u00e9 maintient fermement la strat\u00e9gie de la coop\u00e9ration internationale, \u00e9conomique et technique. On s\u2019efforce d\u2019agrandir les projets \u00e0 l\u2019\u00e9tranger et surtout en Afrique.  Nous sommes tr\u00e8s honor\u00e9s de pouvoir cette fois-ci coop\u00e9rer avec le minist\u00e8re de l\u2019\u00c9ducation nationale. Le gouvernement ivoirien et le gouvernement chinois attachent de la m\u00eame importance \u00e0 l\u2019\u00e9ducation. Avec le soutien ferme des deux gouvernements, je suis convaincue que ce projet pourra avancer et mis en \u0153uvre. Gr\u00e2ce \u00e0 nos exp\u00e9riences en outre-mer, notre soci\u00e9t\u00e9 est en mesure d\u2019obtenir de bonnes conditions de financement pour ce projet \u00bb.<br \/>\nBrice Kouassi, secr\u00e9taire d\u2019\u00c9tat aupr\u00e8s du ministre de l\u2019\u00c9ducation nationale, de l\u2019Enseignement technique et de la formation professionnelle, charg\u00e9 de l\u2019Enseignement technique et de la Formation professionnelle a particip\u00e9 \u00e0 la c\u00e9r\u00e9monie de signature.<\/p>\n<p><strong>Ernest F<\/strong><\/p>\n","protected":false},"excerpt":{"rendered":"<p>Kandia Camara, ministre de l\u2019\u00c9ducation nationale, de l\u2019Enseignement technique et de la Formation professionnelle et une entreprise d\u2019\u00c9tat chinois ont sign\u00e9 le mercredi 8 janvier 2020 au cabinet de la ministre \u00e0 la cit\u00e9 administrative au plateau un protocole d\u2019accord. Il porte sur le projet de construction de 4 lyc\u00e9es d\u2019excellence et 2 lyc\u00e9es professionnels [&hellip;]<\/p>\n","protected":false},"author":3,"featured_media":18615,"comment_status":"closed","ping_status":"closed","sticky":false,"template":"","format":"standard","meta":{"_monsterinsights_skip_tracking":false,"_monsterinsights_sitenote_active":false,"_monsterinsights_sitenote_note":"","_monsterinsights_sitenote_category":0,"footnotes":""},"categories":[2,18],"tags":[],"class_list":["post-18614","post","type-post","status-publish","format-standard","has-post-thumbnail","hentry","category-featured","category-economie"],"_links":{"self":[{"href":"https:\/\/www.lintelligentdabidjan.info\/news\/wp-json\/wp\/v2\/posts\/18614","targetHints":{"allow":["GET"]}}],"collection":[{"href":"https:\/\/www.lintelligentdabidjan.info\/news\/wp-json\/wp\/v2\/posts"}],"about":[{"href":"https:\/\/www.lintelligentdabidjan.info\/news\/wp-json\/wp\/v2\/types\/post"}],"author":[{"embeddable":true,"href":"https:\/\/www.lintelligentdabidjan.info\/news\/wp-json\/wp\/v2\/users\/3"}],"replies":[{"embeddable":true,"href":"https:\/\/www.lintelligentdabidjan.info\/news\/wp-json\/wp\/v2\/comments?post=18614"}],"version-history":[{"count":1,"href":"https:\/\/www.lintelligentdabidjan.info\/news\/wp-json\/wp\/v2\/posts\/18614\/revisions"}],"predecessor-version":[{"id":18616,"href":"https:\/\/www.lintelligentdabidjan.info\/news\/wp-json\/wp\/v2\/posts\/18614\/revisions\/18616"}],"wp:featuredmedia":[{"embeddable":true,"href":"https:\/\/www.lintelligentdabidjan.info\/news\/wp-json\/wp\/v2\/media\/18615"}],"wp:attachment":[{"href":"https:\/\/www.lintelligentdabidjan.info\/news\/wp-json\/wp\/v2\/media?parent=18614"}],"wp:term":[{"taxonomy":"category","embeddable":true,"href":"https:\/\/www.lintelligentdabidjan.info\/news\/wp-json\/wp\/v2\/categories?post=18614"},{"taxonomy":"post_tag","embeddable":true,"href":"https:\/\/www.lintelligentdabidjan.info\/news\/wp-json\/wp\/v2\/tags?post=18614"}],"curies":[{"name":"wp","href":"https:\/\/api.w.org\/{rel}","templated":true}]}}