{"id":18834,"date":"2020-01-28T23:58:15","date_gmt":"2020-01-28T22:58:15","guid":{"rendered":"https:\/\/www.lintelligentdabidjan.info\/news\/?p=18834"},"modified":"2020-01-28T23:58:39","modified_gmt":"2020-01-28T22:58:39","slug":"programme-de-travail-gouvernemental-la-paix-et-la-securite-defis-majeurs-en-2020-selon-amadou-gon-coulibaly","status":"publish","type":"post","link":"https:\/\/www.lintelligentdabidjan.info\/news\/programme-de-travail-gouvernemental-la-paix-et-la-securite-defis-majeurs-en-2020-selon-amadou-gon-coulibaly\/","title":{"rendered":"Programme de travail gouvernemental :La paix et la s\u00e9curit\u00e9, d\u00e9fis majeurs en 2020, selon Amadou Gon Coulibaly"},"content":{"rendered":"<p><em><strong>Le premier s\u00e9minaire gouvernemental de l&#8217;ann\u00e9e 2020 s&#8217;est tenu le lundi 27 janvier 2020 dans la salle des pas perdus du palais pr\u00e9sidentiel, \u00e0 Abidjan-Plateau. <\/strong><\/em><\/p>\n<p>Dans son adresse de cadrage, lors de l&#8217;ouverture de ce s\u00e9minaire gouvernemental, le Premier ministre Amadou Gon Coulibaly a rappel\u00e9 les d\u00e9fis \u00e0 relever en 2020, une ann\u00e9e \u00e9lectorale en C\u00f4te d&#8217;Ivoire : &#8220;Pour l&#8217;ann\u00e9e 2020, le premier d\u00e9fi est d&#8217;assurer la paix et la s\u00e9curit\u00e9 en vue d&#8217;\u00e9lections apais\u00e9es. Il s&#8217;agit \u00e9galement s&#8217;assurer la s\u00e9curit\u00e9 \u00e0 nos fronti\u00e8res dans un contexte sous-r\u00e9gional marqu\u00e9 par des attaques terroristes&#8221;. <\/p>\n<p><strong>Alassane Ouattara \u00e0 propos de la mise en place de la CEI:\u00ab  Je  regrette que certains partis politiques repr\u00e9sent\u00e9s au Parlement n&#8217;aient pas pris le temps d&#8217;adh\u00e9rer \u00e0 ce processus jusqu&#8217;\u00e0 terme \u00bb<\/strong><\/p>\n<p>Au terme des travaux du gouvernement, le Pr\u00e9sident Alassane Ouattara a exprim\u00e9 sa gratitude aux membres du gouvernement, mais surtout au Premier ministre Amadou Gon Coulibaly pour les performances macro\u00e9conomiques et financi\u00e8res r\u00e9alis\u00e9es par la C\u00f4te d&#8217;Ivoire : &#8220;J&#8217;\u00e9tais fier, \u00e0 Chaton House, au Royaume Uni de vanter votre performance macro\u00e9conomique et financi\u00e8re : taux de croissance annuel moyen de 8%, taux d&#8217;inflation d&#8217;\u00e0 peu pr\u00e8s 2%, d\u00e9ficit budg\u00e9taire d&#8217;environ 3%. J&#8217;ai rarement vu des pays avec des performances aussi fortes. La gestion macro\u00e9conomique a \u00e9t\u00e9 exemplaire et \u00e7a, c&#8217;est l&#8217;ancien directeur g\u00e9n\u00e9ral du Fonds mon\u00e9taire international qui le dit (&#8230;) Vous n&#8217;avez pas c\u00e9d\u00e9 au d\u00e9couragement, vous avez maintenu et vos efforts sont exemplaires. Je tiens \u00e0 le dire et \u00e0 vous f\u00e9liciter publiquement, Monsieur le Premier ministre et aussi Monsieur le Vice-pr\u00e9sident qui a \u00e9t\u00e9 aussi Premier ministre (&#8230;) Sans politique macro-\u00e9conomique et financi\u00e8re saine il n&#8217;y a pas d&#8217;investissement et l&#8217;un des crit\u00e8res d&#8217;investissement, c&#8217;est la dette sur le PIB. Sur le continent, la C\u00f4te d&#8217;Ivoire est en dessous de 50%, pr\u00e9cis\u00e9ment \u00e0 48%. Voici encore un autre exploit qui montre que la C\u00f4te d&#8217;Ivoire a une performance exceptionnelle. Jamais cela n&#8217;a \u00e9t\u00e9 fait ailleurs (&#8230;) J&#8217;ai donn\u00e9 des instructions au Premier ministre de prendre le temps de discuter avec les partis politiques pour la mise en place de la Commission \u00e9lectorale ind\u00e9pendante. Cela a \u00e9t\u00e9 fait et la CEI a \u00e9t\u00e9 mise en place conform\u00e9ment aux recommandations de la Cour africaine des droits de l&#8217;homme et des peuples (&#8230;) Mais je regrette que certains partis politiques repr\u00e9sent\u00e9s au Parlement n&#8217;aient pas pris le temps d&#8217;adh\u00e9rer \u00e0 ce processus jusqu&#8217;\u00e0 terme. La CEI est faite pour six (6) ans, je pense que dans 6 ans, ils vont revoir leur copie et revenir \u00e0 la Commission \u00e9lectorale ind\u00e9pendante (&#8230;) Le Plan d&#8217;actions prioritaires doit permettre d&#8217;atteindre les r\u00e9sultats du PND 2016-2020 qui est dans sa derni\u00e8re ann\u00e9e d&#8217;ex\u00e9cution et qui a permis des investissements de 70 milliards de dollars. J&#8217;invite les uns et les autres \u00e0 redoubler d&#8217;efforts pour plus de solidarit\u00e9 : &#8220;Nous sommes dans une ann\u00e9e \u00e9lectorale, il ne faut pas que les ambitions des uns et des autres puissent vous \u00e9carter de votre mission (&#8230;) L&#8217;\u00e9mergence de l&#8217;Ivoirien nouveau est un axe qui me tient \u00e0 c\u0153ur. Je souhaite que les uns et les autres s&#8217;engagent dans le don de soi et non para\u00eetre, car le succ\u00e8s de l&#8217;action gouvernementale reposera sur la solidarit\u00e9 &#8220;.<\/p>\n<p><strong>Olivier Dion<\/strong><\/p>\n","protected":false},"excerpt":{"rendered":"<p>Le premier s\u00e9minaire gouvernemental de l&#8217;ann\u00e9e 2020 s&#8217;est tenu le lundi 27 janvier 2020 dans la salle des pas perdus du palais pr\u00e9sidentiel, \u00e0 Abidjan-Plateau. Dans son adresse de cadrage, lors de l&#8217;ouverture de ce s\u00e9minaire gouvernemental, le Premier ministre Amadou Gon Coulibaly a rappel\u00e9 les d\u00e9fis \u00e0 relever en 2020, une ann\u00e9e \u00e9lectorale en [&hellip;]<\/p>\n","protected":false},"author":3,"featured_media":18835,"comment_status":"closed","ping_status":"closed","sticky":false,"template":"","format":"standard","meta":{"footnotes":""},"categories":[2,17],"tags":[],"class_list":["post-18834","post","type-post","status-publish","format-standard","has-post-thumbnail","hentry","category-featured","category-politique"],"_links":{"self":[{"href":"https:\/\/www.lintelligentdabidjan.info\/news\/wp-json\/wp\/v2\/posts\/18834","targetHints":{"allow":["GET"]}}],"collection":[{"href":"https:\/\/www.lintelligentdabidjan.info\/news\/wp-json\/wp\/v2\/posts"}],"about":[{"href":"https:\/\/www.lintelligentdabidjan.info\/news\/wp-json\/wp\/v2\/types\/post"}],"author":[{"embeddable":true,"href":"https:\/\/www.lintelligentdabidjan.info\/news\/wp-json\/wp\/v2\/users\/3"}],"replies":[{"embeddable":true,"href":"https:\/\/www.lintelligentdabidjan.info\/news\/wp-json\/wp\/v2\/comments?post=18834"}],"version-history":[{"count":1,"href":"https:\/\/www.lintelligentdabidjan.info\/news\/wp-json\/wp\/v2\/posts\/18834\/revisions"}],"predecessor-version":[{"id":18836,"href":"https:\/\/www.lintelligentdabidjan.info\/news\/wp-json\/wp\/v2\/posts\/18834\/revisions\/18836"}],"wp:featuredmedia":[{"embeddable":true,"href":"https:\/\/www.lintelligentdabidjan.info\/news\/wp-json\/wp\/v2\/media\/18835"}],"wp:attachment":[{"href":"https:\/\/www.lintelligentdabidjan.info\/news\/wp-json\/wp\/v2\/media?parent=18834"}],"wp:term":[{"taxonomy":"category","embeddable":true,"href":"https:\/\/www.lintelligentdabidjan.info\/news\/wp-json\/wp\/v2\/categories?post=18834"},{"taxonomy":"post_tag","embeddable":true,"href":"https:\/\/www.lintelligentdabidjan.info\/news\/wp-json\/wp\/v2\/tags?post=18834"}],"curies":[{"name":"wp","href":"https:\/\/api.w.org\/{rel}","templated":true}]}}