{"id":18837,"date":"2020-01-29T00:04:26","date_gmt":"2020-01-28T23:04:26","guid":{"rendered":"https:\/\/www.lintelligentdabidjan.info\/news\/?p=18837"},"modified":"2020-01-29T00:05:12","modified_gmt":"2020-01-28T23:05:12","slug":"budget-primitif-de-lexercice-2020-a-abobo-le-maire-hamed-bakayoko-on-sent-que-nous-sommes-vraiment-en-mouvement-pour-changer-abobo","status":"publish","type":"post","link":"https:\/\/www.lintelligentdabidjan.info\/news\/budget-primitif-de-lexercice-2020-a-abobo-le-maire-hamed-bakayoko-on-sent-que-nous-sommes-vraiment-en-mouvement-pour-changer-abobo\/","title":{"rendered":"Budget primitif de l\u2019exercice 2020, \u00e0 Abobo : Le maire Hamed Bakayoko : \u00ab On sent que nous sommes vraiment en mouvement pour changer Abobo \u00bb"},"content":{"rendered":"<p><em><strong>La premi\u00e8re session ordinaire de l\u2019ann\u00e9e 2020  du conseil municipal  d\u2019Abobo a eu lieu le jeudi 22 janvier 2020   dans la salle de mariage de la Mairie de la commune .<\/strong><\/em><\/p>\n<p>Au cours de cette rencontre, le budget primitif de l\u2019exercice 2020 a \u00e9t\u00e9 adopt\u00e9 . Il s\u2019\u00e9quilibre en recettes et en d\u00e9penses \u00e0 la somme de 4.382 250 000 FCFA, dont 3 999 444 000 FCFA en fonctionnement et en investissement 982 813 000 FCFA. Ce budget connait une augmentation de 6,2% par rapport \u00e0 celui de 2019 .  Les Conseillers municipaux l\u2019ont adopt\u00e9 \u00e0 l\u2019unanimit\u00e9 \u00e0 mains lev\u00e9es devant un public nombreux. Heureux de ce vote, le Maire Hamed Bakayoko a f\u00e9licit\u00e9 le conseil et remerci\u00e9  les personnes pr\u00e9sentes.<\/p>\n<p>Il a ensuite dit : \u00ab On sent que nous sommes vraiment en mouvement pour changer Abobo. Nous allons nous engager \u00e0 le faire (\u2026). Nous allons travailler pour la mise en \u0153uvre de notre programme \u00bb. Il  a annonc\u00e9 que le mois de mars prochain sera une p\u00e9riode d\u2019intenses activit\u00e9s \u00e0 Abobo avec le lancement du MASA, l\u2019ouverture du mus\u00e9e\u2026Le premier magistrat  a promis l\u2019am\u00e9lioration du cadre de vie. Rappelant  l\u2019accord donn\u00e9 par le Pr\u00e9sident de la R\u00e9publique  Alassane Ouattara et le Premier Ministre,   Amadou Gon Coulibaly pour la construction d\u2019 un \u00e9changeur au rond point de la Mairie,  il a  ajout\u00e9 que des efforts seront faits pour la sant\u00e9 des Abobolais. \u00ab Nous avons beaucoup de projets ensemble \u00bb, a insist\u00e9 Hamed Bakayoko. Il a, en outre souhait\u00e9 que r\u00e8gnent l\u2019amour et le partage entre les Abobolais. Pour en arriver l\u00e0,  les conseillers municipaux se sont prononc\u00e9s sur huit points \u00e0 l\u2019ordre du jour : adoption du proc\u00e8s verbal de la premi\u00e8re session ordinaire du conseil municipal ; information ; communication du proc\u00e8s verbal de la r\u00e9union de la municipalit\u00e9 en date du mercredi 08 janvier 2020 ; examen et adoption de l\u2019\u00e9tat d\u2019ex\u00e9cution des recettes et des d\u00e9penses au 30 novembre 2019 ; examen et adoption de la d\u00e9lib\u00e9ration des taxes communales  au titre de l\u2019exercice 2020 ; Examen et adoption du cadre organique des emplois de l\u2019exercice 2020 ; examen et adoption du budget primitif de l\u2019exercice  2020 et divers. Par la suite, les rapporteurs des diff\u00e9rentes commissions ont lu les conclusions de leurs travaux, tout en  faisant des  observations et recommandations. Plusieurs questions ont \u00e9t\u00e9 \u00e9voqu\u00e9es au cours de cette  session, \u00e0 savoir celles du transport, de l\u2019\u00e9ducation, des infrastructures, sans oublier le volet salubrit\u00e9. S\u2019agissant de ce dernier aspect, le Maire a d\u00e9cid\u00e9 d\u2019impliquer  et de responsabiliser les ONG \u0153uvrant dans le domaine de la salubrit\u00e9 et de l\u2019assainissement en vue d\u2019une meilleure gestion de l\u2019environnement.<br \/>\n<strong><br \/>\nT.A.B  avec IBK (et sercom)<\/strong><\/p>\n","protected":false},"excerpt":{"rendered":"<p>La premi\u00e8re session ordinaire de l\u2019ann\u00e9e 2020 du conseil municipal d\u2019Abobo a eu lieu le jeudi 22 janvier 2020 dans la salle de mariage de la Mairie de la commune . Au cours de cette rencontre, le budget primitif de l\u2019exercice 2020 a \u00e9t\u00e9 adopt\u00e9 . Il s\u2019\u00e9quilibre en recettes et en d\u00e9penses \u00e0 la [&hellip;]<\/p>\n","protected":false},"author":3,"featured_media":18838,"comment_status":"closed","ping_status":"closed","sticky":false,"template":"","format":"standard","meta":{"footnotes":""},"categories":[2,3],"tags":[],"class_list":["post-18837","post","type-post","status-publish","format-standard","has-post-thumbnail","hentry","category-featured","category-societe"],"_links":{"self":[{"href":"https:\/\/www.lintelligentdabidjan.info\/news\/wp-json\/wp\/v2\/posts\/18837","targetHints":{"allow":["GET"]}}],"collection":[{"href":"https:\/\/www.lintelligentdabidjan.info\/news\/wp-json\/wp\/v2\/posts"}],"about":[{"href":"https:\/\/www.lintelligentdabidjan.info\/news\/wp-json\/wp\/v2\/types\/post"}],"author":[{"embeddable":true,"href":"https:\/\/www.lintelligentdabidjan.info\/news\/wp-json\/wp\/v2\/users\/3"}],"replies":[{"embeddable":true,"href":"https:\/\/www.lintelligentdabidjan.info\/news\/wp-json\/wp\/v2\/comments?post=18837"}],"version-history":[{"count":1,"href":"https:\/\/www.lintelligentdabidjan.info\/news\/wp-json\/wp\/v2\/posts\/18837\/revisions"}],"predecessor-version":[{"id":18839,"href":"https:\/\/www.lintelligentdabidjan.info\/news\/wp-json\/wp\/v2\/posts\/18837\/revisions\/18839"}],"wp:featuredmedia":[{"embeddable":true,"href":"https:\/\/www.lintelligentdabidjan.info\/news\/wp-json\/wp\/v2\/media\/18838"}],"wp:attachment":[{"href":"https:\/\/www.lintelligentdabidjan.info\/news\/wp-json\/wp\/v2\/media?parent=18837"}],"wp:term":[{"taxonomy":"category","embeddable":true,"href":"https:\/\/www.lintelligentdabidjan.info\/news\/wp-json\/wp\/v2\/categories?post=18837"},{"taxonomy":"post_tag","embeddable":true,"href":"https:\/\/www.lintelligentdabidjan.info\/news\/wp-json\/wp\/v2\/tags?post=18837"}],"curies":[{"name":"wp","href":"https:\/\/api.w.org\/{rel}","templated":true}]}}