{"id":18974,"date":"2020-02-04T23:44:39","date_gmt":"2020-02-04T22:44:39","guid":{"rendered":"https:\/\/www.lintelligentdabidjan.info\/news\/?p=18974"},"modified":"2020-02-04T23:44:39","modified_gmt":"2020-02-04T22:44:39","slug":"formation-professionnelle-168-milliards-de-fcfa-investis-a-ce-jour","status":"publish","type":"post","link":"https:\/\/www.lintelligentdabidjan.info\/news\/formation-professionnelle-168-milliards-de-fcfa-investis-a-ce-jour\/","title":{"rendered":"Formation professionnelle :168 milliards de FCFA investis \u00e0 ce jour"},"content":{"rendered":"<p><em><strong>Le directeur de cabinet adjoint de la ministre du Plan et du D\u00e9veloppement a r\u00e9v\u00e9l\u00e9 le 30 janvier 2020 \u00e0 la primature, les montants investis dans la formation professionnelle, de 2011 \u00e0 ce jour. <\/strong><\/em><\/p>\n<p>Lors de la restitution des projets de construction d&#8217;\u00e9tablissements de formation professionnelle \u00e0 Bouna, Zouan-Hounien et Odienn\u00e9, Joseph Tanoh, directeur de cabinet adjoint de la ministre du plan et du d\u00e9veloppement  Mme Kaba Nial\u00e9 a salu\u00e9 les efforts du gouvernement ivoirien en mati\u00e8re d&#8217;enseignement technique et de formation professionnelle : &#8220;168 milliards de FCFA d&#8217;investissements ont \u00e9t\u00e9 r\u00e9alis\u00e9s dans le secteur de l&#8217;enseignement technique et la formation professionnelle. Le gouvernement a pu mobiliser aupr\u00e8s de ses partenaires arabes, pr\u00e8s de 200 milliards de FCFA pour ce secteur, ce qui a permis de mener \u00e0 bien les projets de construction du Centre de formation professionnelle de Bouna, du Lyc\u00e9e professionnel de Zouan-Hounien et de r\u00e9habilitation du Lyc\u00e9e professionnel d&#8217;Odienn\u00e9&#8221;. Ces diff\u00e9rents projets ont d\u00e9but\u00e9 en 2014 avec la formation des enseignants, dont certains ont d\u00e9j\u00e0 pris fonction au lyc\u00e9e professionnel d&#8217;Odienn\u00e9. Ces formateurs ont re\u00e7u des dipl\u00f4mes des mains du secr\u00e9taire d&#8217;\u00c9tat en charge de l&#8217;Enseignement technique et de la Formation professionnelle, Brice Kouassi. Le pr\u00e9sident du Conseil national des branches   professionnelles, N&#8217;dri Koffi a plaid\u00e9 pour une ad\u00e9quation entre la formation des \u00e9tudiants de ces centres de formation et les besoins du secteur priv\u00e9 productif. Au nom du repr\u00e9sentant du directeur de cabinet du Premier ministre, Guillaume Ahoutou, le pr\u00e9fet Daouda Ouattara a fond\u00e9 beaucoup d&#8217;espoir en la mise en \u0153uvre des diff\u00e9rents projets dans le secteur \u00c9ducation-Formation.<br \/>\n<strong><br \/>\nOD<\/strong><\/p>\n","protected":false},"excerpt":{"rendered":"<p>Le directeur de cabinet adjoint de la ministre du Plan et du D\u00e9veloppement a r\u00e9v\u00e9l\u00e9 le 30 janvier 2020 \u00e0 la primature, les montants investis dans la formation professionnelle, de 2011 \u00e0 ce jour. Lors de la restitution des projets de construction d&#8217;\u00e9tablissements de formation professionnelle \u00e0 Bouna, Zouan-Hounien et Odienn\u00e9, Joseph Tanoh, directeur de [&hellip;]<\/p>\n","protected":false},"author":3,"featured_media":18975,"comment_status":"closed","ping_status":"closed","sticky":false,"template":"","format":"standard","meta":{"footnotes":""},"categories":[2,3],"tags":[],"class_list":["post-18974","post","type-post","status-publish","format-standard","has-post-thumbnail","hentry","category-featured","category-societe"],"_links":{"self":[{"href":"https:\/\/www.lintelligentdabidjan.info\/news\/wp-json\/wp\/v2\/posts\/18974","targetHints":{"allow":["GET"]}}],"collection":[{"href":"https:\/\/www.lintelligentdabidjan.info\/news\/wp-json\/wp\/v2\/posts"}],"about":[{"href":"https:\/\/www.lintelligentdabidjan.info\/news\/wp-json\/wp\/v2\/types\/post"}],"author":[{"embeddable":true,"href":"https:\/\/www.lintelligentdabidjan.info\/news\/wp-json\/wp\/v2\/users\/3"}],"replies":[{"embeddable":true,"href":"https:\/\/www.lintelligentdabidjan.info\/news\/wp-json\/wp\/v2\/comments?post=18974"}],"version-history":[{"count":1,"href":"https:\/\/www.lintelligentdabidjan.info\/news\/wp-json\/wp\/v2\/posts\/18974\/revisions"}],"predecessor-version":[{"id":18976,"href":"https:\/\/www.lintelligentdabidjan.info\/news\/wp-json\/wp\/v2\/posts\/18974\/revisions\/18976"}],"wp:featuredmedia":[{"embeddable":true,"href":"https:\/\/www.lintelligentdabidjan.info\/news\/wp-json\/wp\/v2\/media\/18975"}],"wp:attachment":[{"href":"https:\/\/www.lintelligentdabidjan.info\/news\/wp-json\/wp\/v2\/media?parent=18974"}],"wp:term":[{"taxonomy":"category","embeddable":true,"href":"https:\/\/www.lintelligentdabidjan.info\/news\/wp-json\/wp\/v2\/categories?post=18974"},{"taxonomy":"post_tag","embeddable":true,"href":"https:\/\/www.lintelligentdabidjan.info\/news\/wp-json\/wp\/v2\/tags?post=18974"}],"curies":[{"name":"wp","href":"https:\/\/api.w.org\/{rel}","templated":true}]}}