{"id":18980,"date":"2020-02-05T22:08:02","date_gmt":"2020-02-05T21:08:02","guid":{"rendered":"https:\/\/www.lintelligentdabidjan.info\/news\/?p=18980"},"modified":"2020-02-05T22:08:23","modified_gmt":"2020-02-05T21:08:23","slug":"sommet-union-africaine-le-ministre-marcel-amon-tanoh-nest-pas-a-addis-abeba-les-raisons","status":"publish","type":"post","link":"https:\/\/www.lintelligentdabidjan.info\/news\/sommet-union-africaine-le-ministre-marcel-amon-tanoh-nest-pas-a-addis-abeba-les-raisons\/","title":{"rendered":"Sommet-Union Africaine : le ministre Marcel Amon-Tanoh n\u2019est pas \u00e0 Addis-Abeba (les raisons)"},"content":{"rendered":"<p><em><strong>La 36eme session ordinaire du conseil Ex\u00e9cutif de l\u2019union africaine, qui r\u00e9unit les ministres des Affaires Etrang\u00e8res des 55 \u00c9tats membres de l\u2019UA s\u2019ouvre jeudi 6 f\u00e9vrier 2020 \u00e0 Addis-Abeba. Le ministre ivoirien des Affaires Etrang\u00e8res, Amon-Tanoh n\u2019a pu effectuer le d\u00e9placement. Les raisons.<\/strong><\/em><\/p>\n<p>Alors que ses pairs se r\u00e9unissent les 6 et 7 f\u00e9vrier 2020 au si\u00e8ge de l\u2019UA dans le cadre de la 36eme session ordinaire du conseil Ex\u00e9cutif de l\u2019organisation panafricaine, Marcel Amon-Tanoh ne prendra pas part \u00e0 l\u2019ouverture des travaux ce jeudi. <\/p>\n<p><em>\u00ab Le ministre ne sera pas \u00e0 Addis-Abeba. Et cela pour des raisons familiales. Il a perdu un parent tr\u00e8s proche \u00bb<\/em>, a fait savoir une source proche du service de communication du minist\u00e8re. <\/p>\n<p>\u00c0 la question de savoir si cette absence n\u2019a pas de lien avec la candidature annonc\u00e9e du ministre ou encore son d\u00e9part du RHDP et du Gouvernement, notre interlocuteur r\u00e9pond : <em>\u00ab C\u2019est la p\u00e9riode des fake news. Je puis vous affirmer que le ministre ne subit aucune pression. Il est en contact constant avec le pr\u00e9sident Ouattara. Ils se sont vus hier (mardi 4 f\u00e9vrier 2020 , ndlr) et \u00e7a s\u2019est tr\u00e8s bien pass\u00e9. Mais je peux aussi vous affirmer qu\u2019il y a effectivement des gens qui veulent le neutraliser. Concernant son d\u00e9part du RHDP et du gouvernement, c\u2019est encore des Fake News. Enfin, je crois bien que c\u2019est son droit s\u2019il souhaite \u00eatre candidat aux prochaines \u00e9lections pr\u00e9sidentielles \u00bb.<\/em><\/p>\n<p><strong><br \/>\nPhilippe Kouhon, envoy\u00e9 sp\u00e9cial \u00e0 Addis-Abeba<\/strong><\/p>\n","protected":false},"excerpt":{"rendered":"<p>La 36eme session ordinaire du conseil Ex\u00e9cutif de l\u2019union africaine, qui r\u00e9unit les ministres des Affaires Etrang\u00e8res des 55 \u00c9tats membres de l\u2019UA s\u2019ouvre jeudi 6 f\u00e9vrier 2020 \u00e0 Addis-Abeba. Le ministre ivoirien des Affaires Etrang\u00e8res, Amon-Tanoh n\u2019a pu effectuer le d\u00e9placement. Les raisons. Alors que ses pairs se r\u00e9unissent les 6 et 7 f\u00e9vrier [&hellip;]<\/p>\n","protected":false},"author":3,"featured_media":18981,"comment_status":"closed","ping_status":"closed","sticky":false,"template":"","format":"standard","meta":{"_monsterinsights_skip_tracking":false,"_monsterinsights_sitenote_active":false,"_monsterinsights_sitenote_note":"","_monsterinsights_sitenote_category":0,"footnotes":""},"categories":[2,1],"tags":[],"class_list":["post-18980","post","type-post","status-publish","format-standard","has-post-thumbnail","hentry","category-featured","category-actualites"],"_links":{"self":[{"href":"https:\/\/www.lintelligentdabidjan.info\/news\/wp-json\/wp\/v2\/posts\/18980","targetHints":{"allow":["GET"]}}],"collection":[{"href":"https:\/\/www.lintelligentdabidjan.info\/news\/wp-json\/wp\/v2\/posts"}],"about":[{"href":"https:\/\/www.lintelligentdabidjan.info\/news\/wp-json\/wp\/v2\/types\/post"}],"author":[{"embeddable":true,"href":"https:\/\/www.lintelligentdabidjan.info\/news\/wp-json\/wp\/v2\/users\/3"}],"replies":[{"embeddable":true,"href":"https:\/\/www.lintelligentdabidjan.info\/news\/wp-json\/wp\/v2\/comments?post=18980"}],"version-history":[{"count":1,"href":"https:\/\/www.lintelligentdabidjan.info\/news\/wp-json\/wp\/v2\/posts\/18980\/revisions"}],"predecessor-version":[{"id":18982,"href":"https:\/\/www.lintelligentdabidjan.info\/news\/wp-json\/wp\/v2\/posts\/18980\/revisions\/18982"}],"wp:featuredmedia":[{"embeddable":true,"href":"https:\/\/www.lintelligentdabidjan.info\/news\/wp-json\/wp\/v2\/media\/18981"}],"wp:attachment":[{"href":"https:\/\/www.lintelligentdabidjan.info\/news\/wp-json\/wp\/v2\/media?parent=18980"}],"wp:term":[{"taxonomy":"category","embeddable":true,"href":"https:\/\/www.lintelligentdabidjan.info\/news\/wp-json\/wp\/v2\/categories?post=18980"},{"taxonomy":"post_tag","embeddable":true,"href":"https:\/\/www.lintelligentdabidjan.info\/news\/wp-json\/wp\/v2\/tags?post=18980"}],"curies":[{"name":"wp","href":"https:\/\/api.w.org\/{rel}","templated":true}]}}