{"id":19035,"date":"2020-02-07T13:49:36","date_gmt":"2020-02-07T12:49:36","guid":{"rendered":"https:\/\/www.lintelligentdabidjan.info\/news\/?p=19035"},"modified":"2020-02-07T13:49:36","modified_gmt":"2020-02-07T12:49:36","slug":"conflit-polisario-maroc-que-cherche-la-cote-divoire-au-sahara-occidental","status":"publish","type":"post","link":"https:\/\/www.lintelligentdabidjan.info\/news\/conflit-polisario-maroc-que-cherche-la-cote-divoire-au-sahara-occidental\/","title":{"rendered":"Conflit Polisario-Maroc : que cherche la C\u00f4te d\u2019Ivoire au Sahara occidental"},"content":{"rendered":"<p><em><strong>Alors que la question du statut du Sahara occidental, ancienne colonie espagnole toujours class\u00e9e \u00ab territoire non autonome \u00bb par l&#8217;ONU en l&#8217;absence d&#8217;un r\u00e8glement d\u00e9finitif, oppose depuis des d\u00e9cennies le Maroc aux ind\u00e9pendantistes du Front Polisario, l\u2019agence de presse marocaine cite plusieurs pays africains dont la C\u00f4te d\u2019Ivoire qui auraient ouvert des consulats au Sahara occidental.<\/strong><\/em><\/p>\n<p>Selon l\u2019&#8217;agence de presse marocaine, en plus de Sao Tom\u00e9-et-Principe et du Comores qui ont d\u00e9j\u00e0 ouvert des consulats depuis d\u00e9cembre 2019, la C\u00f4te d&#8217;Ivoire, le Gabon et la Centrafrique ont annonc\u00e9 la semaine derni\u00e8re l\u2019ouverture d\u2019un consulat au Sahara Occidental.<br \/>\nEt si pour le ministre des Affaires \u00e9trang\u00e8res du Maroc, Nasser Bourita, cit\u00e9 par RFI, cela <em>\u00ab vient renforcer la r\u00e9alit\u00e9 que le Sahara est marocain \u00bb<\/em>, pour Mhamed Khadad, pr\u00e9sident de la commission des relations ext\u00e9rieures du Front Polisario, c\u2019est une agression inacceptable de la part de ces pays africains (cf interview accord\u00e9e au quotidien Comorien, Masiwa le 27 d\u00e9cembre 2019).<\/p>\n<p>Dans cette interview, il confirme l\u2019installation d\u2019un consul honoraire, un entrepreneur Sahraoui pour le compte de la C\u00f4te d\u2019Ivoire dans la ville de Laayoune.<\/p>\n<p><em>\u00ab Tous ces pays s\u2019y installent \u00e0 la demande du Maroc. Bien entendu, le Maroc fera tout avec l\u2019argent pour essayer de corrompre un certain nombre de petits pays qui n\u2019ont ni \u00e2me ni conscience et dont les r\u00e9gimes sont aux bottes de ceux qui les gavent d\u2019argent \u00bb<\/em> a-t-il ajout\u00e9.<\/p>\n<p>Qu\u2019est-ce qui peut justifier la d\u00e9marche des autorit\u00e9s ivoiriennes, alors que le pays n\u2019a ni int\u00e9r\u00eat \u00e9conomique, ni sociaux, ni ressortissants au Sahara occidental ?<\/p>\n<p><em>\u00ab Attention au coup de bluff de la part des m\u00e9dias marocains. Certes, la r\u00e9publique arabe sahraouie d\u00e9mocratique, RASD, si\u00e8ge au sommet de l\u2019UA aux c\u00f4t\u00e9s de la C\u00f4te d\u2019Ivoire dans le cadre de l\u2019organisation africaine, mais, \u00e0 ma connaissance, la C\u00f4te d\u2019Ivoire n\u2019a pas reconnu l\u2019ind\u00e9pendance du territoire. Je comprendrai mal comment on peut installer un consulat dans un pays qu\u2019on ne reconnait pas \u00bb<\/em> nous explique une source ivoirienne proche de la commission de l\u2019Union africaine bas\u00e9e \u00e0 Addis-Abeba.<\/p>\n<p>La C\u00f4te d\u2019Ivoire a-t-elle le droit d\u2019ouvrir un consulat au Sahara occidental au regard de ses engagements \u00e0 l\u2019union africaine ?<\/p>\n<p>Une r\u00e9action des autorit\u00e9s ivoirienne est attendue.<br \/>\nNotons que le Maroc contr\u00f4le 80% de ce territoire, qui est encore consid\u00e9r\u00e9 comme <em>\u00ab non autonome \u00bb<\/em> par les Nations unies et la Ligue Arabe. Le Front Polisario qui contr\u00f4le les 20% restant, r\u00e9clame, depuis des ann\u00e9es, un r\u00e9f\u00e9rendum d&#8217;autod\u00e9termination pour les populations sahraouies.<br \/>\n<strong><br \/>\nPhilippe Kouhon, envoy\u00e9 sp\u00e9cial \u00e0 Addis-Abeba<\/strong><\/p>\n","protected":false},"excerpt":{"rendered":"<p>Alors que la question du statut du Sahara occidental, ancienne colonie espagnole toujours class\u00e9e \u00ab territoire non autonome \u00bb par l&#8217;ONU en l&#8217;absence d&#8217;un r\u00e8glement d\u00e9finitif, oppose depuis des d\u00e9cennies le Maroc aux ind\u00e9pendantistes du Front Polisario, l\u2019agence de presse marocaine cite plusieurs pays africains dont la C\u00f4te d\u2019Ivoire qui auraient ouvert des consulats au [&hellip;]<\/p>\n","protected":false},"author":3,"featured_media":19036,"comment_status":"closed","ping_status":"closed","sticky":false,"template":"","format":"standard","meta":{"_monsterinsights_skip_tracking":false,"_monsterinsights_sitenote_active":false,"_monsterinsights_sitenote_note":"","_monsterinsights_sitenote_category":0,"footnotes":""},"categories":[2,1],"tags":[],"class_list":["post-19035","post","type-post","status-publish","format-standard","has-post-thumbnail","hentry","category-featured","category-actualites"],"_links":{"self":[{"href":"https:\/\/www.lintelligentdabidjan.info\/news\/wp-json\/wp\/v2\/posts\/19035","targetHints":{"allow":["GET"]}}],"collection":[{"href":"https:\/\/www.lintelligentdabidjan.info\/news\/wp-json\/wp\/v2\/posts"}],"about":[{"href":"https:\/\/www.lintelligentdabidjan.info\/news\/wp-json\/wp\/v2\/types\/post"}],"author":[{"embeddable":true,"href":"https:\/\/www.lintelligentdabidjan.info\/news\/wp-json\/wp\/v2\/users\/3"}],"replies":[{"embeddable":true,"href":"https:\/\/www.lintelligentdabidjan.info\/news\/wp-json\/wp\/v2\/comments?post=19035"}],"version-history":[{"count":1,"href":"https:\/\/www.lintelligentdabidjan.info\/news\/wp-json\/wp\/v2\/posts\/19035\/revisions"}],"predecessor-version":[{"id":19037,"href":"https:\/\/www.lintelligentdabidjan.info\/news\/wp-json\/wp\/v2\/posts\/19035\/revisions\/19037"}],"wp:featuredmedia":[{"embeddable":true,"href":"https:\/\/www.lintelligentdabidjan.info\/news\/wp-json\/wp\/v2\/media\/19036"}],"wp:attachment":[{"href":"https:\/\/www.lintelligentdabidjan.info\/news\/wp-json\/wp\/v2\/media?parent=19035"}],"wp:term":[{"taxonomy":"category","embeddable":true,"href":"https:\/\/www.lintelligentdabidjan.info\/news\/wp-json\/wp\/v2\/categories?post=19035"},{"taxonomy":"post_tag","embeddable":true,"href":"https:\/\/www.lintelligentdabidjan.info\/news\/wp-json\/wp\/v2\/tags?post=19035"}],"curies":[{"name":"wp","href":"https:\/\/api.w.org\/{rel}","templated":true}]}}