{"id":19057,"date":"2020-02-08T23:45:25","date_gmt":"2020-02-08T22:45:25","guid":{"rendered":"https:\/\/www.lintelligentdabidjan.info\/news\/?p=19057"},"modified":"2020-02-08T23:49:37","modified_gmt":"2020-02-08T22:49:37","slug":"agenda-2063-ua-32-des-objectifs-atteints-en-5-ans-tous-les-etats-membres-de-lua-doivent-sapproprier-lagenda-2063-alassane-ouattara","status":"publish","type":"post","link":"https:\/\/www.lintelligentdabidjan.info\/news\/agenda-2063-ua-32-des-objectifs-atteints-en-5-ans-tous-les-etats-membres-de-lua-doivent-sapproprier-lagenda-2063-alassane-ouattara\/","title":{"rendered":"Agenda 2063-UA :  32% des objectifs atteints en 5 ans, tous les Etats membres de l\u2019UA doivent s\u2019approprier l\u2019agenda 2063 (Alassane Ouattara)"},"content":{"rendered":"<p><em><strong>Le pr\u00e9sident ivoirien, Alassane Ouattara, d\u00e9sign\u00e9 par ses pairs de l\u2019union africaine, pour la promotion de l\u2019Agenda 2063 a pr\u00e9sent\u00e9 le samedi 8 f\u00e9vrier 2020 en marge du 33e sommet de l\u2019UA \u00e0 Addis-Abeba, les points saillants du premier rapport continental consolid\u00e9 sur l\u2019avancement de la mise en \u0153uvre de cet agenda sur une p\u00e9riode de 50 ans ainsi que le premier plan d\u00e9cennal de sa mise en \u0153uvre qui s\u2019\u00e9tend de 2014 \u00e0 2023.<\/strong><\/em><\/p>\n<p>Ce second rapport apr\u00e8s celui expos\u00e9 en 2019 et couvrant la p\u00e9riode de 2017 \u00e0 2020, sur le suivi de la mise en \u0153uvre de l\u2019agenda 2063 et son plan d\u00e9cennal de 2014 \u00e0 2023 a \u00e9t\u00e9 \u00e9labor\u00e9 \u00e0 partir des rapports nationaux de 31 Etats membres sur les 55 que compte l\u2019UA et de six communaut\u00e9s \u00e9conomiques r\u00e9gionales.<br \/>\nExposant les progr\u00e8s r\u00e9alis\u00e9s, les opportunit\u00e9s et les d\u00e9fis de la mise en \u0153uvre de cet agenda, avec la prise en compte des sept aspirations et des 20 projets phares que s\u2019est fix\u00e9e l\u2019UA, Alassane Ouattara, champion de l\u2019UA sur l\u2019agenda 2063 a dit :<br \/>\n<em>\u00ab Au regard des sept aspirations, le continent a atteint un taux global de 32%. Pour l\u2019aspiration 4 (Une Afrique pacifique et s\u00fbre), le continent a obtenu des r\u00e9sultats remarquables avec un taux global de 48% par rapport \u00e0 l\u2019objectif de l\u2019ann\u00e9e 2019, ce qui s\u2019explique en partie par les m\u00e9canismes \u00e9tablis et les capacit\u00e9s renforc\u00e9es de maintien de la paix et de la s\u00e9curit\u00e9 au niveau national et continental. Aussi le continent a enregistr\u00e9 une performance relativement bonne, atteignant 44% de son aspiration 2 par rapport \u00e0 l\u2019objectif de l\u2019ann\u00e9e 2019 dans sa poursuite d\u2019un continent int\u00e9gr\u00e9, politiquement uni, fond\u00e9 sur les id\u00e9aux du panafricanisme et la vision d\u2019une renaissance africaine. Cet objectif a \u00e9t\u00e9 attient gr\u00e2ce aux efforts collectifs et concert\u00e9s des Etats membres pour rendre op\u00e9rationnelle la zone continentale africaine de libre-\u00e9change entre autres.<br \/>\nConcernant les autres aspirations, le continent a enregistr\u00e9 respectivement 29% pour l\u2019aspira 1 ( Une Afrique prosp\u00e8re fond\u00e9e sur la croissance inclusive et le d\u00e9veloppement durable), un faible r\u00e9sultat de 16% pour l\u2019aspiration 3 (Une Afrique de bonne gouvernance, de d\u00e9mocratie, de respect des droits de l&#8217;homme, de justice et d\u2019\u00e9tat de droit), Pareil pour l\u2019aspiration 5 (Une Afrique dot\u00e9e d\u2019une forte identit\u00e9 culturelle, d\u2019un patrimoine commun, et de valeurs et d\u2019\u00e9thique partag\u00e9es) o\u00f9 le continent enregistre 12% par rapport aux objectifs de 2019 et 38% pour l\u2019aspiration 6 (Une Afrique dont le d\u00e9veloppement est ax\u00e9 sur les populations, qui s\u2019appuie sur le potentiel de ses populations) et  enfin 26% pour l\u2019aspiration 7 (Une Afrique qui agit en tant qu\u2019acteur et partenaire fort, uni et influent sur la sc\u00e8ne mondiale \u00bb.<\/em><\/p>\n<p><strong>14 des 20 projets phares de l\u2019agenda 2063 ont connu des progr\u00e8s notables<\/strong><\/p>\n<p>S\u2019agissant des projets phares de l\u2019agenda 2063, il a dit :<br \/>\n<em>\u00ab Le continent a fait des progr\u00e8s notables dans la mise en \u0153uvre de 14 des 20 projets phares de l\u2019UA. En ce qui concerne la zone de libre-\u00e9change continental africain, ZLECA, le continent a r\u00e9alis\u00e9 une performance de 92% de l\u2019objectif fix\u00e9 en 2019. A ce jour 54 pays ont sign\u00e9 et 29 ont d\u00e9j\u00e0 ratifi\u00e9 la ZLECA. Au niveau du passeport africain et la libre circulation des personnes, 32 Etats membres ont sign\u00e9 le protocole au trait\u00e9 instituant la Communaut\u00e9 \u00e9conomique africaine relatif \u00e0 la libre circulation des personnes, au droit de s\u00e9jour et au droit d\u2019\u00e9tablissement. Toutefois seul le Rwanda l\u2019a ratifi\u00e9.<br \/>\nConcernant le r\u00e9seau panafricain des services en ligne ou universit\u00e9s virtuelles d\u2019Afrique, des efforts conjugu\u00e9s des pays membres ont permis \u00e0 plus de 22.000 \u00e9tudiants d\u2019obtenir des dipl\u00f4mes dans divers disciplines du 1er cycle et cycle sup\u00e9rieur \u00bb.<\/em><br \/>\n Au titre des d\u00e9fis \u00e0 relever, le pr\u00e9sident Ouattara a not\u00e9 la faiblesse du syst\u00e8me statistique, la faible mobilisation des ressources financi\u00e8res, les disparit\u00e9s des niveaux de maturation et de mise en \u0153uvre entre les projets phares, l\u2019insuffisance du personnel qualifi\u00e9, les lenteurs dans la communication autour de l\u2019agenda 2063, sa vulgarisation et son appropriation par les gouvernements et au sein des Etats membres de l\u2019union africaine.<\/p>\n<p><em>\u00ab Au-del\u00e0 de ces d\u00e9fis, nous devons nous approprier cet agenda en sensibilisant les acteurs nationaux et en mettant en place une strat\u00e9gie de communication, en institutionnalisant l\u2019agenda 2063 dans les l\u00e9gislations nationales et les strat\u00e9gies de d\u00e9veloppement. Il faudra acc\u00e9l\u00e9rer la ratification des instruments portant sur la r\u00e9forme institutionnelle de l\u2019UA et sur ses projets phares. Il faut renforcer les capacit\u00e9s des ressources humaines, des bureaux de statistiques ainsi que le syst\u00e8me de suivi. Il faut \u00e9galement acc\u00e9l\u00e9rer la mobilisation des ressources internes pour le financement de l\u2019agenda 2063 et ses projets phares \u00bb<\/em> a recommand\u00e9 le champion de l\u2019UA pour l\u2019agenda 2063.<br \/>\nEnfin, le pr\u00e9sident ivoirien s\u2019est-il f\u00e9licit\u00e9 des progr\u00e8s enregistr\u00e9s en 5 ans non sans inviter tous les Etats membres de l\u2019UA mais \u00e9galement tous les africains partout o\u00f9 ils se trouvent \u00e0 s\u2019approprier cet agenda, afin de r\u00e9aliser ce que veulent les africains pour le continent africain.<\/p>\n<p>Rappelons qu\u2019afin d\u2019acc\u00e9l\u00e9rer la mise en \u0153uvre de l\u2019agenda 2063 sur une p\u00e9riode de 50 ans, le premier plan d\u00e9cennal de mise en \u0153uvre (2014-2023) a \u00e9t\u00e9 \u00e9labor\u00e9 puis approuv\u00e9 lors du sommet de l\u2019UA de juin 2015.<br \/>\nLe pr\u00e9sident Ouattara avait \u00e0 ses c\u00f4t\u00e9s, Mme Nkosazana Dlamini-Zuma, pr\u00e9curseur de l\u2019agenda 2063, la pr\u00e9sidente de l\u2019Ethiopie, le pr\u00e9sident du Botwana, la repr\u00e9sentante du secr\u00e9taire g\u00e9n\u00e9ral de l\u2019ONU et le pr\u00e9sident de la BAD.<br \/>\nAvant ce forum de haut niveau sur l\u2019\u00e9tat d\u2019avancement de la mise en \u0153uvre de l\u2019agenda 2063, le pr\u00e9sident Alassane Ouattara s\u2019est entretenu avec Antonio Guterres, secr\u00e9taire g\u00e9n\u00e9ral des nations unies.<br \/>\n<strong><br \/>\nPhilippe Kouhon, envoy\u00e9 sp\u00e9cial \u00e0 Addis-Abeba<\/strong><\/p>\n","protected":false},"excerpt":{"rendered":"<p>Le pr\u00e9sident ivoirien, Alassane Ouattara, d\u00e9sign\u00e9 par ses pairs de l\u2019union africaine, pour la promotion de l\u2019Agenda 2063 a pr\u00e9sent\u00e9 le samedi 8 f\u00e9vrier 2020 en marge du 33e sommet de l\u2019UA \u00e0 Addis-Abeba, les points saillants du premier rapport continental consolid\u00e9 sur l\u2019avancement de la mise en \u0153uvre de cet agenda sur une p\u00e9riode [&hellip;]<\/p>\n","protected":false},"author":3,"featured_media":19058,"comment_status":"closed","ping_status":"closed","sticky":false,"template":"","format":"standard","meta":{"_monsterinsights_skip_tracking":false,"_monsterinsights_sitenote_active":false,"_monsterinsights_sitenote_note":"","_monsterinsights_sitenote_category":0,"footnotes":""},"categories":[2,1],"tags":[],"class_list":["post-19057","post","type-post","status-publish","format-standard","has-post-thumbnail","hentry","category-featured","category-actualites"],"_links":{"self":[{"href":"https:\/\/www.lintelligentdabidjan.info\/news\/wp-json\/wp\/v2\/posts\/19057","targetHints":{"allow":["GET"]}}],"collection":[{"href":"https:\/\/www.lintelligentdabidjan.info\/news\/wp-json\/wp\/v2\/posts"}],"about":[{"href":"https:\/\/www.lintelligentdabidjan.info\/news\/wp-json\/wp\/v2\/types\/post"}],"author":[{"embeddable":true,"href":"https:\/\/www.lintelligentdabidjan.info\/news\/wp-json\/wp\/v2\/users\/3"}],"replies":[{"embeddable":true,"href":"https:\/\/www.lintelligentdabidjan.info\/news\/wp-json\/wp\/v2\/comments?post=19057"}],"version-history":[{"count":1,"href":"https:\/\/www.lintelligentdabidjan.info\/news\/wp-json\/wp\/v2\/posts\/19057\/revisions"}],"predecessor-version":[{"id":19059,"href":"https:\/\/www.lintelligentdabidjan.info\/news\/wp-json\/wp\/v2\/posts\/19057\/revisions\/19059"}],"wp:featuredmedia":[{"embeddable":true,"href":"https:\/\/www.lintelligentdabidjan.info\/news\/wp-json\/wp\/v2\/media\/19058"}],"wp:attachment":[{"href":"https:\/\/www.lintelligentdabidjan.info\/news\/wp-json\/wp\/v2\/media?parent=19057"}],"wp:term":[{"taxonomy":"category","embeddable":true,"href":"https:\/\/www.lintelligentdabidjan.info\/news\/wp-json\/wp\/v2\/categories?post=19057"},{"taxonomy":"post_tag","embeddable":true,"href":"https:\/\/www.lintelligentdabidjan.info\/news\/wp-json\/wp\/v2\/tags?post=19057"}],"curies":[{"name":"wp","href":"https:\/\/api.w.org\/{rel}","templated":true}]}}