{"id":1911,"date":"2016-12-14T16:06:44","date_gmt":"2016-12-14T15:06:44","guid":{"rendered":"http:\/\/www.lintelligentdabidjan.info\/news\/?p=1911"},"modified":"2016-12-14T16:06:44","modified_gmt":"2016-12-14T15:06:44","slug":"maouloud-a-grand-bassam-limam-drame-moussa-invite-duncan-a-reconcilier-les-deux-rois-de-la-ville","status":"publish","type":"post","link":"https:\/\/www.lintelligentdabidjan.info\/news\/maouloud-a-grand-bassam-limam-drame-moussa-invite-duncan-a-reconcilier-les-deux-rois-de-la-ville\/","title":{"rendered":"Maouloud \u00e0 Grand-Bassam : L\u2019imam Dram\u00e9 Moussa invite Duncan \u00e0 r\u00e9concilier les deux rois de la ville"},"content":{"rendered":"<p>Les fid\u00e8les musulmans de la grande mosqu\u00e9e Fatma Zahara de Grand-Bassam ont c\u00e9l\u00e9br\u00e9, comme leurs fr\u00e8res du monde entier, la comm\u00e9moration de la naissance du proph\u00e8te Mahomet (le Maouloud) dans la nuit du dimanche 11 au lundi 12 d\u00e9cembre 2016. <!--more--><\/p>\n<p>Une nuit que le ma\u00eetre des lieux, l\u2019Imam Dram\u00e9 Moussa, a plac\u00e9e sous le signe de la r\u00e9conciliation et du partage entre les filles et les fils de Grand-Bassam. Le Premier Ministre Daniel Kablan Duncan, candidat dans la commune pour les l\u00e9gislatives du 18 d\u00e9cembre 2016, a assist\u00e9 \u00e0 la pri\u00e8re dans le cadre de sa tourn\u00e9e pour la campagne. Une occasion  qu\u2019a saisie l\u2019Imam de la mosqu\u00e9e pour exposer \u00e0 son h\u00f4te, les probl\u00e8mes qui minent les relations entre les Bassamois. Des probl\u00e8mes au premier rang desquels, la discorde entre les deux rois de la ville que sont Nanan Assoumou Kangah (roi de Moossou) et Nanan Tano\u00e9 Amon D\u00e9sir\u00e9e (roi des N\u2019Zima Kotoko de C\u00f4te d\u2019Ivoire). Dram\u00e9 Moussa a donc plaid\u00e9 pour que le Premier ministre, en sa qualit\u00e9 de doyens des cadres de la r\u00e9gion du Sud-Como\u00e9, prenne \u00e0 bras le corps, le r\u00e8glement de ces diff\u00e9rents. \u00ab Monsieur le premier ministre, le Maouloud \u00e9tant un jour de r\u00e9conciliation, il est difficile de vous voir ici sans \u00e9voquer les  querelles qui  divisent notre belle cit\u00e9. Nos deux rois. Vous \u00eates le doyen des cadres de la r\u00e9gion. Si l\u2019on ajoute \u00e0 cela votre titre de Premier Ministre de notre pays, vous \u00eates un homme dont la voix seule, peut amener la paix dans notre belle cit\u00e9. Je vous invite \u00e0 peser de tout votre poids pour que nos deux rois se r\u00e9concilient enfin \u00bb, a-t-il invit\u00e9, dans son sermon, le premier ministre &#8211; candidat aux l\u00e9gislatives. L\u2019Imam Moussa Dram\u00e9 a ensuite pri\u00e9 pour le bon d\u00e9roulement du scrutin l\u00e9gislatif du 18 d\u00e9cembre prochain. A ce sujet, il a invit\u00e9 les fid\u00e8les \u00e0 s\u2019acquitter de leur devoir civique en prenant part massivement au vote. Ceci,  pour un taux de participation sup\u00e9rieur \u00e0 celui du r\u00e9f\u00e9rendum (18%, selon la Cei. ndlr). \u00ab Le vote est un devoir civique. Tout citoyen qui rempli les conditions, se doit de participer aux scrutins qui se d\u00e9roulent dans son pays. C\u2019est ceux \u00e0 quoi je vous appel dimanche. Allez et votez le candidat de votre choix. Je veux que le taux de participation soit au-dessus de celui qui a \u00e9t\u00e9 enregistr\u00e9 lors de la consultation r\u00e9f\u00e9rendaire \u00bb, a souhait\u00e9 l\u2019homme de Dieu. D\u00e9but\u00e9e \u00e0 21 heure, c\u2019est aux environ de 2 heure du matin qu\u2019a pris fin la veill\u00e9e du Maouloud, \u00e0 la Mosqu\u00e9e Fatma Zahara. Les fid\u00e8les de la mosqu\u00e9e ont massivement pris part \u00e0 la pri\u00e8re. Des conf\u00e9rences ont \u00e9t\u00e9 anim\u00e9es, \u00e0 cette occasion, par d\u2019autres Imams. Elles ont essentiellement tourn\u00e9e autour de la vie du proph\u00e8te dans la cit\u00e9 de M\u00e9dine suivie de son entr\u00e9e \u00e0 la Mecque.<\/p>\n<p>Ernest Famin avec J H K<\/p>\n","protected":false},"excerpt":{"rendered":"<p>Les fid\u00e8les musulmans de la grande mosqu\u00e9e Fatma Zahara de Grand-Bassam ont c\u00e9l\u00e9br\u00e9, comme leurs fr\u00e8res du monde entier, la comm\u00e9moration de la naissance du proph\u00e8te Mahomet (le Maouloud) dans la nuit du dimanche 11 au lundi 12 d\u00e9cembre 2016.<\/p>\n","protected":false},"author":2,"featured_media":1912,"comment_status":"closed","ping_status":"closed","sticky":false,"template":"","format":"standard","meta":{"_monsterinsights_skip_tracking":false,"_monsterinsights_sitenote_active":false,"_monsterinsights_sitenote_note":"","_monsterinsights_sitenote_category":0,"footnotes":""},"categories":[3],"tags":[],"class_list":["post-1911","post","type-post","status-publish","format-standard","has-post-thumbnail","hentry","category-societe"],"_links":{"self":[{"href":"https:\/\/www.lintelligentdabidjan.info\/news\/wp-json\/wp\/v2\/posts\/1911","targetHints":{"allow":["GET"]}}],"collection":[{"href":"https:\/\/www.lintelligentdabidjan.info\/news\/wp-json\/wp\/v2\/posts"}],"about":[{"href":"https:\/\/www.lintelligentdabidjan.info\/news\/wp-json\/wp\/v2\/types\/post"}],"author":[{"embeddable":true,"href":"https:\/\/www.lintelligentdabidjan.info\/news\/wp-json\/wp\/v2\/users\/2"}],"replies":[{"embeddable":true,"href":"https:\/\/www.lintelligentdabidjan.info\/news\/wp-json\/wp\/v2\/comments?post=1911"}],"version-history":[{"count":1,"href":"https:\/\/www.lintelligentdabidjan.info\/news\/wp-json\/wp\/v2\/posts\/1911\/revisions"}],"predecessor-version":[{"id":1913,"href":"https:\/\/www.lintelligentdabidjan.info\/news\/wp-json\/wp\/v2\/posts\/1911\/revisions\/1913"}],"wp:featuredmedia":[{"embeddable":true,"href":"https:\/\/www.lintelligentdabidjan.info\/news\/wp-json\/wp\/v2\/media\/1912"}],"wp:attachment":[{"href":"https:\/\/www.lintelligentdabidjan.info\/news\/wp-json\/wp\/v2\/media?parent=1911"}],"wp:term":[{"taxonomy":"category","embeddable":true,"href":"https:\/\/www.lintelligentdabidjan.info\/news\/wp-json\/wp\/v2\/categories?post=1911"},{"taxonomy":"post_tag","embeddable":true,"href":"https:\/\/www.lintelligentdabidjan.info\/news\/wp-json\/wp\/v2\/tags?post=1911"}],"curies":[{"name":"wp","href":"https:\/\/api.w.org\/{rel}","templated":true}]}}