{"id":19138,"date":"2020-02-13T13:27:12","date_gmt":"2020-02-13T12:27:12","guid":{"rendered":"https:\/\/www.lintelligentdabidjan.info\/news\/?p=19138"},"modified":"2020-02-13T13:36:42","modified_gmt":"2020-02-13T12:36:42","slug":"burkina-faso-simple-incomprehension-au-ministere-dalpha-barry-ou-vrai-rififi-avec-des-diplomates-du-pays","status":"publish","type":"post","link":"https:\/\/www.lintelligentdabidjan.info\/news\/burkina-faso-simple-incomprehension-au-ministere-dalpha-barry-ou-vrai-rififi-avec-des-diplomates-du-pays\/","title":{"rendered":"Burkina Faso : simple incompr\u00e9hension au minist\u00e8re d\u2019Alpha Barry ou vrai rififi avec des diplomates du pays ?"},"content":{"rendered":"<p><em><strong>Depuis le mois de janvier 2020, le conseil d\u2019administration du secteur Minist\u00e9riel (CASEM) ou syndicat des diplomates au Minist\u00e8re Burkinab\u00e8 des Affaires Etrang\u00e8res et de la coop\u00e9ration internationale se plaint du fait d\u2019y affecter des agents des forces de l\u2019ordre. <\/strong><\/em><\/p>\n<p>Pour qui conna\u00eet la situation socio-politique du pays, depuis 2015, le pays, en proie avec plusieurs groupes arm\u00e9s terroristes a perdu 630 civiles et militaires, et a subi  pr\u00e8s de 486.000 d\u00e9plac\u00e9s du nord vers les grandes villes du centre ou \u00e0 l\u2019\u00e9tranger, malgr\u00e9 la pr\u00e9sence des forces militaires occidentales avec tout l\u2019arsenal \u00e0 disposition. <\/p>\n<p>Lors du 33eme sommet de l\u2019Union Africaine tenu \u00e0 Addis-Abeba les 9 et 10 f\u00e9vrier 2020, un haut diplomate confiait sous couvert de l\u2019anonymat : \u00ab Le Burkina Faso risque de dispara\u00eetre s\u2019il n\u2019y a pas une vraie solidarit\u00e9 africaine \u00bb.<\/p>\n<p>Une situation qui commande la plus grande vigilance des autorit\u00e9s Burkinab\u00e8.<\/p>\n<p>R\u00e9cemment le gouvernement a invit\u00e9 des jeunes volontaires \u00e0 se faire enr\u00f4ler pour faire face \u00e0 la mont\u00e9e djihadiste dans le pays, au nom du patriotisme.<\/p>\n<p>C\u2019est bien dans la m\u00eame veine que le minist\u00e8re des affaires \u00e9trang\u00e8res, fer de lance de la diplomatie burkinab\u00e8 a lui aussi proc\u00e9d\u00e9 au renforcement de la s\u00e9curit\u00e9 au sein de l\u2019ensemble des chancelleries du pays \u00e0 l\u2019\u00e9tranger. <\/p>\n<p>Devrait-on voir en cela une man\u0153uvre du ministre de faire perdre des emplois aux diplomates de carri\u00e8res ? La r\u00e9ponse est non, selon une source au sein du minist\u00e8re \u00e0 Ouagadougou.<\/p>\n<p>Affecter des policiers, gendarmes ou militaires dans des ambassades et consulats n\u2019est pas une pratique sp\u00e9cifique au Burkina Faso. Cela existe dans toutes les chancelleries du monde, y compris celles des pays en paix , a ajout\u00e9 cette source, qui plaide pour une incompr\u00e9hension, l\u00e0 o\u00f9 d\u2019autres veulent voir de la mauvaise foi, ou de la manipulation.<\/p>\n<p>Pour preuve, dans ses motions de remerciement du 7 d\u00e9cembre 2018, puis du 6 d\u00e9cembre 2019, le conseil d\u2019administration du secteur Minist\u00e9riel (CASEM), avait f\u00e9licit\u00e9 le ministre burkinab\u00e8 des Affaires \u00e9trang\u00e8re et de la coop\u00e9ration internationale pour \u00ab sa disponibilit\u00e9 \u00e0 accompagner le personnel dans l\u2019ex\u00e9cution du programme d\u2019activit\u00e9 et la r\u00e9alisation des missions du Minist\u00e8re mais \u00e9galement pour son leadership dans le renforcement du rayonnement international du pays \u00bb. <\/p>\n<p>Cette reconnaissance semble partag\u00e9e par plusieurs diplomates europ\u00e9ens et africains, notamment un diplomate europ\u00e9en, qui a confi\u00e9 ceci \u00e0 Addis Abeba : \u00abAlpha Barry est une chance pour le Burkina Faso. Il conna\u00eet les dossiers et les d\u00e9cideurs. Il est intelligent et disponible. On n\u2019est pas surpris que ce soit lui un des hommes de confiance du pr\u00e9sident Kabor\u00e9 \u00bb. <\/p>\n<p>Alpha Barry (50 ans) conduit la diplomatie burkinab\u00e8 depuis le 12 janvier 2016. Journaliste de formation, il a \u00e9t\u00e9 entre autre correspondant de RFI \u00e0 Ouagadougou, puis collaborateur du magazine Jeune Afrique.<\/p>\n<p> <strong>Philippe Kouhon, de retour de Addis Abeba <\/strong><\/p>\n","protected":false},"excerpt":{"rendered":"<p>Depuis le mois de janvier 2020, le conseil d\u2019administration du secteur Minist\u00e9riel (CASEM) ou syndicat des diplomates au Minist\u00e8re Burkinab\u00e8 des Affaires Etrang\u00e8res et de la coop\u00e9ration internationale se plaint du fait d\u2019y affecter des agents des forces de l\u2019ordre. Pour qui conna\u00eet la situation socio-politique du pays, depuis 2015, le pays, en proie avec [&hellip;]<\/p>\n","protected":false},"author":3,"featured_media":19139,"comment_status":"closed","ping_status":"closed","sticky":false,"template":"","format":"standard","meta":{"_monsterinsights_skip_tracking":false,"_monsterinsights_sitenote_active":false,"_monsterinsights_sitenote_note":"","_monsterinsights_sitenote_category":0,"footnotes":""},"categories":[2,1],"tags":[],"class_list":["post-19138","post","type-post","status-publish","format-standard","has-post-thumbnail","hentry","category-featured","category-actualites"],"_links":{"self":[{"href":"https:\/\/www.lintelligentdabidjan.info\/news\/wp-json\/wp\/v2\/posts\/19138","targetHints":{"allow":["GET"]}}],"collection":[{"href":"https:\/\/www.lintelligentdabidjan.info\/news\/wp-json\/wp\/v2\/posts"}],"about":[{"href":"https:\/\/www.lintelligentdabidjan.info\/news\/wp-json\/wp\/v2\/types\/post"}],"author":[{"embeddable":true,"href":"https:\/\/www.lintelligentdabidjan.info\/news\/wp-json\/wp\/v2\/users\/3"}],"replies":[{"embeddable":true,"href":"https:\/\/www.lintelligentdabidjan.info\/news\/wp-json\/wp\/v2\/comments?post=19138"}],"version-history":[{"count":3,"href":"https:\/\/www.lintelligentdabidjan.info\/news\/wp-json\/wp\/v2\/posts\/19138\/revisions"}],"predecessor-version":[{"id":19142,"href":"https:\/\/www.lintelligentdabidjan.info\/news\/wp-json\/wp\/v2\/posts\/19138\/revisions\/19142"}],"wp:featuredmedia":[{"embeddable":true,"href":"https:\/\/www.lintelligentdabidjan.info\/news\/wp-json\/wp\/v2\/media\/19139"}],"wp:attachment":[{"href":"https:\/\/www.lintelligentdabidjan.info\/news\/wp-json\/wp\/v2\/media?parent=19138"}],"wp:term":[{"taxonomy":"category","embeddable":true,"href":"https:\/\/www.lintelligentdabidjan.info\/news\/wp-json\/wp\/v2\/categories?post=19138"},{"taxonomy":"post_tag","embeddable":true,"href":"https:\/\/www.lintelligentdabidjan.info\/news\/wp-json\/wp\/v2\/tags?post=19138"}],"curies":[{"name":"wp","href":"https:\/\/api.w.org\/{rel}","templated":true}]}}