{"id":1929,"date":"2016-12-15T12:30:14","date_gmt":"2016-12-15T11:30:14","guid":{"rendered":"http:\/\/www.lintelligentdabidjan.info\/news\/?p=1929"},"modified":"2016-12-15T12:30:14","modified_gmt":"2016-12-15T11:30:14","slug":"ibrahim-kamissoko-styliste-createur-en-matiere-de-couture-la-cote-divoire-est-mieux-placee-en-afrique","status":"publish","type":"post","link":"https:\/\/www.lintelligentdabidjan.info\/news\/ibrahim-kamissoko-styliste-createur-en-matiere-de-couture-la-cote-divoire-est-mieux-placee-en-afrique\/","title":{"rendered":"Ibrahim Kamissoko, styliste-cr\u00e9ateur : &#8220;En mati\u00e8re de couture, la C\u00f4te d\u2019Ivoire est mieux plac\u00e9e en Afrique&#8221;"},"content":{"rendered":"<p>Ibrahim Kamissoko est styliste-cr\u00e9ateur. Laur\u00e9at de plusieurs Prix tant en C\u00f4te d\u2019Ivoire qu\u2019en Afrique sur les concours de mode, il partage sa vision de la mode africaine et pense que la C\u00f4te d\u2019Ivoire est l\u2019un des meilleurs en mati\u00e8re de mode en Afrique. <!--more--><\/p>\n<p>Vous venez d\u2019effectuer une tourn\u00e9e africaine pour des comp\u00e9titions internationales. Peut-on savoir les diff\u00e9rents pays visit\u00e9s ?<br \/>\nJ\u2019ai fait deux d\u00e9fil\u00e9s au B\u00e9nin  o\u00f9 j\u2019ai particip\u00e9 \u00e0  IBELE 2016 du 07 au 10 septembre 2016 o\u00f9 j\u2019ai repr\u00e9sent\u00e9 la C\u00f4te d\u2019Ivoire. Je suis revenu avec un troph\u00e9e de m\u00e9rite que j\u2019ai pr\u00e9sent\u00e9 au minist\u00e8re de la Culture et de la Francophonie. Ensuite, j\u2019ai particip\u00e9 toujours au B\u00e9nin<br \/>\ndu 15 au 18 septembre \u00e0 la 11\u00e8me \u00e9dition du festival de la mode et de la musique qui est le SICAP (Salon  de promotion internationale de golden). Apr\u00e8s le B\u00e9nin, je me suis rendu au Ghana, au Togo et au Niger  pour d\u2019autres comp\u00e9titions.<\/p>\n<p>Au cours de ces diff\u00e9rentes comp\u00e9titions, qu\u2019avez-vous pr\u00e9sent\u00e9 ?<br \/>\nJe voudrais rappeler que je ne travaille plus sur les mod\u00e8les standards, mais sur les mod\u00e8les pr\u00eats \u00e0 porter et les mod\u00e8les de ville. C\u2019est \u00e0-dire les chemises qu\u2019on peut porter et qui sont vendables \u00e0 partir des pagnes africains et des pagnes de C\u00f4te d\u2019Ivoire. Je travaille aussi sur les pagnes traditionnels de C\u00f4te d\u2019Ivoire que l\u2019on conna\u00eet bien. Ce type de mod\u00e8le, vous pouvez l\u2019acheter lors du d\u00e9fil\u00e9 et l\u2019enfiler sur place. Parfois, je faisais  des mod\u00e8les bizarres en fonction des d\u00e9fil\u00e9s ou du th\u00e8me des d\u00e9fil\u00e9s. Donc, je pense que la mode en C\u00f4te d\u2019Ivoire a \u00e9volu\u00e9 depuis le MASA 2014.<br \/>\nAu d\u00e9fil\u00e9 du Sica, j\u2019ai pr\u00e9sent\u00e9 une collection-panth\u00e8re, un tissu \u00e9lastique que j\u2019ai pr\u00e9sent\u00e9 avec un design encore diff\u00e9rent des autres. Mais, je me suis bien d\u00e9marqu\u00e9 avec une autre  collection appel\u00e9e originale.<\/p>\n<p>Qu\u2019est-ce qui a fait la diff\u00e9rence entre vous et les autres stylistes africains?<br \/>\nEffectivement, nous \u00e9tions beaucoup de stylistes africains. Mais la diff\u00e9rence, c\u2019est au niveau de l\u2019exp\u00e9rience dans le travail. J\u2019ai plus de 20 ans d\u2019exercice dans ce m\u00e9tier. Mon exp\u00e9rience est diff\u00e9rente des autres. Ensuite, il y a la mani\u00e8re de travailler. En mati\u00e8re de couture dans la sous-r\u00e9gion Ouest-africaine et m\u00eame en Afrique, la C\u00f4te d\u2019 Ivoire est mieux plac\u00e9e, apr\u00e8s le Nig\u00e9ria et l\u2019Afrique du Sud. Nous sommes bien plac\u00e9s, raison pour laquelle nous, les stylistes et couturiers ivoiriens, lorsque nous allons \u00e0 l\u2019\u00e9tranger, on se d\u00e9marque facilement par le travail bien fait. Notre fa\u00e7on de travailler le design, les mod\u00e8les, c\u2019est tout cela qui fait la particularit\u00e9 d\u2019un Ivoirien dans une comp\u00e9tition. Je prends les cas B\u00e9ninois et Togolais. Ce qu\u2019ils pr\u00e9sentent souvent, ce sont des boubas, c\u2019est-\u00e0-dire des mod\u00e8les de chemises qui datent de 1900. Ils changent la couleur du pagne sinon c\u2019est le m\u00eame mod\u00e8le. En C\u00f4te d\u2019Ivoire, c\u2019est diversifi\u00e9, c&#8217;est-\u00e0-dire qu\u2019il y a la couture du Nord, du Sud, de l\u2019Est et de l\u2019Ouest. Et lorsque vous faites la combinaison de ces vari\u00e9t\u00e9s, cela donne une richesse qui est diff\u00e9rente des autres. Je pense que c\u2019est ce qui a fait que nous nous sommes d\u00e9marqu\u00e9s des couturiers des autres pays. Quand nous allons au B\u00e9nin, au Togo, au Mali, ect\u2026 on remarque toujours que notre travail est propre.<\/p>\n<p><strong>Vous voulez dire que la mode ivoirienne est bien vue \u00e0 l\u2019ext\u00e9rieur ?<\/strong><br \/>\nBien s\u00fbr, la mode ivoirienne est bien vue \u00e0 l\u2019ext\u00e9rieur. Lorsqu\u2019on aper\u00e7oit  un styliste-cr\u00e9ateur de C\u00f4te d\u2019Ivoire avec le design, et le style, il est vite identifi\u00e9, on sait que c\u2019est un Ivoirien, c\u2019est vous dire que la mode ivoirienne n\u2019a rien avoir avec les autres.<\/p>\n<p><strong>A la rencontre du GX au Niger \u00e0 laquelle vous avez particip\u00e9, il a \u00e9t\u00e9 question de l\u2019avenir des stylistes africains, de quoi s\u2019agit-il concr\u00e8tement?<\/strong><br \/>\nLa mode prend le dessus partout.  Mais en C\u00f4te d\u2019 Ivoire et en Afrique de fa\u00e7on g\u00e9n\u00e9rale, le styliste-cr\u00e9ateur n\u2019est pas bien vu. Pourtant en Europe, c\u2019est quelqu\u2019un de riche. Nous sommes fiers d\u2019\u00eatre des stylistes-cr\u00e9ateurs. Nous sommes un groupe de couturiers africains d\u00e9nomm\u00e9 GX. Nous avons cr\u00e9\u00e9 ce groupe pour r\u00e9fl\u00e9chir \u00e0 la probl\u00e9matique de la mode et de la couture en Afrique. C\u2019est l\u2019objectif de notre rencontre au Niger.<\/p>\n<p><strong>Qu\u2019est-ce qui fait qu\u2019en Afrique, le styliste n\u2019est pas bien vu ?<\/strong><br \/>\nLes Blancs ont une mentalit\u00e9 de d\u00e9veloppement. Lorsqu\u2019un Blanc d\u00e9couvre que vous avez des grandes qualit\u00e9s, il peut vous aider. Mais chez nous en Afrique, pour avoir un cr\u00e9dit \u00e0 la banque, c\u2019est tout un probl\u00e8me. Les Etats africains ne sont pas pr\u00eats \u00e0 investir dans ce domaine. Lorsqu\u2019un styliste africain quitte le continent pour s\u2019installer  en Europe, il a beaucoup de chances de r\u00e9ussir. C\u2019est compte tenu de toutes ces r\u00e9alit\u00e9s que nous avons d\u00e9cid\u00e9 de prendre notre destin en main pour r\u00e9fl\u00e9chir comment nous pouvons contribuer \u00e0 notre l\u2019\u00e9mergence et \u00e0 celui du continent africain.<\/p>\n<p><strong>Comment comptez-vous jouer votre r\u00f4le dans l\u2019\u00e9mergence de l\u2019Afrique ?<\/strong><br \/>\nJe travaille et je bouge beaucoup, c\u2019est pour mon pays, pour promouvoir \u00e0 mon humble niveau la mode ivoirienne et africaine. C\u2019est ma contribution \u00e0 l\u2019\u00e9mergence. Quand je sors, c\u2019est Ibrahim Kamissoko de la C\u00f4te d\u2019Ivoire, et non la personne IB. Mais, je voudrais faire des dol\u00e9ances \u00e0 l\u2019Etat et aux d\u00e9cideurs. On ne voit que les footballeurs. Mais je pense qu\u2019il y a d\u2019autres artistes que l\u2019on peut aider comme les cin\u00e9astes, les stylistes, les cr\u00e9ateurs. Nos gouvernants ne financent que le football. Mais faut-il reconna\u00eetre que ce n\u2019est pas seulement par le football qu\u2019on peut vendre son pays. Le th\u00e9\u00e2tre, les films, les d\u00e9fil\u00e9s etc\u2026 peuvent aussi faire vendre la C\u00f4te d\u2019Ivoire. Je souhaite que l\u2019Etat de C\u00f4te d\u2019Ivoire fasse un clin d\u2019\u0153il   aux artistes que nous sommes. C\u2019est vrai qu\u2019on nous classe dans la cat\u00e9gorie des artisans, mais je pense que nous pouvons devenir des industriels parce que dans chaque atelier de couture, c\u2019est au minimum 3 \u00e0 4 personnes qu\u2019on emploie. Il y en a d\u2019autres qui emploient 10 \u00e0 15. Je crois que si nous avons un appui, cela peut aider \u00e0 r\u00e9duire le ch\u00f4mage, et peut aider \u00e0 diminuer le ph\u00e9nom\u00e8ne des \u2018\u2019Microbes\u2019\u2019. Ce n\u2019est pas seulement \u00e0 l\u2019\u00e9cole que l\u2019homme peut r\u00e9ussir et ce n\u2019est pas non plus les derniers de la classe qui viennent \u00e0 la couture. Il y a des meilleurs de classe, mais souvent pour des difficult\u00e9s financi\u00e8res, beaucoup ont abandonn\u00e9 pour se retrouver dans la couture.<\/p>\n<p>Ernest Famin<\/p>\n","protected":false},"excerpt":{"rendered":"<p>Ibrahim Kamissoko est styliste-cr\u00e9ateur. Laur\u00e9at de plusieurs Prix tant en C\u00f4te d\u2019Ivoire qu\u2019en Afrique sur les concours de mode, il partage sa vision de la mode africaine et pense que la C\u00f4te d\u2019Ivoire est l\u2019un des meilleurs en mati\u00e8re de mode en Afrique.<\/p>\n","protected":false},"author":2,"featured_media":0,"comment_status":"closed","ping_status":"closed","sticky":false,"template":"","format":"standard","meta":{"_monsterinsights_skip_tracking":false,"_monsterinsights_sitenote_active":false,"_monsterinsights_sitenote_note":"","_monsterinsights_sitenote_category":0,"footnotes":""},"categories":[1,20],"tags":[],"class_list":["post-1929","post","type-post","status-publish","format-standard","hentry","category-actualites","category-art-et-culture"],"_links":{"self":[{"href":"https:\/\/www.lintelligentdabidjan.info\/news\/wp-json\/wp\/v2\/posts\/1929","targetHints":{"allow":["GET"]}}],"collection":[{"href":"https:\/\/www.lintelligentdabidjan.info\/news\/wp-json\/wp\/v2\/posts"}],"about":[{"href":"https:\/\/www.lintelligentdabidjan.info\/news\/wp-json\/wp\/v2\/types\/post"}],"author":[{"embeddable":true,"href":"https:\/\/www.lintelligentdabidjan.info\/news\/wp-json\/wp\/v2\/users\/2"}],"replies":[{"embeddable":true,"href":"https:\/\/www.lintelligentdabidjan.info\/news\/wp-json\/wp\/v2\/comments?post=1929"}],"version-history":[{"count":1,"href":"https:\/\/www.lintelligentdabidjan.info\/news\/wp-json\/wp\/v2\/posts\/1929\/revisions"}],"predecessor-version":[{"id":1931,"href":"https:\/\/www.lintelligentdabidjan.info\/news\/wp-json\/wp\/v2\/posts\/1929\/revisions\/1931"}],"wp:attachment":[{"href":"https:\/\/www.lintelligentdabidjan.info\/news\/wp-json\/wp\/v2\/media?parent=1929"}],"wp:term":[{"taxonomy":"category","embeddable":true,"href":"https:\/\/www.lintelligentdabidjan.info\/news\/wp-json\/wp\/v2\/categories?post=1929"},{"taxonomy":"post_tag","embeddable":true,"href":"https:\/\/www.lintelligentdabidjan.info\/news\/wp-json\/wp\/v2\/tags?post=1929"}],"curies":[{"name":"wp","href":"https:\/\/api.w.org\/{rel}","templated":true}]}}