{"id":19301,"date":"2020-02-19T22:50:31","date_gmt":"2020-02-19T21:50:31","guid":{"rendered":"https:\/\/www.lintelligentdabidjan.info\/news\/?p=19301"},"modified":"2020-02-20T01:08:28","modified_gmt":"2020-02-20T00:08:28","slug":"chasser-ouattara-par-la-guerre-propos-extremement-graves-procureur-saisit-sidi-tourecote-divoire","status":"publish","type":"post","link":"https:\/\/www.lintelligentdabidjan.info\/news\/chasser-ouattara-par-la-guerre-propos-extremement-graves-procureur-saisit-sidi-tourecote-divoire\/","title":{"rendered":"Chasser Ouattara par la guerre : propos extr\u00eamement graves, procureur saisi (Sidi Tour\u00e9,C\u00f4te d\u2019Ivoire)"},"content":{"rendered":"<p><em><strong>R\u00e9pondant \u00e0 l\u2019issue du conseil des ministres du 19 f\u00e9vrier 2020 \u00e0 une pr\u00e9occupation relative au pro-Soro qui avait appel\u00e9 \u00e0 la guerre pour faire partir le pr\u00e9sident Alassane Ouattara du pouvoir lors d\u2019un meeting de l\u2019opposition en France le samedi 15 f\u00e9vrier 2020 , le porte-parole du gouvernement  Sidi Tour\u00e9 a annonc\u00e9 que le Procureur de la R\u00e9publique a \u00e9t\u00e9 saisi.<\/strong><\/em><\/p>\n<p>\u00ab Relativement \u00e0 cette manifestation, nous avons tous entendu des propos extr\u00eamement graves qui n\u2019honorent pas leur auteurs. J\u2019aimerais vous dire que le procureur a \u00e9t\u00e9 saisi en la mani\u00e8re,  et inviter les diff\u00e9rents politiciens \u00e0 privil\u00e9gier la force des arguments et non l\u2019argument de la force. <\/p>\n<p>Je pense  que ceci est un code de conduite que nous devons tous observer, tous politiques autant que nous sommes, dans cette p\u00e9riode aussi sensible. En tout \u00e9tat de cause, le procureur a \u00e9t\u00e9 saisi en la mati\u00e8re \u00bb. <\/p>\n<p><strong>EF<\/strong><\/p>\n","protected":false},"excerpt":{"rendered":"<p>R\u00e9pondant \u00e0 l\u2019issue du conseil des ministres du 19 f\u00e9vrier 2020 \u00e0 une pr\u00e9occupation relative au pro-Soro qui avait appel\u00e9 \u00e0 la guerre pour faire partir le pr\u00e9sident Alassane Ouattara du pouvoir lors d\u2019un meeting de l\u2019opposition en France le samedi 15 f\u00e9vrier 2020 , le porte-parole du gouvernement Sidi Tour\u00e9 a annonc\u00e9 que le [&hellip;]<\/p>\n","protected":false},"author":3,"featured_media":19302,"comment_status":"closed","ping_status":"closed","sticky":false,"template":"","format":"standard","meta":{"_monsterinsights_skip_tracking":false,"_monsterinsights_sitenote_active":false,"_monsterinsights_sitenote_note":"","_monsterinsights_sitenote_category":0,"footnotes":""},"categories":[2,17],"tags":[],"class_list":["post-19301","post","type-post","status-publish","format-standard","has-post-thumbnail","hentry","category-featured","category-politique"],"_links":{"self":[{"href":"https:\/\/www.lintelligentdabidjan.info\/news\/wp-json\/wp\/v2\/posts\/19301","targetHints":{"allow":["GET"]}}],"collection":[{"href":"https:\/\/www.lintelligentdabidjan.info\/news\/wp-json\/wp\/v2\/posts"}],"about":[{"href":"https:\/\/www.lintelligentdabidjan.info\/news\/wp-json\/wp\/v2\/types\/post"}],"author":[{"embeddable":true,"href":"https:\/\/www.lintelligentdabidjan.info\/news\/wp-json\/wp\/v2\/users\/3"}],"replies":[{"embeddable":true,"href":"https:\/\/www.lintelligentdabidjan.info\/news\/wp-json\/wp\/v2\/comments?post=19301"}],"version-history":[{"count":2,"href":"https:\/\/www.lintelligentdabidjan.info\/news\/wp-json\/wp\/v2\/posts\/19301\/revisions"}],"predecessor-version":[{"id":19333,"href":"https:\/\/www.lintelligentdabidjan.info\/news\/wp-json\/wp\/v2\/posts\/19301\/revisions\/19333"}],"wp:featuredmedia":[{"embeddable":true,"href":"https:\/\/www.lintelligentdabidjan.info\/news\/wp-json\/wp\/v2\/media\/19302"}],"wp:attachment":[{"href":"https:\/\/www.lintelligentdabidjan.info\/news\/wp-json\/wp\/v2\/media?parent=19301"}],"wp:term":[{"taxonomy":"category","embeddable":true,"href":"https:\/\/www.lintelligentdabidjan.info\/news\/wp-json\/wp\/v2\/categories?post=19301"},{"taxonomy":"post_tag","embeddable":true,"href":"https:\/\/www.lintelligentdabidjan.info\/news\/wp-json\/wp\/v2\/tags?post=19301"}],"curies":[{"name":"wp","href":"https:\/\/api.w.org\/{rel}","templated":true}]}}