{"id":19484,"date":"2020-02-28T00:57:03","date_gmt":"2020-02-27T23:57:03","guid":{"rendered":"https:\/\/www.lintelligentdabidjan.info\/news\/?p=19484"},"modified":"2020-02-28T00:57:13","modified_gmt":"2020-02-27T23:57:13","slug":"les-rencontres-dabidjan-amadou-gon-coulibaly-premier-ministre-les-villes-daujourdhui-et-de-demain-doivent-integrer-des-parametres-novateurs","status":"publish","type":"post","link":"https:\/\/www.lintelligentdabidjan.info\/news\/les-rencontres-dabidjan-amadou-gon-coulibaly-premier-ministre-les-villes-daujourdhui-et-de-demain-doivent-integrer-des-parametres-novateurs\/","title":{"rendered":"Les  Rencontres d\u2019Abidjan &#8211;  Amadou Gon Coulibaly (Premier ministre) : \u201cLes villes d\u2019aujourd\u2019hui et de demain doivent int\u00e9grer des param\u00e8tres novateurs\u201d"},"content":{"rendered":"<p><em><strong>Le Premier ministre, chef  du Gouvernement, Amadou Gon Coulibaly a  pr\u00e9sid\u00e9, le jeudi 27 f\u00e9vrier 2020  au Sofitel H\u00f4tel Ivoire \u00e0   la  c\u00e9r\u00e9monie inaugurale des &#8220;Rencontres d\u2019Abidjan  sur les villes Durables&#8221;. <\/strong> <\/em><br \/>\n\u2018\u2019Les Rencontres d\u2019Abidjan  sur les villes Durables\u2019\u2019  est un \u00e9v\u00e9nement pr\u00e9paratoire  au Sommet Afrique-France 2020 pr\u00e9vu  en juin  \u00e0 Bordeaux.   Ce pr\u00e9-sommet, qui a rassembl\u00e9 plus  de 20 pays  de l\u2019Afrique Francophone    entend   durant  deux jours  de r\u00e9flexions proposer  des  r\u00e9ponses innovantes en faveur  du d\u00e9veloppement de territoires durables, de villes durables. En clair,   ces assises  devront  permettre essentiellement aux \u00c9tats francophones d\u2019Afrique d\u2019harmoniser leurs points de vue, avis et suggestions dans la perspective du 28e Sommet Afrique-France pr\u00e9vu du 04 au 06 juin 2020 \u00e0 Bordeaux. Elles permettront de d\u00e9finir la ville durable, en donner les caract\u00e9ristiques, relever ses crit\u00e8res et exigences, et indiquer ses retomb\u00e9es pour les populations citadines. <\/p>\n<p>Dressant un tableau  actuel de la d\u00e9mographie  mondiale, le Premier Ministre  a indiqu\u00e9 qu\u2019en 2018,  4,2 milliards de personnes de la population mondiale vivaient  en ville.  Dans cette perspective, en 2050,  le nombre de citadins   dans le monde pourrait atteindre 6,5 milliards  dont plus d\u2019un milliard  en Afrique.<br \/>\n\u00abLe continent africain compte \u00e0 ce jour environ 90 villes de plus de 1 million d\u2019habitants, contre 3 seulement en 1950, repr\u00e9sentant environ 500 millions de citadins. Ce tableau \u00e0 lui seul nous interpelle d\u00e9sormais sur notre approche de la ville et des personnes qui vivent en ville, en tant que gouvernants \u00bb, a soutenu  le chef  du Gouvernement. Et d\u2019ajouter : \u00ab Le droit \u00e0 un environnement sain est une composante essentielle des droits de l\u2019homme. Chacun a droit \u00e0 un cadre de vie d\u00e9cent, compatible avec la dignit\u00e9 humaine. \u00c0 l\u2019\u00e9chelle des \u00c9tats et des pouvoirs locaux, nous devons faire en sorte que ce droit, au-del\u00e0 de sa simple proclamation, soit une promesse tenue. D\u2019abord, par une planification et un am\u00e9nagement rationnels de l\u2019habitat, qui r\u00e9pondent aux normes de s\u00e9curit\u00e9 et de suret\u00e9 publique. Ensuite, par la facilitation de l\u2019acc\u00e8s aux services sociaux de base : logement, eau, assainissement, \u00e9lectricit\u00e9, \u00e9ducation et sant\u00e9. Enfin, par la conciliation des fonctionnalit\u00e9s productives et r\u00e9sidentielles de la cit\u00e9. Autant d\u2019enjeux qui font que la gestion des villes d\u2019aujourd\u2019hui et de demain doit n\u00e9cessairement int\u00e9grer des param\u00e8tres novateurs, pour des r\u00e9ponses intelligentes et durables aux probl\u00e9matiques urbaines. On per\u00e7oit alors les efforts \u00e9normes que nous devons d\u00e9ployer pour atteindre la durabilit\u00e9 tant souhait\u00e9e dans nos villes \u00bb. Pour  Amadou Gon, les Rencontres d\u2019Abidjan  devront  proposer des r\u00e9ponses pour transformation des villes.  \u00ab C\u2019est \u00e0 cette ambition que r\u00e9pondent les Rencontres d\u2019Abidjan et le sommet de Afrique France de bordeaux ( \u2026) assur\u00e9ment, Abidjan et Bordeaux donnent l\u2019\u00e9lan de la course engag\u00e9e vers la recherche de solutions dans la droite ligne de l\u2019objectif de d\u00e9veloppement durable n\u00b011 qui invite \u00e0 faire en sorte que les villes et les \u00e9tablissements humains soient ouverts \u00e0 tous, surs, r\u00e9silients et durables. Sous ce rapport, les rencontres d\u2019Abidjan font partie des forums pr\u00e9paratoires entre partenaires fran\u00e7ais et africains afin de tirer meilleur parti, ou \u00e0 la \u00ab cit\u00e9 des solutions \u00bb, seront r\u00e9unis en un m\u00eame espace, des porteurs, des industriels, des d\u00e9cideurs, des b\u00e9n\u00e9ficiaires et des financeurs (\u2026) Je fonde l\u2019espoir que des travaux d\u2019Abidjan, sortiront des r\u00e9ponses innovantes et durables, pour la transformation des villes en g\u00e9n\u00e9ral, et de notre continent, soumis aux m\u00eames bouleversements, notamment climatiques, immigration clandestine, terrorisme, en d\u00e9pit de la croissance actuelle de notre continent \u00bb, a souhait\u00e9 le patron  du gouvernement ivoirien.<\/p>\n<p><strong><br \/>\nJulien Denormandie : \u00ab  Le   sommet Afrique- France   sera un  sommet non  pas de la d\u00e9claration mais de l\u2019action \u00bb<\/strong><\/p>\n<p>\u00c0 Abidjan, dans le cadre de ses  Rencontres  le Ministre fran\u00e7ais  aupr\u00e8s de la ministre de la Coh\u00e9sion des territoires et des Relations avec les collectivit\u00e9s territoriales, charg\u00e9 de la Ville et du Logement, Julien Denormandie a soulign\u00e9  que ces  rencontres d\u2019Abidjan  constituent un pr\u00e9-sommet pertinent  sur  la  ville durable. \u00ab  Ces Rencontres d\u2019Abidjan sont une  sorte de Pr\u00e9-sommet, de pr\u00e9paration  du  Sommet Afrique- France  qui  va se tenir \u00e0 Bordeaux  en juin 2020. Un  sommet pertinent, un sommet avec des  r\u00e9sultats, un sommet avec du  concret,  un sommet  des projets.  Ce  sommet  sera un  sommet non  pas de la d\u00e9claration mais de l\u2019action. Comment  on change la vie des hommes  en travaillant sur la ville  durable. Ces rencontres d\u2019Abidjan sont donc utiles. La question de la  ville durable est essentielle parce que nous l\u2019a partageons tous. Nous partageons  ce destin en commun. Faire  la ville, c\u2019est faire  la soci\u00e9t\u00e9 \u00bb, a expliqu\u00e9  le Julien Denormandie.<br \/>\n<strong><br \/>\nAmichia Fran\u00e7ois : \u00abLe sujet de la ville durable, concentre de nombreuses attentions \u00bb<\/strong><\/p>\n<p>Pour sa part, le ministre Amichia Fran\u00e7ois a indiqu\u00e9 que  Les  Rencontres d\u2019Abidjan sont un   engagement continental pour la transformation concert\u00e9e de nos cit\u00e9s urbaines.  \u00ab Les Rencontres d\u2019Abidjan sur les villes durables africaines qui voient la participation de plus d\u2019une vingtaine de pays africains, se donnent  \u00e0 voir comme un engagement continental pour la transformation concert\u00e9e de nos cit\u00e9s urbaines, d\u00e9sireuses de compter parmi les mod\u00e8les de territoires sensibles aux mutations de notre monde. Le sujet de la ville durable, concentre de nombreuses attentions, de par les d\u00e9fis et les opportunit\u00e9s qu\u2019il repr\u00e9sente ; ce qui est particuli\u00e8rement r\u00e9v\u00e9l\u00e9 pour les villes africaines qui connaissent une croissance urbaine deux fois sup\u00e9rieure \u00e0 ce qu\u2019a connue  l\u2019Europe dans l\u2019histoire de son urbanisation. Le continent africain compte aujourd\u2019hui autour de 90 villes de plus de 1 million d\u2019habitants, contre 3 seulement en 1950, repr\u00e9sentant environ 500 millions de citadins \u00bb, a d\u00e9taill\u00e9 le ministre de la Ville.  Et de poursuivre : \u00ab C\u2019est en cela que je consid\u00e8re que le Sommet Afrique France 2020 sur la ville durable est une formidable opportunit\u00e9. Mais le Sommet du mois de juin ne doit pas \u00eatre per\u00e7u comme une fin en soi, mais bien comme le d\u00e9but d\u2019une dynamique nouvelle sur les questions de la ville durable, dont nous sommes tous les acteurs, de par nos responsabilit\u00e9s respectives, mais aussi car nous sommes pour la majorit\u00e9 d\u2019entre nous des citadins qui vivons dans les villes qui nous abritent. Ces rencontres de la Ville Durable qui nous r\u00e9unissent ce jour sont ainsi une pierre mise \u00e0 l\u2019\u00e9difice de ce que nous devons b\u00e2tir ensemble pour accompagner les villes de demain. Construire une vision inclusive dans le cadre du renouvellement et du continuum urbain devenu un d\u00e9fi partag\u00e9, un challenge non n\u00e9gociable, car \u00e9tant l\u2019aspiration l\u00e9gitime des urbains, c&#8217;est-\u00e0-dire celle de plus de la moiti\u00e9 de la population mondiale \u00bb. \u00c9voquant la question  du  sommet Afrique-France,  Amichia Fran\u00e7ois  a pr\u00e9cis\u00e9 qu\u2019il s\u2019agira pour l\u2019Afrique d\u2019apporter ses solutions  pour une ville durable. \u00ab  Nous allons \u00e0 Bordeaux pour apporter  ce que nous savons faire .  Il s\u2019agit  de parler  d\u2019une  seule voix \u00e0 Bordeaux. Ce sera donc  le rendez-vous  du donner  et du recevoir. Nous n\u2019irons pas  la main vide \u00bb, a-t-il  insist\u00e9.<br \/>\nLes Rencontres d\u2019Abidjan  s\u2019ach\u00e8vent  le 28 f\u00e9vrier 2020  par une d\u00e9claration d\u2019Abidjan.<br \/>\n<strong><br \/>\nAnge Kouadio<\/strong><\/p>\n","protected":false},"excerpt":{"rendered":"<p>Le Premier ministre, chef du Gouvernement, Amadou Gon Coulibaly a pr\u00e9sid\u00e9, le jeudi 27 f\u00e9vrier 2020 au Sofitel H\u00f4tel Ivoire \u00e0 la c\u00e9r\u00e9monie inaugurale des &#8220;Rencontres d\u2019Abidjan sur les villes Durables&#8221;. \u2018\u2019Les Rencontres d\u2019Abidjan sur les villes Durables\u2019\u2019 est un \u00e9v\u00e9nement pr\u00e9paratoire au Sommet Afrique-France 2020 pr\u00e9vu en juin \u00e0 Bordeaux. Ce pr\u00e9-sommet, qui a [&hellip;]<\/p>\n","protected":false},"author":3,"featured_media":19485,"comment_status":"closed","ping_status":"closed","sticky":false,"template":"","format":"standard","meta":{"_monsterinsights_skip_tracking":false,"_monsterinsights_sitenote_active":false,"_monsterinsights_sitenote_note":"","_monsterinsights_sitenote_category":0,"footnotes":""},"categories":[2,3],"tags":[],"class_list":["post-19484","post","type-post","status-publish","format-standard","has-post-thumbnail","hentry","category-featured","category-societe"],"_links":{"self":[{"href":"https:\/\/www.lintelligentdabidjan.info\/news\/wp-json\/wp\/v2\/posts\/19484","targetHints":{"allow":["GET"]}}],"collection":[{"href":"https:\/\/www.lintelligentdabidjan.info\/news\/wp-json\/wp\/v2\/posts"}],"about":[{"href":"https:\/\/www.lintelligentdabidjan.info\/news\/wp-json\/wp\/v2\/types\/post"}],"author":[{"embeddable":true,"href":"https:\/\/www.lintelligentdabidjan.info\/news\/wp-json\/wp\/v2\/users\/3"}],"replies":[{"embeddable":true,"href":"https:\/\/www.lintelligentdabidjan.info\/news\/wp-json\/wp\/v2\/comments?post=19484"}],"version-history":[{"count":1,"href":"https:\/\/www.lintelligentdabidjan.info\/news\/wp-json\/wp\/v2\/posts\/19484\/revisions"}],"predecessor-version":[{"id":19486,"href":"https:\/\/www.lintelligentdabidjan.info\/news\/wp-json\/wp\/v2\/posts\/19484\/revisions\/19486"}],"wp:featuredmedia":[{"embeddable":true,"href":"https:\/\/www.lintelligentdabidjan.info\/news\/wp-json\/wp\/v2\/media\/19485"}],"wp:attachment":[{"href":"https:\/\/www.lintelligentdabidjan.info\/news\/wp-json\/wp\/v2\/media?parent=19484"}],"wp:term":[{"taxonomy":"category","embeddable":true,"href":"https:\/\/www.lintelligentdabidjan.info\/news\/wp-json\/wp\/v2\/categories?post=19484"},{"taxonomy":"post_tag","embeddable":true,"href":"https:\/\/www.lintelligentdabidjan.info\/news\/wp-json\/wp\/v2\/tags?post=19484"}],"curies":[{"name":"wp","href":"https:\/\/api.w.org\/{rel}","templated":true}]}}