{"id":19546,"date":"2020-03-02T23:54:05","date_gmt":"2020-03-02T22:54:05","guid":{"rendered":"https:\/\/www.lintelligentdabidjan.info\/news\/?p=19546"},"modified":"2020-03-02T23:54:26","modified_gmt":"2020-03-02T22:54:26","slug":"abdul-kader-cisse-president-de-la-junci-le-rhdp-est-une-chance-pour-la-cote-divoire","status":"publish","type":"post","link":"https:\/\/www.lintelligentdabidjan.info\/news\/abdul-kader-cisse-president-de-la-junci-le-rhdp-est-une-chance-pour-la-cote-divoire\/","title":{"rendered":"Abdul Kader Ciss\u00e9 pr\u00e9sident de la JUNCI : \u201cLe RHDP est une chance pour la C\u00f4te d\u2019Ivoire\u201d"},"content":{"rendered":"<p><em><strong>Dans un entretien,  le pr\u00e9sident de la jeunesse unie de la nouvelle C\u00f4te d\u2019Ivoire (JUNCI) Abdul Kader Ciss\u00e9 a dress\u00e9 le bilan de la rentr\u00e9e politique de son mouvement qui a eu lieu samedi 22 f\u00e9vrier 2020. <\/strong><\/em><\/p>\n<p>Kader Ciss\u00e9 a exprim\u00e9 sa gratitude aux jeunes pour la mobilisation.  \u00ab Nous avons \u00e9t\u00e9 bien heureux de constater que la mobilisation \u00e9tait au-del\u00e0 de nos esp\u00e9rances, car la salle de 4000 places a refus\u00e9 du monde. Merci \u00e0 tous. Je remercie \u00e9galement les autorit\u00e9s ivoiriennes qui nous ont soutenus, d\u00e9montrant ainsi \u00e0 la face du monde que la JUNCI compte d\u00e9sormais sur l\u2019\u00e9chiquier politique de notre pays \u00bb, a-t-il d\u00e9clar\u00e9. Avant d\u2019annoncer que le mouvement  va se d\u00e9ployer sur toute l\u2019\u00e9tendue du territoire \u00e0 travers des meetings, pour partager sa vison avec les populations de l\u2019int\u00e9rieur du pays, mais surtout soutenir la politique du Gouvernement et expliquer pourquoi le RHDP est la solution pour une C\u00f4te d\u2019Ivoire apais\u00e9e et tourn\u00e9e r\u00e9solument vers le d\u00e9veloppement. \u00ab Dans les prochains jours, nous serons \u00e0 nouveau \u00e0 Paris mais cette fois pour dire \u00e0 nos fr\u00e8res de la Diaspora et au monde entier que la C\u00f4te d\u2019Ivoire se porte bien \u00bb.  Pour la victoire du Rhdp \u00e0 la pr\u00e9sidentielle de 2020, il a dit :  \u00ab Nous demandons \u00e0 tous les jeunes de notre pays d\u2019aller d\u00e9j\u00e0 se faire enr\u00f4ler en vue d\u2019obtenir une Carte Nationale d\u2019Identit\u00e9, Car la CNI est un \u00e9l\u00e9ment indispensable \u00e0 tous ceux qui voudront s\u2019acquitter de ce devoir citoyen qu\u2019est le vote. Nous demandons \u00e9galement \u00e0 la Jeunesse ivoirienne, que nous savons responsable, de revisiter l\u2019histoire de la C\u00f4te d\u2019Ivoire pour se rendre compte le RHDP a accompli en si peu de temps, des prouesses sur le plan social, \u00e9conomique et infrastructurel que certains, avant lui, n\u2019ont pas pu r\u00e9aliser. Le RHDP est une chance pour la C\u00f4te d\u2019Ivoire, il faut le soutenir et travailler pour le maintenir le plus longtemps possible aux destin\u00e9s de notre pays.<\/p>\n<p><strong>T.A.B avec KN (Sercom)<\/strong><\/p>\n","protected":false},"excerpt":{"rendered":"<p>Dans un entretien, le pr\u00e9sident de la jeunesse unie de la nouvelle C\u00f4te d\u2019Ivoire (JUNCI) Abdul Kader Ciss\u00e9 a dress\u00e9 le bilan de la rentr\u00e9e politique de son mouvement qui a eu lieu samedi 22 f\u00e9vrier 2020. Kader Ciss\u00e9 a exprim\u00e9 sa gratitude aux jeunes pour la mobilisation. \u00ab Nous avons \u00e9t\u00e9 bien heureux de [&hellip;]<\/p>\n","protected":false},"author":3,"featured_media":19547,"comment_status":"closed","ping_status":"closed","sticky":false,"template":"","format":"standard","meta":{"_monsterinsights_skip_tracking":false,"_monsterinsights_sitenote_active":false,"_monsterinsights_sitenote_note":"","_monsterinsights_sitenote_category":0,"footnotes":""},"categories":[2,17],"tags":[],"class_list":["post-19546","post","type-post","status-publish","format-standard","has-post-thumbnail","hentry","category-featured","category-politique"],"_links":{"self":[{"href":"https:\/\/www.lintelligentdabidjan.info\/news\/wp-json\/wp\/v2\/posts\/19546","targetHints":{"allow":["GET"]}}],"collection":[{"href":"https:\/\/www.lintelligentdabidjan.info\/news\/wp-json\/wp\/v2\/posts"}],"about":[{"href":"https:\/\/www.lintelligentdabidjan.info\/news\/wp-json\/wp\/v2\/types\/post"}],"author":[{"embeddable":true,"href":"https:\/\/www.lintelligentdabidjan.info\/news\/wp-json\/wp\/v2\/users\/3"}],"replies":[{"embeddable":true,"href":"https:\/\/www.lintelligentdabidjan.info\/news\/wp-json\/wp\/v2\/comments?post=19546"}],"version-history":[{"count":1,"href":"https:\/\/www.lintelligentdabidjan.info\/news\/wp-json\/wp\/v2\/posts\/19546\/revisions"}],"predecessor-version":[{"id":19548,"href":"https:\/\/www.lintelligentdabidjan.info\/news\/wp-json\/wp\/v2\/posts\/19546\/revisions\/19548"}],"wp:featuredmedia":[{"embeddable":true,"href":"https:\/\/www.lintelligentdabidjan.info\/news\/wp-json\/wp\/v2\/media\/19547"}],"wp:attachment":[{"href":"https:\/\/www.lintelligentdabidjan.info\/news\/wp-json\/wp\/v2\/media?parent=19546"}],"wp:term":[{"taxonomy":"category","embeddable":true,"href":"https:\/\/www.lintelligentdabidjan.info\/news\/wp-json\/wp\/v2\/categories?post=19546"},{"taxonomy":"post_tag","embeddable":true,"href":"https:\/\/www.lintelligentdabidjan.info\/news\/wp-json\/wp\/v2\/tags?post=19546"}],"curies":[{"name":"wp","href":"https:\/\/api.w.org\/{rel}","templated":true}]}}