{"id":1955,"date":"2016-12-16T12:13:57","date_gmt":"2016-12-16T11:13:57","guid":{"rendered":"http:\/\/www.lintelligentdabidjan.info\/news\/?p=1955"},"modified":"2016-12-16T12:13:57","modified_gmt":"2016-12-16T11:13:57","slug":"unjci-traore-moussa-veut-gater-les-enfants-des-journalistes","status":"publish","type":"post","link":"https:\/\/www.lintelligentdabidjan.info\/news\/unjci-traore-moussa-veut-gater-les-enfants-des-journalistes\/","title":{"rendered":"Unjci : Traor\u00e9 Moussa veut &#8220;gater&#8221; les enfants des journalistes"},"content":{"rendered":"<p>La petite f\u00eate de no\u00ebl \u00e0 l\u2019honneur aux enfants des hommes de m\u00e9dias, d\u00e9nomm\u00e9e \u00ab l\u2019Arbre de No\u00ebl pour les enfants de journalistes \u00bb sera une fois renouvel\u00e9e cette ann\u00e9e 2016. <!--more--><\/p>\n<p>Apr\u00e8s le succ\u00e8s qu\u2019a connu les \u00e9ditions pr\u00e9c\u00e9dentes, le pr\u00e9sident de l\u2019Union nationale des journalistes de C\u00f4te d\u2019Ivoire (Unjci), Traor\u00e9 Moussa (MT) veut r\u00e9\u00e9diter cet exploit, cette ann\u00e9e.<br \/>\nMT veut ainsi \u2018\u2019gater\u2019\u2019 les enfants des journalistes, \u00e0 travers une belle f\u00eate le jeudi 22 d\u00e9cembre 2016 \u00e0 partir de 9 heures, dans les jardins de la Maison de la Presse d\u2019Abidjan (MPA) au Plateau. A travers le communiqu\u00e9 dont nous avons re\u00e7u copie, le jeudi 15 d\u00e9cembre 2016, le Pr\u00e9sident du Conseil ex\u00e9cutif de l\u2019Unjci informe les journalistes de l\u2019Union qu\u2019il organisera, le jeudi 22 d\u00e9cembre 2016, \u00ab l\u2019Arbre de No\u00ebl pour les enfants de journalistes \u00bb. Ce communiqu\u00e9 pr\u00e9cise que seuls les journalistes \u00e0 jour de leurs cotisations, c\u2019est \u00e0 dire d\u00e9tenteurs de la carte Unjci 2016 sont concern\u00e9s par cette f\u00eate. Ils sont donc pri\u00e9s d\u2019inscrire un enfant, dont l\u2019\u00e2ge est compris entre 4 et 9 ans au secr\u00e9tariat de l\u2019Unjci, \u00e0 la Maison de la Presse d\u2019Abidjan (MPA), \u00e0 partir du jeudi 15 jusqu\u2019au mardi 20 d\u00e9cembre 2016, d\u00e9lai de rigueur. Le communiqu\u00e9 mentionne qu\u2019il faut pr\u00e9ciser le nom et les pr\u00e9noms, l\u2019\u00e2ge et le sexe de l\u2019enfant. Notons que le communiqu\u00e9 est sign\u00e9 de Traor\u00e9 Moussa, Pr\u00e9sident de l\u2019Unjci.<\/p>\n<p>ROK<\/p>\n","protected":false},"excerpt":{"rendered":"<p>La petite f\u00eate de no\u00ebl \u00e0 l\u2019honneur aux enfants des hommes de m\u00e9dias, d\u00e9nomm\u00e9e \u00ab l\u2019Arbre de No\u00ebl pour les enfants de journalistes \u00bb sera une fois renouvel\u00e9e cette ann\u00e9e 2016.<\/p>\n","protected":false},"author":2,"featured_media":1956,"comment_status":"closed","ping_status":"closed","sticky":false,"template":"","format":"standard","meta":{"_monsterinsights_skip_tracking":false,"_monsterinsights_sitenote_active":false,"_monsterinsights_sitenote_note":"","_monsterinsights_sitenote_category":0,"footnotes":""},"categories":[17,3],"tags":[],"class_list":["post-1955","post","type-post","status-publish","format-standard","has-post-thumbnail","hentry","category-politique","category-societe"],"_links":{"self":[{"href":"https:\/\/www.lintelligentdabidjan.info\/news\/wp-json\/wp\/v2\/posts\/1955","targetHints":{"allow":["GET"]}}],"collection":[{"href":"https:\/\/www.lintelligentdabidjan.info\/news\/wp-json\/wp\/v2\/posts"}],"about":[{"href":"https:\/\/www.lintelligentdabidjan.info\/news\/wp-json\/wp\/v2\/types\/post"}],"author":[{"embeddable":true,"href":"https:\/\/www.lintelligentdabidjan.info\/news\/wp-json\/wp\/v2\/users\/2"}],"replies":[{"embeddable":true,"href":"https:\/\/www.lintelligentdabidjan.info\/news\/wp-json\/wp\/v2\/comments?post=1955"}],"version-history":[{"count":1,"href":"https:\/\/www.lintelligentdabidjan.info\/news\/wp-json\/wp\/v2\/posts\/1955\/revisions"}],"predecessor-version":[{"id":1957,"href":"https:\/\/www.lintelligentdabidjan.info\/news\/wp-json\/wp\/v2\/posts\/1955\/revisions\/1957"}],"wp:featuredmedia":[{"embeddable":true,"href":"https:\/\/www.lintelligentdabidjan.info\/news\/wp-json\/wp\/v2\/media\/1956"}],"wp:attachment":[{"href":"https:\/\/www.lintelligentdabidjan.info\/news\/wp-json\/wp\/v2\/media?parent=1955"}],"wp:term":[{"taxonomy":"category","embeddable":true,"href":"https:\/\/www.lintelligentdabidjan.info\/news\/wp-json\/wp\/v2\/categories?post=1955"},{"taxonomy":"post_tag","embeddable":true,"href":"https:\/\/www.lintelligentdabidjan.info\/news\/wp-json\/wp\/v2\/tags?post=1955"}],"curies":[{"name":"wp","href":"https:\/\/api.w.org\/{rel}","templated":true}]}}