{"id":1972,"date":"2016-12-21T10:02:55","date_gmt":"2016-12-21T09:02:55","guid":{"rendered":"http:\/\/www.lintelligentdabidjan.info\/news\/?p=1972"},"modified":"2016-12-21T10:02:55","modified_gmt":"2016-12-21T09:02:55","slug":"fete-de-la-lumiere-la-6eme-edition-sous-le-signe-des-jeux-de-la-francophonie","status":"publish","type":"post","link":"https:\/\/www.lintelligentdabidjan.info\/news\/fete-de-la-lumiere-la-6eme-edition-sous-le-signe-des-jeux-de-la-francophonie\/","title":{"rendered":"F\u00eate de la lumi\u00e8re : La 6\u00e8me \u00e9dition sous le signe des jeux de la Francophonie"},"content":{"rendered":"<p>La 6\u00e8me \u00e9dition d\u2019Abidjan, perle de lumi\u00e8res a \u00e9t\u00e9 lanc\u00e9e officiellement le lundi 19 d\u00e9cembre 2016 \u00e0 Abidjan-Plateau \u00e0 l\u2019avenue Jean-Paul II. <!--more--><\/p>\n<p>Pour l\u2019\u00e9dition 2016, cette f\u00eate a \u00e9t\u00e9 c\u00e9l\u00e9br\u00e9e sous le signe des VIII\u00e8me jeux de la Francophonie d\u2019o\u00f9 l\u2019appellation \u00ab Abidjan capitale des 8\u00e8me jeux de la Francophonie \u00bb.<br \/>\nLa grande Chanceli\u00e8re Henriette Dagri Diabat\u00e9 qui repr\u00e9sentait la Premi\u00e8re Dame Dominique Ouattara, marraine traditionnelle de la f\u00eate de la lumi\u00e8re a f\u00e9licit\u00e9 le gouverneur du district d\u2019Abidjan Robert Beugr\u00e9 Mamb\u00e9 et son \u00e9quipe pour l\u2019initiative de c\u00e9l\u00e9brer la lumi\u00e8re. Elle a fait savoir que la c\u00e9l\u00e9bration de cette f\u00eate est devenue une tradition en C\u00f4te d\u2019Ivoire \u00ab s\u2019inscrivant dans la dur\u00e9e \u00bb, et ce depuis l\u2019arriv\u00e9e au pouvoir du Pr\u00e9sident de la R\u00e9publique Alassane Ouattara. La c\u00e9l\u00e9bration de lumi\u00e8res qui a la particularit\u00e9 de donner un visage attrayant et lumineux \u00e0 la ville d\u2019Abidjan au dire de la grande chanceli\u00e8re est surtout un moment de retrouvailles et de convivialit\u00e9 pour les Abidjanais.  Dans la mesure o\u00f9, ajoutera-t-elle,  le jour des festivit\u00e9s de la lumi\u00e8re, la marr\u00e9e humaine qui effectue le d\u00e9placement est compos\u00e9e aussi bien des adultes, jeunes, vieux, enfants de toutes les composantes de la soci\u00e9t\u00e9 ivoirienne. Mieux, l\u2019historienne a indiqu\u00e9 que \u00ab cette manifestation et un symbole, elle est la phase festive d\u2019un programme \u00bb, a expliqu\u00e9 la repr\u00e9sente de la Premi\u00e8re Dame. Ce programme ajoutera-t-elle, est un programme qui ambitionne de faire d\u2019Abidjan, la r\u00e9f\u00e9rence en Afrique \u00e0 travers l\u2019ambitieux programme annonc\u00e9  r\u00e9cemment par le Pr\u00e9sident de la R\u00e9publique pour un montant de 1000 milliards  de francs d\u2019investissements dans divers secteurs.<br \/>\nRobert Beugr\u00e9 Mamb\u00e9, Gouverneur du District Autonome d\u2019Abidjan et ministre aupr\u00e8s du Pr\u00e9sident de la R\u00e9publique charg\u00e9e des 8\u00e8me jeux de la Francophonie, a pr\u00e9sent\u00e9 les vertus de la lumi\u00e8re qui impactent positivement sur le quotidien des humains \u00e0 divers degr\u00e9s. \u00ab La lumi\u00e8re est un condens\u00e9 d\u2019\u00e9nergie, elle est aussi une th\u00e9rapie pour transformer les pens\u00e9es, les sentiments\u2026. La lumi\u00e8re est une invitation \u00e0 l\u2019action. Elle rassemble tous les humains \u00bb, a fait savoir le ministre. Il a traduit la volont\u00e9 de faire d\u2019Abidjan la premi\u00e8re ville lumi\u00e8re d\u2019Afrique. Aussi, il a annonc\u00e9 un investissement de 2 milliards FCFA dans la capitale \u00e9conomique dans le cadre des 8\u00e8me jeux de la Francophonie \u00e0 travers un planting d\u2019arbres pour faire d\u2019Abidjan \u00ab la perle des verdures \u00bb.<br \/>\nNotons que ce sapin a une dimension de 30m et a \u00e9t\u00e9 con\u00e7u au terme de 1000 heures de travail, selon Dao Mamadou, commissaire g\u00e9n\u00e9ral du festival.<br \/>\nDurant un mois, l\u2019a\u00e9roport F\u00e9lix Houphou\u00ebt-Boigny, le carrefour Solibra, les deux ponts, l\u2019h\u00f4tel du District Autonome d\u2019Abidjan, la cit\u00e9 administrative au Plateau, et le carrefour Saint-Jean de Cocody sont entre autres les sites qui seront illumin\u00e9s avec en toile un focus sp\u00e9cial sur les 8\u00e8me jeux de la Francophonie.<\/p>\n<p>Ernest Famin<\/p>\n","protected":false},"excerpt":{"rendered":"<p>La 6\u00e8me \u00e9dition d\u2019Abidjan, perle de lumi\u00e8res a \u00e9t\u00e9 lanc\u00e9e officiellement le lundi 19 d\u00e9cembre 2016 \u00e0 Abidjan-Plateau \u00e0 l\u2019avenue Jean-Paul II.<\/p>\n","protected":false},"author":2,"featured_media":1973,"comment_status":"closed","ping_status":"closed","sticky":false,"template":"","format":"standard","meta":{"_monsterinsights_skip_tracking":false,"_monsterinsights_sitenote_active":false,"_monsterinsights_sitenote_note":"","_monsterinsights_sitenote_category":0,"footnotes":""},"categories":[3],"tags":[],"class_list":["post-1972","post","type-post","status-publish","format-standard","has-post-thumbnail","hentry","category-societe"],"_links":{"self":[{"href":"https:\/\/www.lintelligentdabidjan.info\/news\/wp-json\/wp\/v2\/posts\/1972","targetHints":{"allow":["GET"]}}],"collection":[{"href":"https:\/\/www.lintelligentdabidjan.info\/news\/wp-json\/wp\/v2\/posts"}],"about":[{"href":"https:\/\/www.lintelligentdabidjan.info\/news\/wp-json\/wp\/v2\/types\/post"}],"author":[{"embeddable":true,"href":"https:\/\/www.lintelligentdabidjan.info\/news\/wp-json\/wp\/v2\/users\/2"}],"replies":[{"embeddable":true,"href":"https:\/\/www.lintelligentdabidjan.info\/news\/wp-json\/wp\/v2\/comments?post=1972"}],"version-history":[{"count":1,"href":"https:\/\/www.lintelligentdabidjan.info\/news\/wp-json\/wp\/v2\/posts\/1972\/revisions"}],"predecessor-version":[{"id":1974,"href":"https:\/\/www.lintelligentdabidjan.info\/news\/wp-json\/wp\/v2\/posts\/1972\/revisions\/1974"}],"wp:featuredmedia":[{"embeddable":true,"href":"https:\/\/www.lintelligentdabidjan.info\/news\/wp-json\/wp\/v2\/media\/1973"}],"wp:attachment":[{"href":"https:\/\/www.lintelligentdabidjan.info\/news\/wp-json\/wp\/v2\/media?parent=1972"}],"wp:term":[{"taxonomy":"category","embeddable":true,"href":"https:\/\/www.lintelligentdabidjan.info\/news\/wp-json\/wp\/v2\/categories?post=1972"},{"taxonomy":"post_tag","embeddable":true,"href":"https:\/\/www.lintelligentdabidjan.info\/news\/wp-json\/wp\/v2\/tags?post=1972"}],"curies":[{"name":"wp","href":"https:\/\/api.w.org\/{rel}","templated":true}]}}