{"id":19730,"date":"2020-03-12T01:02:13","date_gmt":"2020-03-12T00:02:13","guid":{"rendered":"https:\/\/www.lintelligentdabidjan.info\/news\/?p=19730"},"modified":"2020-03-12T01:02:13","modified_gmt":"2020-03-12T00:02:13","slug":"ambassadeur-de-lue-a-abidjan-jobst-von-kirchmann-le-president-ouattara-aurait-pu-dire-quil-fera-un-troisieme-mandat","status":"publish","type":"post","link":"https:\/\/www.lintelligentdabidjan.info\/news\/ambassadeur-de-lue-a-abidjan-jobst-von-kirchmann-le-president-ouattara-aurait-pu-dire-quil-fera-un-troisieme-mandat\/","title":{"rendered":"Ambassadeur de l\u2019UE \u00e0 Abidjan &#8211; Jobst Von Kirchmann : \u201cLe Pr\u00e9sident Ouattara aurait pu dire qu\u2019il fera un troisi\u00e8me mandat \u201d"},"content":{"rendered":"<p><em><strong>Le Press-club de l\u2019Union nationale des journalistes de C\u00f4te d\u2019Ivoire avait pour invit\u00e9, le mardi 10 mars 2020, l\u2019ambassadeur de l\u2019Union europ\u00e9enne en C\u00f4te d\u2019Ivoire, SE Jobst Von Kirchmann.<\/strong><\/em><\/p>\n<p>\u00ab Pr\u00e9sidentielle apais\u00e9e en C\u00f4te d\u2019Ivoire : la contribution de l\u2019Union europ\u00e9enne \u00bb. C\u2019est autour de ce th\u00e8me que le premier invit\u00e9 de l\u2019ann\u00e9e 2020 du Press-club de l\u2019UNJCI a ax\u00e9 son intervention. La C\u00f4te d\u2019Ivoire \u00e9tant en ann\u00e9e \u00e9lectorale, Jobst Von Kirchmann a d\u00e9voil\u00e9 les actions qui seront men\u00e9es par l\u2019Union europ\u00e9enne dans le cadre de l\u2019\u00e9lection pr\u00e9sidentielle du 31 octobre 2020 : \u00ab Le gouvernement ivoirien nous demande une observation \u00e9lectorale, nous ferons cette observation \u00e9lectorale apr\u00e8s une mission d\u2019\u00e9valuation qui aura lieu en juin 2020. C\u2019est cela notre contribution active, en tant que partenaire, pour le bon d\u00e9roulement de l\u2019\u00e9lection \u00bb. L\u2019annonce du Pr\u00e9sident Ouattara de ne pas briguer un autre mandat en 2020 a \u00e9t\u00e9 comment\u00e9e ainsi par le chef de l\u2019Union europ\u00e9enne en C\u00f4te d\u2019Ivoire : \u00ab Il y a ceux qui disent le Pr\u00e9sident Ouattara a respect\u00e9 la Constitution, il y en a aussi qui disent que la Constitution de la III\u00e8me R\u00e9publique lui permettait d\u2019\u00eatre candidat. Il a pris une d\u00e9cision qui a donn\u00e9 un signal d\u2019apaisement, avec l\u2019ajout d\u2019un nouveau membre \u00e0 la commission centrale de la CEI. Il aurait pu dire qu\u2019il fera un troisi\u00e8me mandat, mais il a donn\u00e9 un signal. Est-ce que les autres aussi ont un signal ? Nous sommes entr\u00e9s dans une logique o\u00f9 quelqu\u2019un donne quelque chose, ma question c\u2019est, qu\u2019est-ce que les autres donnent ? Cette d\u00e9cision a donn\u00e9 un message, au-del\u00e0 de la C\u00f4te d\u2019Ivoire, \u00e0 l\u2019Afrique de l\u2019Ouest,, en Afrique et \u00e0 l\u2019\u00e9chelle mondiale (\u2026) Dans l\u2019histoire de la C\u00f4te d\u2019Ivoire, cela veut dire c\u2019est la premi\u00e8re fois qu\u2019un Pr\u00e9sident sortant va passer le pouvoir \u00e0 un autre. C\u2019est un signal positif et m\u00eame si on veut interpr\u00e9ter la d\u00e9cision du Pr\u00e9sident Ouattara, \u00e7a reste un signal positif, un signal d\u00e9mocratique \u00bb. L\u2019ambassadeur de l\u2019Union europ\u00e9enne a aussi \u00e9voqu\u00e9 ses relations avec les acteurs politiques, notamment les membres du gouvernement, le pr\u00e9sident Henri Konan B\u00e9di\u00e9, Pascal Affi N\u2019guessan\u2026 : \u00ab Nous sommes en contact tr\u00e8s r\u00e9guliers avec tous les acteurs. C\u2019est un principe que nous avons et je le fais syst\u00e9matiquement. J\u2019ai vu le pr\u00e9sident B\u00e9di\u00e9 plusieurs fois, Mamadou Koulibaly pour avoir une id\u00e9e de la vision  de chacun. Nous nous parlons tr\u00e8s ouvertement \u00bb.<\/p>\n<p><strong>OD<\/strong><\/p>\n","protected":false},"excerpt":{"rendered":"<p>Le Press-club de l\u2019Union nationale des journalistes de C\u00f4te d\u2019Ivoire avait pour invit\u00e9, le mardi 10 mars 2020, l\u2019ambassadeur de l\u2019Union europ\u00e9enne en C\u00f4te d\u2019Ivoire, SE Jobst Von Kirchmann. \u00ab Pr\u00e9sidentielle apais\u00e9e en C\u00f4te d\u2019Ivoire : la contribution de l\u2019Union europ\u00e9enne \u00bb. C\u2019est autour de ce th\u00e8me que le premier invit\u00e9 de l\u2019ann\u00e9e 2020 du [&hellip;]<\/p>\n","protected":false},"author":3,"featured_media":19731,"comment_status":"closed","ping_status":"closed","sticky":false,"template":"","format":"standard","meta":{"_monsterinsights_skip_tracking":false,"_monsterinsights_sitenote_active":false,"_monsterinsights_sitenote_note":"","_monsterinsights_sitenote_category":0,"footnotes":""},"categories":[2,17],"tags":[],"class_list":["post-19730","post","type-post","status-publish","format-standard","has-post-thumbnail","hentry","category-featured","category-politique"],"_links":{"self":[{"href":"https:\/\/www.lintelligentdabidjan.info\/news\/wp-json\/wp\/v2\/posts\/19730","targetHints":{"allow":["GET"]}}],"collection":[{"href":"https:\/\/www.lintelligentdabidjan.info\/news\/wp-json\/wp\/v2\/posts"}],"about":[{"href":"https:\/\/www.lintelligentdabidjan.info\/news\/wp-json\/wp\/v2\/types\/post"}],"author":[{"embeddable":true,"href":"https:\/\/www.lintelligentdabidjan.info\/news\/wp-json\/wp\/v2\/users\/3"}],"replies":[{"embeddable":true,"href":"https:\/\/www.lintelligentdabidjan.info\/news\/wp-json\/wp\/v2\/comments?post=19730"}],"version-history":[{"count":1,"href":"https:\/\/www.lintelligentdabidjan.info\/news\/wp-json\/wp\/v2\/posts\/19730\/revisions"}],"predecessor-version":[{"id":19732,"href":"https:\/\/www.lintelligentdabidjan.info\/news\/wp-json\/wp\/v2\/posts\/19730\/revisions\/19732"}],"wp:featuredmedia":[{"embeddable":true,"href":"https:\/\/www.lintelligentdabidjan.info\/news\/wp-json\/wp\/v2\/media\/19731"}],"wp:attachment":[{"href":"https:\/\/www.lintelligentdabidjan.info\/news\/wp-json\/wp\/v2\/media?parent=19730"}],"wp:term":[{"taxonomy":"category","embeddable":true,"href":"https:\/\/www.lintelligentdabidjan.info\/news\/wp-json\/wp\/v2\/categories?post=19730"},{"taxonomy":"post_tag","embeddable":true,"href":"https:\/\/www.lintelligentdabidjan.info\/news\/wp-json\/wp\/v2\/tags?post=19730"}],"curies":[{"name":"wp","href":"https:\/\/api.w.org\/{rel}","templated":true}]}}