{"id":19841,"date":"2020-03-18T16:32:35","date_gmt":"2020-03-18T15:32:35","guid":{"rendered":"https:\/\/www.lintelligentdabidjan.info\/news\/?p=19841"},"modified":"2020-03-18T16:56:04","modified_gmt":"2020-03-18T15:56:04","slug":"asalfo-demande-pardon-et-precisema-famille-bel-et-bien-en-quarantaine-covid-19injs","status":"publish","type":"post","link":"https:\/\/www.lintelligentdabidjan.info\/news\/asalfo-demande-pardon-et-precisema-famille-bel-et-bien-en-quarantaine-covid-19injs\/","title":{"rendered":"Asalfo demande pardon et pr\u00e9cise:\u00abma famille bel et bien en quarantaine\u00bb (Covid 19,Injs)"},"content":{"rendered":"<p><em><strong>Rencontr\u00e9 en d\u00e9but d\u2019apr\u00e8s-midi du 18 mars 2020 \u00e0 Abidjan , l\u2019artiste Asalfo a pr\u00e9sent\u00e9 aux populations ivoiriennes des excuses, pour avoir laiss\u00e9 son instinct paternel prendre le dessus sur les mesures de confinement pour une p\u00e9riode de deux semaines, des passagers des vols venant des pays ayant au moins 100 personnes atteintes de la maladie \u00e0 coronavirus 2019, Covid19.<\/strong><\/em><br \/>\n<em><br \/>\n\u00ab Je suis sinc\u00e8rement d\u00e9sol\u00e9 pour ce qui arrive. J\u2019ai un r\u00e9el sentiment de culpabilit\u00e9 de m\u2019\u00eatre d\u00e9solidaris\u00e9 en mettant ma famille en quarantaine hors de l\u2019INJS. Je pr\u00e9sente mes excuses pour cela. <\/p>\n<p>Toutefois, je rassure l\u2019opinion publique que ma famille est bel et bien en quarantaine, une quarantaine  suivie par un m\u00e9decin. <\/p>\n<p>En cette p\u00e9riode difficile, j\u2019ai une pens\u00e9e pour toutes les personnes infect\u00e9es. Que Dieu les assiste \u00bb<\/em>, a-t-il confess\u00e9.<\/p>\n<p>Sa r\u00e9action faisait suite \u00e0 une s\u00e9rie de commentaires n\u00e9gatifs apr\u00e8s la vid\u00e9o faite en direct la veille 17 mars 2020 par un  voyageur confin\u00e9 \u00e0 l\u2019Injs , en la personne du r\u00e9v\u00e9rend Wilfried Zahui. <\/p>\n<p><img loading=\"lazy\" decoding=\"async\" src=\"https:\/\/www.lintelligentdabidjan.info\/news\/wp-content\/uploads\/2020\/03\/fofo-300x235.jpg\" alt=\"fofo\" width=\"300\" height=\"235\" class=\"alignnone size-medium wp-image-19846\" srcset=\"https:\/\/www.lintelligentdabidjan.info\/news\/wp-content\/uploads\/2020\/03\/fofo-300x235.jpg 300w, https:\/\/www.lintelligentdabidjan.info\/news\/wp-content\/uploads\/2020\/03\/fofo-768x601.jpg 768w, https:\/\/www.lintelligentdabidjan.info\/news\/wp-content\/uploads\/2020\/03\/fofo-1024x801.jpg 1024w, https:\/\/www.lintelligentdabidjan.info\/news\/wp-content\/uploads\/2020\/03\/fofo-696x545.jpg 696w, https:\/\/www.lintelligentdabidjan.info\/news\/wp-content\/uploads\/2020\/03\/fofo-1068x836.jpg 1068w, https:\/\/www.lintelligentdabidjan.info\/news\/wp-content\/uploads\/2020\/03\/fofo-537x420.jpg 537w, https:\/\/www.lintelligentdabidjan.info\/news\/wp-content\/uploads\/2020\/03\/fofo.jpg 1080w\" sizes=\"auto, (max-width: 300px) 100vw, 300px\" \/><\/p>\n<p>Celui-ci se plaignait du fait qu\u2019\u00e0 la descente d\u2019avion de retour de la France, un groupe de passagers comprenant des membres de la famille du chanteur \u00e0 succ\u00e8s Asalfo, de cadres et personnalit\u00e9s ivoiriennes , ou des membres de leur famille, de l\u2019international de l\u2019\u00e9quipe de football, Max Gradel, aient librement regagn\u00e9 leur domicile, au m\u00e9pris des mesures de confinement sur le site de l\u2019Injs, pour une p\u00e9riode d\u2019observation de 14 jours. <\/p>\n<p><strong><br \/>\nClaude Dass\u00e9 <\/strong><\/p>\n","protected":false},"excerpt":{"rendered":"<p>Rencontr\u00e9 en d\u00e9but d\u2019apr\u00e8s-midi du 18 mars 2020 \u00e0 Abidjan , l\u2019artiste Asalfo a pr\u00e9sent\u00e9 aux populations ivoiriennes des excuses, pour avoir laiss\u00e9 son instinct paternel prendre le dessus sur les mesures de confinement pour une p\u00e9riode de deux semaines, des passagers des vols venant des pays ayant au moins 100 personnes atteintes de la [&hellip;]<\/p>\n","protected":false},"author":3,"featured_media":19842,"comment_status":"closed","ping_status":"closed","sticky":false,"template":"","format":"standard","meta":{"_monsterinsights_skip_tracking":false,"_monsterinsights_sitenote_active":false,"_monsterinsights_sitenote_note":"","_monsterinsights_sitenote_category":0,"footnotes":""},"categories":[2,1],"tags":[],"class_list":["post-19841","post","type-post","status-publish","format-standard","has-post-thumbnail","hentry","category-featured","category-actualites"],"_links":{"self":[{"href":"https:\/\/www.lintelligentdabidjan.info\/news\/wp-json\/wp\/v2\/posts\/19841","targetHints":{"allow":["GET"]}}],"collection":[{"href":"https:\/\/www.lintelligentdabidjan.info\/news\/wp-json\/wp\/v2\/posts"}],"about":[{"href":"https:\/\/www.lintelligentdabidjan.info\/news\/wp-json\/wp\/v2\/types\/post"}],"author":[{"embeddable":true,"href":"https:\/\/www.lintelligentdabidjan.info\/news\/wp-json\/wp\/v2\/users\/3"}],"replies":[{"embeddable":true,"href":"https:\/\/www.lintelligentdabidjan.info\/news\/wp-json\/wp\/v2\/comments?post=19841"}],"version-history":[{"count":6,"href":"https:\/\/www.lintelligentdabidjan.info\/news\/wp-json\/wp\/v2\/posts\/19841\/revisions"}],"predecessor-version":[{"id":19849,"href":"https:\/\/www.lintelligentdabidjan.info\/news\/wp-json\/wp\/v2\/posts\/19841\/revisions\/19849"}],"wp:featuredmedia":[{"embeddable":true,"href":"https:\/\/www.lintelligentdabidjan.info\/news\/wp-json\/wp\/v2\/media\/19842"}],"wp:attachment":[{"href":"https:\/\/www.lintelligentdabidjan.info\/news\/wp-json\/wp\/v2\/media?parent=19841"}],"wp:term":[{"taxonomy":"category","embeddable":true,"href":"https:\/\/www.lintelligentdabidjan.info\/news\/wp-json\/wp\/v2\/categories?post=19841"},{"taxonomy":"post_tag","embeddable":true,"href":"https:\/\/www.lintelligentdabidjan.info\/news\/wp-json\/wp\/v2\/tags?post=19841"}],"curies":[{"name":"wp","href":"https:\/\/api.w.org\/{rel}","templated":true}]}}