{"id":19917,"date":"2020-03-22T15:55:19","date_gmt":"2020-03-22T14:55:19","guid":{"rendered":"https:\/\/www.lintelligentdabidjan.info\/news\/?p=19917"},"modified":"2020-03-22T17:34:17","modified_gmt":"2020-03-22T16:34:17","slug":"max-gradel-confine-a-linjs-ce-qua-dit-le-dg-de-linstitut-habib-sanogo-covid-19-cote-divoire-factchecking","status":"publish","type":"post","link":"https:\/\/www.lintelligentdabidjan.info\/news\/max-gradel-confine-a-linjs-ce-qua-dit-le-dg-de-linstitut-habib-sanogo-covid-19-cote-divoire-factchecking\/","title":{"rendered":"Max Gradel confin\u00e9 \u00e0 l\u2019Injs ? Ce qu\u2019a dit le DG de l\u2019institut, Habib Sanogo  (Covid 19, C\u00f4te d\u2019Ivoire, FactChecking)"},"content":{"rendered":"<p><em><strong>L\u2019IA est parti aux nouvelles dimanche 22 mars 2020, suite \u00e0 un post de First magazine, une page \u00e0 forte audience sur Facebook, indiquant ceci : \u00ab MAX GRADEL se met en quarantaine injustement accus\u00e9 d\u2019avoir refus\u00e9 de se mettre en quarantaine, le footballeur international Max Gradel s\u2019est mis volontairement en quarantaine \u00e0 l\u2019INJS.Un bel exemple d\u2019humilit\u00e9 \u00bb.<\/strong><\/em><\/p>\n<p>Contact\u00e9 \u00e0 ce sujet , Habib Sanogo, Dg de l\u2019institut national de la jeunesse et des sports ( Injs) , a confirm\u00e9 : <em>\u00ab On a re\u00e7u les derniers vols hier. Jusque-l\u00e0 nous n\u2019avons pas re\u00e7u officiellement de consigne de confinement des gens. Toutefois Max Gradel qui \u00e9tait dans les premiers vols est venu hier nuit de lui-m\u00eame pour se conformer aux mesures sanitaires. On attend que les agents sanitaires arrivent pour l&#8217;examiner puis voir s&#8217;il rentre ou reste \u00bb<\/em>. <\/p>\n<p>Un peu plus t\u00f4t, sur place \u00e0 l\u2019Injs , nous avons rencontr\u00e9 des agents de police qui ont pourtant dit n\u2019\u00eatre pas inform\u00e9s de l\u2019arriv\u00e9e, encore moins de la pr\u00e9sence de l\u2019international de football, au sein de l\u2019Injs.<\/p>\n<p>Selon eux, l\u2019Injs est ferm\u00e9 depuis le 17 Mars 2020 , et les \u00e9tudiants sont rentr\u00e9s chez eux, avec l\u2019impossibilit\u00e9 d\u2019acc\u00e8s aux chambres, alors que l\u2019image de First Magazine illustrant le post laisse entendre que Max Gradel est dans une des chambres de l\u2019\u00e9tablissement.<\/p>\n<p>Les agents de police ont m\u00eame assur\u00e9 avoir re\u00e7u l\u2019ordre de ne laisser personne rentrer \u00e0 l\u2019Injs jusqu\u2019\u00e0 nouvel ordre, ajoutant qu\u2019il n\u2019est pas possible d\u2019y acc\u00e9der actuellement.<\/p>\n<p>Contact\u00e9e un peu plus t\u00f4t, une source au sein de l\u2019\u00e9quipe de First Mag avait affirm\u00e9 pourtant s\u2019\u00eatre rendue elle-m\u00eame sur les lieux pour v\u00e9rifier; et avait ajout\u00e9 que le joueur est bel et bien l\u00e0-bas. Selon la source, le joueur a contact\u00e9 les responsables de l\u2019institut , qui l\u2019ont autoris\u00e9 \u00e0 y rester quelques jours.<\/p>\n<p>\u00c9galement interrog\u00e9s plut\u00f4t , deux membres du gouvernement avaient invit\u00e9 \u00e0 joindre les responsables de l\u2019Injs. <\/p>\n<p>Le lendemain de ce qui s\u2019\u00e9tait pass\u00e9  \u00e0 l\u2019Injs dans le cadre du confinement institutionnel initialement d\u00e9cid\u00e9, les autorit\u00e9s ivoiriennes avait pris l\u2019option du confinement \u00e0 domicile sous surveillance.<\/p>\n<p>Depuis lors, et dans l\u2019attente de la fermeture de toutes les fronti\u00e8res et de toutes les voies d\u2019acc\u00e8s \u00e0 la C\u00f4te d\u2019Ivoire, ce dimanche 22 mars 2020, les voyageurs font simplement un d\u00e9tour \u00e0 l\u2019Injs pour une seconde prise de temp\u00e9rature, avant de rentrer chez eux, en vue d\u2019un auto confinement, comme les jours qui ont pr\u00e9c\u00e9d\u00e9 les incidents de l\u2019\u00e9pisode du confinement institutionnel avort\u00e9, puis suspendu.<\/p>\n<p>Avant l\u2019alerte relative \u00e0 Max Gradel, l\u2019artiste Asalfo et l\u2019ex ministre Adama Bictogo, avaient exprim\u00e9 leurs regrets et pr\u00e9sent\u00e9 des excuses \u00e0 l\u2019opinion publique nationale , suite \u00e0 la pr\u00e9sence des membres de leur famille, parmi les voyageurs ayant pu contourner le dispositif du premier jour relatif au confinement institutionnel, avant que celui-ci soit abandonn\u00e9 et r\u00e9adapt\u00e9, comme indiqu\u00e9 plus haut.<\/p>\n<p><strong>Charles K avec Mohamed Konat\u00e9<\/strong><\/p>\n","protected":false},"excerpt":{"rendered":"<p>L\u2019IA est parti aux nouvelles dimanche 22 mars 2020, suite \u00e0 un post de First magazine, une page \u00e0 forte audience sur Facebook, indiquant ceci : \u00ab MAX GRADEL se met en quarantaine injustement accus\u00e9 d\u2019avoir refus\u00e9 de se mettre en quarantaine, le footballeur international Max Gradel s\u2019est mis volontairement en quarantaine \u00e0 l\u2019INJS.Un bel [&hellip;]<\/p>\n","protected":false},"author":3,"featured_media":19918,"comment_status":"closed","ping_status":"closed","sticky":false,"template":"","format":"standard","meta":{"_monsterinsights_skip_tracking":false,"_monsterinsights_sitenote_active":false,"_monsterinsights_sitenote_note":"","_monsterinsights_sitenote_category":0,"footnotes":""},"categories":[2,3],"tags":[],"class_list":["post-19917","post","type-post","status-publish","format-standard","has-post-thumbnail","hentry","category-featured","category-societe"],"_links":{"self":[{"href":"https:\/\/www.lintelligentdabidjan.info\/news\/wp-json\/wp\/v2\/posts\/19917","targetHints":{"allow":["GET"]}}],"collection":[{"href":"https:\/\/www.lintelligentdabidjan.info\/news\/wp-json\/wp\/v2\/posts"}],"about":[{"href":"https:\/\/www.lintelligentdabidjan.info\/news\/wp-json\/wp\/v2\/types\/post"}],"author":[{"embeddable":true,"href":"https:\/\/www.lintelligentdabidjan.info\/news\/wp-json\/wp\/v2\/users\/3"}],"replies":[{"embeddable":true,"href":"https:\/\/www.lintelligentdabidjan.info\/news\/wp-json\/wp\/v2\/comments?post=19917"}],"version-history":[{"count":9,"href":"https:\/\/www.lintelligentdabidjan.info\/news\/wp-json\/wp\/v2\/posts\/19917\/revisions"}],"predecessor-version":[{"id":19933,"href":"https:\/\/www.lintelligentdabidjan.info\/news\/wp-json\/wp\/v2\/posts\/19917\/revisions\/19933"}],"wp:featuredmedia":[{"embeddable":true,"href":"https:\/\/www.lintelligentdabidjan.info\/news\/wp-json\/wp\/v2\/media\/19918"}],"wp:attachment":[{"href":"https:\/\/www.lintelligentdabidjan.info\/news\/wp-json\/wp\/v2\/media?parent=19917"}],"wp:term":[{"taxonomy":"category","embeddable":true,"href":"https:\/\/www.lintelligentdabidjan.info\/news\/wp-json\/wp\/v2\/categories?post=19917"},{"taxonomy":"post_tag","embeddable":true,"href":"https:\/\/www.lintelligentdabidjan.info\/news\/wp-json\/wp\/v2\/tags?post=19917"}],"curies":[{"name":"wp","href":"https:\/\/api.w.org\/{rel}","templated":true}]}}