{"id":20081,"date":"2020-03-30T12:58:14","date_gmt":"2020-03-30T10:58:14","guid":{"rendered":"https:\/\/www.lintelligentdabidjan.info\/news\/?p=20081"},"modified":"2020-03-30T13:03:41","modified_gmt":"2020-03-30T11:03:41","slug":"covid-19-lheure-est-grave-ou-lappel-direct-de-bictogo-aux-acteurs-politiques-guikahue-assoa-adou-mme-gbagbo-ouegnin-affi-cote-divoireagboville","status":"publish","type":"post","link":"https:\/\/www.lintelligentdabidjan.info\/news\/covid-19-lheure-est-grave-ou-lappel-direct-de-bictogo-aux-acteurs-politiques-guikahue-assoa-adou-mme-gbagbo-ouegnin-affi-cote-divoireagboville\/","title":{"rendered":"Covid 19: l\u2019heure est grave ou l\u2019appel direct de Bictogo aux acteurs politiques (Guikahu\u00e9, Assoa Adou, Mme Gbagbo, Ou\u00e9gnin, Affi, C\u00f4te d\u2019Ivoire,Agboville)"},"content":{"rendered":"<p><em><strong>Le d\u00e9put\u00e9 d\u2019Agboville commune, Adama Bictogo a fait un don de mat\u00e9riels hygi\u00e9niques et de num\u00e9raire aux populations d&#8217;une valeur de 65 millions de francs cfa, dimanche 29 mars 2020. Cette action, le fils d&#8217;Agboville la veut apolitique et d\u00e9sint\u00e9ress\u00e9e de toute volont\u00e9 partisane. <\/strong><\/em><br \/>\n<em><br \/>\n\u00ab Je ne suis pas ici pour faire la politique. Je ne suis pas venu rencontrer les militants du Rhdp. Je suis venu rencontrer mes parents d&#8217;Agboville. Je suis venu parce que l&#8217;heure est grave et que nous nous devons d&#8217;\u00eatre solidaires. Je suis venu \u00e0 la suite du gouvernement vous apporter mon soutien. Nos populations doivent sentir que nous sommes l\u00e0 pour elles \u00e0 tous moments. Et aujourd&#8217;hui c&#8217;est le cas. Cette maladie nous impose d&#8217;\u00eatre solidaires . Il n&#8217;y a pas de place pour les actes isol\u00e9s et politiques. Il n&#8217;y a pas de place pour l&#8217;orgueil et les calculs politiques en cette p\u00e9riode. Il faut \u00eatre solidaire tout simplement. Et je suis l\u00e0 en tant que fils d&#8217;Agboville pour apporter ma solidarit\u00e9 \u00e0 mes parents\u00bb<\/em>, a assur\u00e9 Adama Bictogo.<\/p>\n<p>\u00c0 ses h\u00f4tes conduits par Siandou Coulibaly, pr\u00e9fet de la r\u00e9gion de l&#8217;Agneby-Tiassa, pr\u00e9fet du d\u00e9partement d&#8217;Agboville, dont des \u00e9lus, cadres, chefs de communaut\u00e9s et de tribus, Adama Bictogo a rappel\u00e9 que la lutte contre cet adversaire doit se faire dans l&#8217;union sacr\u00e9e de concert avec les religieux, les chefs traditionnels et des communaut\u00e9s, mais surtout avec les hommes politiques. <\/p>\n<p>Il a lanc\u00e9 un appel direct \u00e0 tous les autres acteurs politiques : <em>\u00ab D&#8217;ici, je lance un appel \u00e0 mes fr\u00e8res Georges Armand Ou\u00e9gnin, Maurice Kakou Guikahu\u00e9, Simone Gbagbo, Affi N&#8217;guessan, et \u00e0 tous les autres, \u00e0 mener bataille ensemble loin de la politique  contre cet adversaire qui nous menace tous. Il est temps qu&#8217;on arr\u00eate tout pour nos populations. Le temps est venu que cessent toutes nos querelles et nos divergences pour r\u00e9fl\u00e9chir ensembles afin de venir \u00e0 bout de cette maladie. L&#8217;heure est grave, et cette situation est plus importante que ce qui nous divise \u00bb<\/em>. <\/p>\n<p><img loading=\"lazy\" decoding=\"async\" src=\"https:\/\/www.lintelligentdabidjan.info\/news\/wp-content\/uploads\/2020\/03\/lave-300x202.jpg\" alt=\"lave\" width=\"300\" height=\"202\" class=\"alignnone size-medium wp-image-20084\" srcset=\"https:\/\/www.lintelligentdabidjan.info\/news\/wp-content\/uploads\/2020\/03\/lave-300x202.jpg 300w, https:\/\/www.lintelligentdabidjan.info\/news\/wp-content\/uploads\/2020\/03\/lave-625x420.jpg 625w, https:\/\/www.lintelligentdabidjan.info\/news\/wp-content\/uploads\/2020\/03\/lave.jpg 653w\" sizes=\"auto, (max-width: 300px) 100vw, 300px\" \/><\/p>\n<p>Il a invit\u00e9  les jeunes \u00e0 s&#8217;impliquer dans la sensibilisation dans le respect strict des consignes \u00e9dict\u00e9es par le gouvernement, en ces termes : <em>\u00ab Aux jeunes et femmes, je vous mets en mission aupr\u00e8s des parents dans les communaut\u00e9s. Il faut veiller aux respects des consignes donn\u00e9es par le minist\u00e8re de la sant\u00e9. Lavons-nous les mains r\u00e9guli\u00e8rement. C&#8217;est \u00e0 cela que doit servir tout ce mat\u00e9riel que nous donnons aujourd&#8217;hui \u00bb<\/em>.<\/p>\n<p>Plusieurs lots de dons ( d\u2019une valeur de 65 millions Fcfa) compos\u00e9 de bassines pour  lavage de mains,  des bassines \u00e0 robinet , des seaux ordinaires, des nattes et divers autres objets devant servir \u00e0 la lutte pr\u00e9ventive contre la pand\u00e9mie et du num\u00e9raire, ont \u00e9t\u00e9 remis aux diff\u00e9rents repr\u00e9sentants toutes les communaut\u00e9s et couches sociales qui se sont succ\u00e9d\u00e9 par vagues de cinquante. Bictogo Adama a annonc\u00e9 d&#8217;autres actions les jours \u00e0 venir de concert avec des cadres et fils de la r\u00e9gion de l\u2019Agneby.<\/p>\n<p><strong><br \/>\nCK avec Sercom  <\/strong><\/p>\n","protected":false},"excerpt":{"rendered":"<p>Le d\u00e9put\u00e9 d\u2019Agboville commune, Adama Bictogo a fait un don de mat\u00e9riels hygi\u00e9niques et de num\u00e9raire aux populations d&#8217;une valeur de 65 millions de francs cfa, dimanche 29 mars 2020. Cette action, le fils d&#8217;Agboville la veut apolitique et d\u00e9sint\u00e9ress\u00e9e de toute volont\u00e9 partisane. \u00ab Je ne suis pas ici pour faire la politique. Je [&hellip;]<\/p>\n","protected":false},"author":3,"featured_media":20082,"comment_status":"closed","ping_status":"closed","sticky":false,"template":"","format":"standard","meta":{"_monsterinsights_skip_tracking":false,"_monsterinsights_sitenote_active":false,"_monsterinsights_sitenote_note":"","_monsterinsights_sitenote_category":0,"footnotes":""},"categories":[2,1],"tags":[],"class_list":["post-20081","post","type-post","status-publish","format-standard","has-post-thumbnail","hentry","category-featured","category-actualites"],"_links":{"self":[{"href":"https:\/\/www.lintelligentdabidjan.info\/news\/wp-json\/wp\/v2\/posts\/20081","targetHints":{"allow":["GET"]}}],"collection":[{"href":"https:\/\/www.lintelligentdabidjan.info\/news\/wp-json\/wp\/v2\/posts"}],"about":[{"href":"https:\/\/www.lintelligentdabidjan.info\/news\/wp-json\/wp\/v2\/types\/post"}],"author":[{"embeddable":true,"href":"https:\/\/www.lintelligentdabidjan.info\/news\/wp-json\/wp\/v2\/users\/3"}],"replies":[{"embeddable":true,"href":"https:\/\/www.lintelligentdabidjan.info\/news\/wp-json\/wp\/v2\/comments?post=20081"}],"version-history":[{"count":4,"href":"https:\/\/www.lintelligentdabidjan.info\/news\/wp-json\/wp\/v2\/posts\/20081\/revisions"}],"predecessor-version":[{"id":20087,"href":"https:\/\/www.lintelligentdabidjan.info\/news\/wp-json\/wp\/v2\/posts\/20081\/revisions\/20087"}],"wp:featuredmedia":[{"embeddable":true,"href":"https:\/\/www.lintelligentdabidjan.info\/news\/wp-json\/wp\/v2\/media\/20082"}],"wp:attachment":[{"href":"https:\/\/www.lintelligentdabidjan.info\/news\/wp-json\/wp\/v2\/media?parent=20081"}],"wp:term":[{"taxonomy":"category","embeddable":true,"href":"https:\/\/www.lintelligentdabidjan.info\/news\/wp-json\/wp\/v2\/categories?post=20081"},{"taxonomy":"post_tag","embeddable":true,"href":"https:\/\/www.lintelligentdabidjan.info\/news\/wp-json\/wp\/v2\/tags?post=20081"}],"curies":[{"name":"wp","href":"https:\/\/api.w.org\/{rel}","templated":true}]}}