{"id":2024,"date":"2016-12-23T10:57:25","date_gmt":"2016-12-23T09:57:25","guid":{"rendered":"http:\/\/www.lintelligentdabidjan.info\/news\/?p=2024"},"modified":"2016-12-23T10:57:25","modified_gmt":"2016-12-23T09:57:25","slug":"reforme-des-pensions-de-retraite-civiles-abinan-et-dosso-moussa-lancent-un-dialogue-social-avec-les-syndicats-des-agents-de-letat","status":"publish","type":"post","link":"https:\/\/www.lintelligentdabidjan.info\/news\/reforme-des-pensions-de-retraite-civiles-abinan-et-dosso-moussa-lancent-un-dialogue-social-avec-les-syndicats-des-agents-de-letat\/","title":{"rendered":"R\u00e9forme des pensions de retraite civiles : Abinan et Dosso Moussa lancent un dialogue social avec les syndicats des agents de l\u2019Etat"},"content":{"rendered":"<p>En pr\u00e9lude au forum de dialogue social qui sera bient\u00f4t organis\u00e9 en C\u00f4te d\u2019Ivoire, le ministre de la Fonction publique et de la R\u00e9forme de l\u2019administration a ouvert, le mercredi 21 d\u00e9cembre 2016 au si\u00e8ge de l\u2019Ips-Cgrae de la Rivi\u00e9ra Attoban, un pr\u00e9-atelier r\u00e9unissant les syndicats de fonctionnaires et agents de l\u2019Etat.<!--more--><\/p>\n<p> Ce pr\u00e9-atelier qui s\u2019est achev\u00e9 le jeudi 22 d\u00e9cembre, visait \u00e0 permettre aux diff\u00e9rents acteurs (Etat, Ips-Cgrae et syndicats) de lever toutes les incompr\u00e9hensions et trouver des solutions idoines en vue d\u2019am\u00e9liorer la r\u00e9forme des pensions de retraites civiles. \u00ab Nous sommes tous des retrait\u00e9s potentiels, c\u2019est pourquoi nous devons \u00eatre dans les meilleures dispositions pour am\u00e9liorer ce qu\u2019il faut. Les propositions que vous ferez seront analys\u00e9es par le gouvernement en vue de p\u00e9renniser le syst\u00e8me des retraites en C\u00f4te d\u2019Ivoire \u00bb, disait le ministre Abinan Kouakou Pascal \u00e0 l\u2019ouverture de ce pr\u00e9-atelier. Au terme de leurs travaux, les participants \u00e0 ce pr\u00e9-atelier ont soumis leurs recommandations aux repr\u00e9sentants du gouvernement, \u00e0 savoir les directeurs de cabinet des ministres Dosso Moussa (Emploi et Protection sociale) et Pascal Kouakou Abinan (Fonction publique et R\u00e9forme de l\u2019administration). N\u2019go Bakayoko, directeur de cabinet du ministre Dosso Moussa a annonc\u00e9 qu\u2019un comit\u00e9 interminist\u00e9riel, compos\u00e9 des repr\u00e9sentants des minist\u00e8res en charge de l\u2019Economie et de Finances et du Budget, de m\u00eame que les repr\u00e9sentants des syndicats de fonctionnaires et agents de l\u2019Etat sera mis en place pour analyser chacune des r\u00e9solutions adopt\u00e9es lors de ce pr\u00e9-atelier, au regard aussi de leur impact financier. Il a assur\u00e9 que le gouvernement reste ouvert au dialogue pour une bonne mise en \u0153uvre de la r\u00e9forme des pensions de retraite civiles institu\u00e9e par l\u2019ordonnance n\u00b02012- 303 du 4 avril 2012 et son d\u00e9cret d\u2019application n\u00b0 2012- 367 du 18 avril 2012. <\/p>\n<p>O.D<\/p>\n","protected":false},"excerpt":{"rendered":"<p>En pr\u00e9lude au forum de dialogue social qui sera bient\u00f4t organis\u00e9 en C\u00f4te d\u2019Ivoire, le ministre de la Fonction publique et de la R\u00e9forme de l\u2019administration a ouvert, le mercredi 21 d\u00e9cembre 2016 au si\u00e8ge de l\u2019Ips-Cgrae de la Rivi\u00e9ra Attoban, un pr\u00e9-atelier r\u00e9unissant les syndicats de fonctionnaires et agents de l\u2019Etat.<\/p>\n","protected":false},"author":2,"featured_media":2025,"comment_status":"closed","ping_status":"closed","sticky":false,"template":"","format":"standard","meta":{"_monsterinsights_skip_tracking":false,"_monsterinsights_sitenote_active":false,"_monsterinsights_sitenote_note":"","_monsterinsights_sitenote_category":0,"footnotes":""},"categories":[2,17],"tags":[],"class_list":["post-2024","post","type-post","status-publish","format-standard","has-post-thumbnail","hentry","category-featured","category-politique"],"_links":{"self":[{"href":"https:\/\/www.lintelligentdabidjan.info\/news\/wp-json\/wp\/v2\/posts\/2024","targetHints":{"allow":["GET"]}}],"collection":[{"href":"https:\/\/www.lintelligentdabidjan.info\/news\/wp-json\/wp\/v2\/posts"}],"about":[{"href":"https:\/\/www.lintelligentdabidjan.info\/news\/wp-json\/wp\/v2\/types\/post"}],"author":[{"embeddable":true,"href":"https:\/\/www.lintelligentdabidjan.info\/news\/wp-json\/wp\/v2\/users\/2"}],"replies":[{"embeddable":true,"href":"https:\/\/www.lintelligentdabidjan.info\/news\/wp-json\/wp\/v2\/comments?post=2024"}],"version-history":[{"count":1,"href":"https:\/\/www.lintelligentdabidjan.info\/news\/wp-json\/wp\/v2\/posts\/2024\/revisions"}],"predecessor-version":[{"id":2026,"href":"https:\/\/www.lintelligentdabidjan.info\/news\/wp-json\/wp\/v2\/posts\/2024\/revisions\/2026"}],"wp:featuredmedia":[{"embeddable":true,"href":"https:\/\/www.lintelligentdabidjan.info\/news\/wp-json\/wp\/v2\/media\/2025"}],"wp:attachment":[{"href":"https:\/\/www.lintelligentdabidjan.info\/news\/wp-json\/wp\/v2\/media?parent=2024"}],"wp:term":[{"taxonomy":"category","embeddable":true,"href":"https:\/\/www.lintelligentdabidjan.info\/news\/wp-json\/wp\/v2\/categories?post=2024"},{"taxonomy":"post_tag","embeddable":true,"href":"https:\/\/www.lintelligentdabidjan.info\/news\/wp-json\/wp\/v2\/tags?post=2024"}],"curies":[{"name":"wp","href":"https:\/\/api.w.org\/{rel}","templated":true}]}}