{"id":20273,"date":"2020-04-10T14:20:59","date_gmt":"2020-04-10T12:20:59","guid":{"rendered":"https:\/\/www.lintelligentdabidjan.info\/news\/?p=20273"},"modified":"2020-04-11T20:25:51","modified_gmt":"2020-04-11T18:25:51","slug":"son-frere-didier-decede-de-covid-19-en-france-david-monsoh-lance-un-message-bblack-tv-cote-divoire","status":"publish","type":"post","link":"https:\/\/www.lintelligentdabidjan.info\/news\/son-frere-didier-decede-de-covid-19-en-france-david-monsoh-lance-un-message-bblack-tv-cote-divoire\/","title":{"rendered":"Son fr\u00e8re Didier d\u00e9c\u00e8de de Covid 19 en France, David Monsoh lance un message  (Bblack TV, C\u00f4te d\u2019Ivoire)"},"content":{"rendered":"<p><em><strong>Didier Monsoh, fr\u00e8re du c\u00e9l\u00e8bre producteur d\u2019artistes et patron de Bblack TV est d\u00e9c\u00e9d\u00e9 en France, vendredi 10 avril 2020, de Covid 19.<\/strong><\/em><\/p>\n<p>D\u00e9clar\u00e9 positif depuis un mois environ, Didier avait ensuite plong\u00e9 dans le coma . Malgr\u00e9 les soins intensifs, il n\u2019a pas pu \u00eatre ramen\u00e9 \u00e0 la vie, au grand dam des proches et de la famille.<\/p>\n<p>Contact\u00e9, David Monsoh s\u2019est montr\u00e9 digne face \u00e0 la triste nouvelle, et a lanc\u00e9 cet appel au public :<em> \u00ab Cette maladie ( Coronavirus 2019, Ndlr ) est une r\u00e9alit\u00e9. Il faut vraiment que chacun se prot\u00e8ge, et prot\u00e8ge les autres en respectant les mesures barri\u00e8res \u00e9dict\u00e9es. Que le Tout puissant nous donne la force  de surmonter l\u2019\u00e9preuve ! \u00bb.<\/em><\/p>\n<p>Les obs\u00e8ques auront lieu, selon les prescriptions en vigueur en ce moment en France,<\/p>\n<p>L&#8217;enterrement pr\u00e9vu pour le vendredi 17 avril 2020 .<\/p>\n<p><strong>Charles K <\/strong><\/p>\n","protected":false},"excerpt":{"rendered":"<p>Didier Monsoh, fr\u00e8re du c\u00e9l\u00e8bre producteur d\u2019artistes et patron de Bblack TV est d\u00e9c\u00e9d\u00e9 en France, vendredi 10 avril 2020, de Covid 19. D\u00e9clar\u00e9 positif depuis un mois environ, Didier avait ensuite plong\u00e9 dans le coma . Malgr\u00e9 les soins intensifs, il n\u2019a pas pu \u00eatre ramen\u00e9 \u00e0 la vie, au grand dam des proches [&hellip;]<\/p>\n","protected":false},"author":3,"featured_media":20274,"comment_status":"closed","ping_status":"closed","sticky":false,"template":"","format":"standard","meta":{"_monsterinsights_skip_tracking":false,"_monsterinsights_sitenote_active":false,"_monsterinsights_sitenote_note":"","_monsterinsights_sitenote_category":0,"footnotes":""},"categories":[2,20,3],"tags":[],"class_list":["post-20273","post","type-post","status-publish","format-standard","has-post-thumbnail","hentry","category-featured","category-art-et-culture","category-societe"],"_links":{"self":[{"href":"https:\/\/www.lintelligentdabidjan.info\/news\/wp-json\/wp\/v2\/posts\/20273","targetHints":{"allow":["GET"]}}],"collection":[{"href":"https:\/\/www.lintelligentdabidjan.info\/news\/wp-json\/wp\/v2\/posts"}],"about":[{"href":"https:\/\/www.lintelligentdabidjan.info\/news\/wp-json\/wp\/v2\/types\/post"}],"author":[{"embeddable":true,"href":"https:\/\/www.lintelligentdabidjan.info\/news\/wp-json\/wp\/v2\/users\/3"}],"replies":[{"embeddable":true,"href":"https:\/\/www.lintelligentdabidjan.info\/news\/wp-json\/wp\/v2\/comments?post=20273"}],"version-history":[{"count":4,"href":"https:\/\/www.lintelligentdabidjan.info\/news\/wp-json\/wp\/v2\/posts\/20273\/revisions"}],"predecessor-version":[{"id":20293,"href":"https:\/\/www.lintelligentdabidjan.info\/news\/wp-json\/wp\/v2\/posts\/20273\/revisions\/20293"}],"wp:featuredmedia":[{"embeddable":true,"href":"https:\/\/www.lintelligentdabidjan.info\/news\/wp-json\/wp\/v2\/media\/20274"}],"wp:attachment":[{"href":"https:\/\/www.lintelligentdabidjan.info\/news\/wp-json\/wp\/v2\/media?parent=20273"}],"wp:term":[{"taxonomy":"category","embeddable":true,"href":"https:\/\/www.lintelligentdabidjan.info\/news\/wp-json\/wp\/v2\/categories?post=20273"},{"taxonomy":"post_tag","embeddable":true,"href":"https:\/\/www.lintelligentdabidjan.info\/news\/wp-json\/wp\/v2\/tags?post=20273"}],"curies":[{"name":"wp","href":"https:\/\/api.w.org\/{rel}","templated":true}]}}